{"id":1001,"date":"2018-12-27T21:57:03","date_gmt":"2018-12-28T00:57:03","guid":{"rendered":"https:\/\/revistaepocadigital.com.ar\/?p=1001"},"modified":"2018-12-27T21:57:03","modified_gmt":"2018-12-28T00:57:03","slug":"cuando-la-economia-del-hogar-se-resiente-siempre-el-primer-mostrador-es-el-municipio","status":"publish","type":"post","link":"https:\/\/revistaepocadigital.com.ar\/?p=1001","title":{"rendered":"&#8220;Cuando la econom\u00eda del hogar se resiente, siempre el primer mostrador es el municipio&#8221;."},"content":{"rendered":"<p><strong>2018 SE DESPIDE. A\u00d1O &#8220;INOLVIDABLE&#8221; SI LOS HABR\u00c1.<\/strong><!--more--><\/p>\n<p>\u00bfPara que te vamos a decir los <strong>motivos<\/strong>?, sobran!. Un 2018 donde deberemos preguntarnos, <strong>\u00a1que fue lo que no pas\u00f3!<\/strong>.<\/p>\n<p>Si nos abocamos a<strong> Exaltaci\u00f3n de la Cruz,<\/strong> en los distintos sectores lleg\u00f3 el tiempo de los <strong>balances y de trazar las perspectivas para un 2019 crucial.<\/strong> <strong>Adri\u00e1n S\u00e1nchez<\/strong>, el intendente, ha reflejado sus sensaciones desde su visi\u00f3n como funcionarios. y como pol\u00edtico al dialogar con EPOCA.<\/p>\n<p><em> &#8220;Hemos pasado un a\u00f1o muy particular, donde el municipio no fue ajeno a la situaci\u00f3n econ\u00f3mica del contexto, y eso result\u00f3 indiscutible. A tono con lo que pas\u00f3 en cada casa, a nosotros en el municipio, tambi\u00e9n nos subi\u00f3 el costo de los servicios e insumos, y eso se ha convertido en un problema grave. Sin embargo, y lo digo con orgullo, somos un municipio financieramente sano. No contra\u00edmos grandes deudas, y hemos pagado los sueldos en tiempo y forma. Incluso estamos haciendo un tremendo esfuerzo para que en 2019, los trabajadores puedan dar pelea a la inflaci\u00f3n&#8221;.<\/em><\/p>\n<p><em>&#8220;Cuando la econom\u00eda del hogar se resiente<\/em> -afirm\u00f3 <strong>S\u00e1nchez<\/strong>-,<em> siempre el primer mostrador es el municipio. Y nosotros tenemos <\/em><em>una mirada solidaria sobre esa situaci\u00f3n, <\/em>por lo q<em>ue tratamos de ayudar a todos los que tienen una urgencia importante. A veces hemos podido, otras veces nos super\u00f3, pero nadie se ha ido sin una solucion, y\u00a0 en efecto hemos duplicado casi la asistencia, porque hay familias que no la est\u00e1n pasando bien. En otros casos hemos hecho gestiones por cuestiones de salud, aunque no tan frecuentemente&#8221;.<\/em><\/p>\n<figure id=\"attachment_1009\" aria-describedby=\"caption-attachment-1009\" style=\"width: 960px\" class=\"wp-caption alignnone\"><img loading=\"lazy\" decoding=\"async\" class=\"size-full wp-image-1009\" src=\"https:\/\/revistaepocadigital.com.ar\/wp-content\/uploads\/2018\/12\/sanchez18b.jpg\" alt=\"\" width=\"960\" height=\"686\" srcset=\"https:\/\/revistaepocadigital.com.ar\/wp-content\/uploads\/2018\/12\/sanchez18b.jpg 960w, https:\/\/revistaepocadigital.com.ar\/wp-content\/uploads\/2018\/12\/sanchez18b-300x214.jpg 300w, https:\/\/revistaepocadigital.com.ar\/wp-content\/uploads\/2018\/12\/sanchez18b-768x549.jpg 768w, https:\/\/revistaepocadigital.com.ar\/wp-content\/uploads\/2018\/12\/sanchez18b-100x70.jpg 100w, https:\/\/revistaepocadigital.com.ar\/wp-content\/uploads\/2018\/12\/sanchez18b-696x497.jpg 696w, https:\/\/revistaepocadigital.com.ar\/wp-content\/uploads\/2018\/12\/sanchez18b-588x420.jpg 588w\" sizes=\"auto, (max-width: 960px) 100vw, 960px\" \/><figcaption id=\"caption-attachment-1009\" class=\"wp-caption-text\">El jefe comunal en un contexto complejo como el que rode\u00f3 a 2018, y ante un 2019 crucial para el futuro de la administraci\u00f3n que encabeza y el propio en el terreno pol\u00edtico.<\/figcaption><\/figure>\n<p>Afirm\u00f3 luego,<em> &#8220;hemos tomado la decisi\u00f3n y fue aprobado por el Concejo Deliberante, un aumento de sueldo considerable para el a\u00f1o 2019 y categorizaciones de los agentes municipales. Siempre digo que los que trabajamos para el Estado, tenemos que estar agradecidos de cobrar en tiempo y forma, cosa que en muchos casos no estuvo pasando&#8221;.<\/em><\/p>\n<p>Sobre el <strong>aumento de los salarios al personal municipal, S\u00e1nchez<\/strong> sostuvo conceptos opinables y porqu\u00e9 no controversiales, al dar a entender que representan los municipales el principal sector de la comunidad, dinamizador de la econom\u00eda exaltacruce\u00f1a,\u00a0 <em>&#8220;era una deuda que ten\u00edamos pendiente y la quer\u00edamos corregir. Al ver la inflaci\u00f3n del 2018, que iba a rondar el 45 por ciento, no pod\u00edamos menos que hacer un esfuerzo importante y ayudar al trabajador municipal. A los que piensan que fue un error, en todo caso que piensen <\/em><em>que es dinero que se va a gastar en el almac\u00e9n, la tienda o el comercio local. Es, en definitiva, un circulo virtuoso&#8221;.<\/em><\/p>\n<p>Acerca de lo que aguardaba para 2019, se consider\u00f3 el intendente <em>&#8220;esperando el a\u00f1o 2019, que va a ser un a\u00f1o cargado de pol\u00edtica, y eso desdibuja un poco la agenda cotidiana. En torno al municipio, la prioridad es seguir fortaleciendo el sistema de salud p\u00fablica, cabe destacar lo in\u00e9dito de la inversion que hemos realizado en el Hospital Municipal San Jos\u00e9, entre otras con la adquisici\u00f3n, instalaci\u00f3n y puesta en funciones del Servicio de Hemodinamia Cardiol\u00f3gica, siendo unos de los pocos lugares p\u00fablicos de la provincia, donde estos procedimientos de alta complejidad se realizan. Esto nos posiciona por decisi\u00f3n de la Zona V, en un hospital prestador de alta complejidad, lo que nos llena de orgullo para bien de la salud p\u00fablica, y la tranquilidad de los vecinos que pueden contar ahora con m\u00e9todos de diagn\u00f3sticos y tratamientos, que antes deb\u00edan efectuarse en zonas alejadas del distrito, con toda la dificultad que eso conlleva, y adem\u00e1s mejorando el factor tiempo que a veces hace la diferencia en algunas<\/em> <em>enfermedades cardiol\u00f3gicas&#8221;<\/em>.<\/p>\n<p>En relaci\u00f3n al tema de la <strong>salud<\/strong>, considerado central en la <strong>estrategia<\/strong> de la actual administraci\u00f3n municipal, y m\u00e1s a\u00fan al enfrentar un <strong>a\u00f1o electoral<\/strong> en el que se juega el destino de la actual gobierno comunal, el intendente dijo que se encontraban <em>&#8220;a la espera que las obras sociales, tanto Pami como Ioma, nos incluya como prestador para evitar el traslado de los pacientes que cuentan con esas coberturas, y de esa forma poder realizar las intervenciones en nuestro Hospital, porque sigue creciendo la demanda, en particular de aquellos que no pueden pagar la obra social o la prepaga&#8221;.<\/em><\/p>\n<p>Volvi\u00f3 en su <strong>balance<\/strong> de 2018, al <em>&#8220;fuerte aumento, del 50 por ciento, al sueldo de los municipales, y seguiremos brindando lo <\/em><em>mejor de nuestros polic\u00edas, para que no haya episodios de inseguridad. Es cierto que nos faltan m\u00f3viles y recursos, pero <\/em>trataremos de revertirlo&#8221;. Finalmente traz\u00f3 un panorama <strong>crudo<\/strong> sobre la concreci\u00f3n de <strong>obras p\u00fablicas<\/strong> en 2019 en el distrito, <em>&#8220;en esta materia no hay grandes anuncios, porque no hay manera de hacerlos. \u00bfC\u00f3mo podr\u00edamos hacer anuncios con la inflaci\u00f3n que <\/em><em>soportamos? En todo caso cuando est\u00e9n los recursos, concretaremos obras y punto. No vamos a hacer promesas de campa\u00f1a que despu\u00e9s no se puedan cumplir&#8221;.<\/em><\/p>\n<p>&nbsp;<\/p>\n<p>Fotos: prensa municipalidad.<\/p>\n","protected":false},"excerpt":{"rendered":"<p>2018 SE DESPIDE. A\u00d1O &#8220;INOLVIDABLE&#8221; SI LOS HABR\u00c1.<\/p>\n","protected":false},"author":3,"featured_media":1008,"comment_status":"open","ping_status":"open","sticky":false,"template":"","format":"standard","meta":{"footnotes":"","jetpack_publicize_message":"","jetpack_publicize_feature_enabled":true,"jetpack_social_post_already_shared":false,"jetpack_social_options":{"image_generator_settings":{"template":"highway","default_image_id":0,"font":"","enabled":false},"version":2}},"categories":[16],"tags":[105,37,59],"class_list":["post-1001","post","type-post","status-publish","format-standard","has-post-thumbnail","hentry","category-municipales","tag-balance-2018","tag-destacada","tag-intendente-sanchez"],"jetpack_publicize_connections":[],"jetpack_featured_media_url":"https:\/\/revistaepocadigital.com.ar\/wp-content\/uploads\/2018\/12\/sanche-ciclo-lec.jpg","jetpack_likes_enabled":true,"_links":{"self":[{"href":"https:\/\/revistaepocadigital.com.ar\/index.php?rest_route=\/wp\/v2\/posts\/1001","targetHints":{"allow":["GET"]}}],"collection":[{"href":"https:\/\/revistaepocadigital.com.ar\/index.php?rest_route=\/wp\/v2\/posts"}],"about":[{"href":"https:\/\/revistaepocadigital.com.ar\/index.php?rest_route=\/wp\/v2\/types\/post"}],"author":[{"embeddable":true,"href":"https:\/\/revistaepocadigital.com.ar\/index.php?rest_route=\/wp\/v2\/users\/3"}],"replies":[{"embeddable":true,"href":"https:\/\/revistaepocadigital.com.ar\/index.php?rest_route=%2Fwp%2Fv2%2Fcomments&post=1001"}],"version-history":[{"count":0,"href":"https:\/\/revistaepocadigital.com.ar\/index.php?rest_route=\/wp\/v2\/posts\/1001\/revisions"}],"wp:featuredmedia":[{"embeddable":true,"href":"https:\/\/revistaepocadigital.com.ar\/index.php?rest_route=\/wp\/v2\/media\/1008"}],"wp:attachment":[{"href":"https:\/\/revistaepocadigital.com.ar\/index.php?rest_route=%2Fwp%2Fv2%2Fmedia&parent=1001"}],"wp:term":[{"taxonomy":"category","embeddable":true,"href":"https:\/\/revistaepocadigital.com.ar\/index.php?rest_route=%2Fwp%2Fv2%2Fcategories&post=1001"},{"taxonomy":"post_tag","embeddable":true,"href":"https:\/\/revistaepocadigital.com.ar\/index.php?rest_route=%2Fwp%2Fv2%2Ftags&post=1001"}],"curies":[{"name":"wp","href":"https:\/\/api.w.org\/{rel}","templated":true}]}}