{"id":10029,"date":"2021-04-22T00:18:38","date_gmt":"2021-04-22T03:18:38","guid":{"rendered":"https:\/\/revistaepocadigital.com.ar\/?p=10029"},"modified":"2021-04-22T00:18:38","modified_gmt":"2021-04-22T03:18:38","slug":"cierran-un-sector-de-la-avenida-san-martin","status":"publish","type":"post","link":"https:\/\/revistaepocadigital.com.ar\/?p=10029","title":{"rendered":"Cierran un sector de la avenida San Mart\u00edn"},"content":{"rendered":"<div class=\"kvgmc6g5 cxmmr5t8 oygrvhab hcukyx3x c1et5uql ii04i59q\">\n<div dir=\"auto\"><strong>PRINCIPAL ARTERIA. ES POR OBRAS.<\/strong><\/p>\n<hr \/>\n<\/div>\n<div dir=\"auto\"><\/div>\n<\/div>\n<p><!--more--><\/p>\n<div class=\"o9v6fnle cxmmr5t8 oygrvhab hcukyx3x c1et5uql ii04i59q\">\n<div dir=\"auto\">Desde el pr\u00f3ximo lunes 26 de abril y por una semana, quedar\u00e1 cerrada una mano de la Avenida San Mart\u00edn, en Los Cardales, en el tramo que va desde la calle Lima hasta Rauch. All\u00ed se van a ejecutar trabajos de mantenimiento.<\/div>\n<div dir=\"auto\"><\/div>\n<\/div>\n<div class=\"o9v6fnle cxmmr5t8 oygrvhab hcukyx3x c1et5uql ii04i59q\">\n<div dir=\"auto\">La obra se ejecutar\u00e1 sobre la mano de salida hacia la Ruta 4, por lo que el tr\u00e1nsito en ese sentido ser\u00e1 derivado por la mano contraria, reduciendo la avenida a una sola direcci\u00f3n.<\/div>\n<\/div>\n<div class=\"o9v6fnle cxmmr5t8 oygrvhab hcukyx3x c1et5uql ii04i59q\">\n<div dir=\"auto\"><\/div>\n<div dir=\"auto\">Quienes ingresen a Los Cardales por Ruta 4, deber\u00e1n doblar en Los Jilgueros y continuar hasta Sargento Cabral. Desde all\u00ed podr\u00e1n acceder al centro de la localidad, o a la salida por De Luca<\/div>\n<\/div>\n","protected":false},"excerpt":{"rendered":"<p>PRINCIPAL ARTERIA. ES POR OBRAS.<\/p>\n","protected":false},"author":4,"featured_media":10030,"comment_status":"open","ping_status":"open","sticky":false,"template":"","format":"standard","meta":{"footnotes":"","jetpack_publicize_message":"","jetpack_publicize_feature_enabled":true,"jetpack_social_post_already_shared":false,"jetpack_social_options":{"image_generator_settings":{"template":"highway","default_image_id":0,"font":"","enabled":false},"version":2}},"categories":[4],"tags":[1324,344],"class_list":["post-10029","post","type-post","status-publish","format-standard","has-post-thumbnail","hentry","category-aqui-los-cardales","tag-av-san-martin","tag-obras"],"jetpack_publicize_connections":[],"jetpack_featured_media_url":"https:\/\/revistaepocadigital.com.ar\/wp-content\/uploads\/2021\/04\/174500076_294684508911819_4314604563702108826_n.jpg","jetpack_likes_enabled":true,"_links":{"self":[{"href":"https:\/\/revistaepocadigital.com.ar\/index.php?rest_route=\/wp\/v2\/posts\/10029","targetHints":{"allow":["GET"]}}],"collection":[{"href":"https:\/\/revistaepocadigital.com.ar\/index.php?rest_route=\/wp\/v2\/posts"}],"about":[{"href":"https:\/\/revistaepocadigital.com.ar\/index.php?rest_route=\/wp\/v2\/types\/post"}],"author":[{"embeddable":true,"href":"https:\/\/revistaepocadigital.com.ar\/index.php?rest_route=\/wp\/v2\/users\/4"}],"replies":[{"embeddable":true,"href":"https:\/\/revistaepocadigital.com.ar\/index.php?rest_route=%2Fwp%2Fv2%2Fcomments&post=10029"}],"version-history":[{"count":0,"href":"https:\/\/revistaepocadigital.com.ar\/index.php?rest_route=\/wp\/v2\/posts\/10029\/revisions"}],"wp:featuredmedia":[{"embeddable":true,"href":"https:\/\/revistaepocadigital.com.ar\/index.php?rest_route=\/wp\/v2\/media\/10030"}],"wp:attachment":[{"href":"https:\/\/revistaepocadigital.com.ar\/index.php?rest_route=%2Fwp%2Fv2%2Fmedia&parent=10029"}],"wp:term":[{"taxonomy":"category","embeddable":true,"href":"https:\/\/revistaepocadigital.com.ar\/index.php?rest_route=%2Fwp%2Fv2%2Fcategories&post=10029"},{"taxonomy":"post_tag","embeddable":true,"href":"https:\/\/revistaepocadigital.com.ar\/index.php?rest_route=%2Fwp%2Fv2%2Ftags&post=10029"}],"curies":[{"name":"wp","href":"https:\/\/api.w.org\/{rel}","templated":true}]}}