{"id":10039,"date":"2021-04-22T15:05:00","date_gmt":"2021-04-22T18:05:00","guid":{"rendered":"https:\/\/revistaepocadigital.com.ar\/?p=10039"},"modified":"2021-04-22T15:05:00","modified_gmt":"2021-04-22T18:05:00","slug":"la-pandemia-como-si-fuera-poco-tambien-afecta-mucho-la-salud-mental","status":"publish","type":"post","link":"https:\/\/revistaepocadigital.com.ar\/?p=10039","title":{"rendered":"La pandemia como si fuera poco, tambi\u00e9n afecta mucho la salud mental"},"content":{"rendered":"<div class=\"\" dir=\"auto\">\n<div id=\"jsc_c_14k\" class=\"ecm0bbzt hv4rvrfc ihqw7lf3 dati1w0a\" data-ad-comet-preview=\"message\" data-ad-preview=\"message\">\n<div class=\"j83agx80 cbu4d94t ew0dbk1b irj2b8pg\">\n<div class=\"qzhwtbm6 knvmm38d\">\n<div class=\"kvgmc6g5 cxmmr5t8 oygrvhab hcukyx3x c1et5uql ii04i59q\">\n<div dir=\"auto\"><strong>\u00bfQU\u00c9 ES LA INFODEMIA?<!--more--><\/strong><\/div>\n<\/div>\n<div dir=\"auto\"><\/div>\n<div class=\"o9v6fnle cxmmr5t8 oygrvhab hcukyx3x c1et5uql ii04i59q\">\n<div dir=\"auto\">Es el concepto que se utiliza para referirse a una cantidad excesiva de informaci\u00f3n \u2012en algunos casos correcta, en otros no\u2012 sobre un tema concreto como<strong> la actual pandemia,<\/strong> que dificulta que las personas encuentren fuentes confiables cuando las necesitan.<\/div>\n<div dir=\"auto\"><\/div>\n<div dir=\"auto\">En esta situaci\u00f3n aparecen en escena la <strong>desinformaci\u00f3n y los rumores<\/strong>, junto con la <strong>manipulaci\u00f3n<\/strong> de la informaci\u00f3n con intenciones<strong> dudosas.<\/strong> En la era de la informaci\u00f3n, este fen\u00f3meno se amplifica mediante las<strong> redes sociales<\/strong>, propag\u00e1ndose m\u00e1s lejos y m\u00e1s r\u00e1pido, como un <strong>virus.<\/strong><\/div>\n<\/div>\n<\/div>\n<\/div>\n<\/div>\n<\/div>\n<div dir=\"auto\"><\/div>\n<div dir=\"auto\"><img loading=\"lazy\" decoding=\"async\" class=\"aligncenter size-full wp-image-10042\" src=\"https:\/\/revistaepocadigital.com.ar\/wp-content\/uploads\/2021\/04\/176165359_4288034281249498_6632231366632125677_n.jpg\" alt=\"\" width=\"800\" height=\"800\" srcset=\"https:\/\/revistaepocadigital.com.ar\/wp-content\/uploads\/2021\/04\/176165359_4288034281249498_6632231366632125677_n.jpg 800w, https:\/\/revistaepocadigital.com.ar\/wp-content\/uploads\/2021\/04\/176165359_4288034281249498_6632231366632125677_n-300x300.jpg 300w, https:\/\/revistaepocadigital.com.ar\/wp-content\/uploads\/2021\/04\/176165359_4288034281249498_6632231366632125677_n-150x150.jpg 150w, https:\/\/revistaepocadigital.com.ar\/wp-content\/uploads\/2021\/04\/176165359_4288034281249498_6632231366632125677_n-768x768.jpg 768w, https:\/\/revistaepocadigital.com.ar\/wp-content\/uploads\/2021\/04\/176165359_4288034281249498_6632231366632125677_n-696x696.jpg 696w, https:\/\/revistaepocadigital.com.ar\/wp-content\/uploads\/2021\/04\/176165359_4288034281249498_6632231366632125677_n-420x420.jpg 420w\" sizes=\"auto, (max-width: 800px) 100vw, 800px\" \/><\/div>\n<div dir=\"auto\"><\/div>\n<div dir=\"auto\"><\/div>\n<div class=\"\" dir=\"auto\">\n<div id=\"jsc_c_14k\" class=\"ecm0bbzt hv4rvrfc ihqw7lf3 dati1w0a\" data-ad-comet-preview=\"message\" data-ad-preview=\"message\">\n<div class=\"j83agx80 cbu4d94t ew0dbk1b irj2b8pg\">\n<div class=\"qzhwtbm6 knvmm38d\">\n<div class=\"o9v6fnle cxmmr5t8 oygrvhab hcukyx3x c1et5uql ii04i59q\">\n<div dir=\"auto\">La sobre exposici\u00f3n a informaciones, provengan de fuentes confiables o no, pueden <strong>generar ansiedad, depresi\u00f3n, agobio, agotamiento emoci\u00f3n o sentimientos de incapacidad de satisfacci\u00f3n sobre necesidades importantes.<\/strong><\/div>\n<div dir=\"auto\"><\/div>\n<\/div>\n<div class=\"o9v6fnle cxmmr5t8 oygrvhab hcukyx3x c1et5uql ii04i59q\">\n<div dir=\"auto\">Por eso, recomiendan profesionales abocados a la salud mental, como en el caso de quienes integran tan sensible \u00e1rea en el municipio local,\u00a0 es fundamental romper este <strong>peligroso ciclo:<\/strong> la desinformaci\u00f3n aumenta al mismo ritmo que las modalidades de producci\u00f3n y distribuci\u00f3n de los contenidos. As\u00ed entonces, la <strong>propia infodemia acelera la desinformaci\u00f3n y hace que perdure. <\/strong><\/div>\n<div dir=\"auto\"><\/div>\n<div dir=\"auto\"><strong>Para tomarlo muy en cuenta, luego de m\u00e1s de un a\u00f1o en que el mundo, la Argentina y Exaltaci\u00f3n de la Cruz, padecen el rigor tremendo y tr\u00e1gico de una pandemia que contin\u00faa jaqueando a la humanidad.<\/strong><\/div>\n<\/div>\n<\/div>\n<\/div>\n<\/div>\n<\/div>\n","protected":false},"excerpt":{"rendered":"<p>\u00bfQU\u00c9 ES LA INFODEMIA?<\/p>\n","protected":false},"author":3,"featured_media":10043,"comment_status":"open","ping_status":"open","sticky":false,"template":"","format":"standard","meta":{"footnotes":"","jetpack_publicize_message":"","jetpack_publicize_feature_enabled":true,"jetpack_social_post_already_shared":false,"jetpack_social_options":{"image_generator_settings":{"template":"highway","default_image_id":0,"font":"","enabled":false},"version":2}},"categories":[13],"tags":[639,706],"class_list":["post-10039","post","type-post","status-publish","format-standard","has-post-thumbnail","hentry","category-interes-general","tag-pandemia","tag-salud-mental"],"jetpack_publicize_connections":[],"jetpack_featured_media_url":"https:\/\/revistaepocadigital.com.ar\/wp-content\/uploads\/2021\/04\/indice.jpg","jetpack_likes_enabled":true,"_links":{"self":[{"href":"https:\/\/revistaepocadigital.com.ar\/index.php?rest_route=\/wp\/v2\/posts\/10039","targetHints":{"allow":["GET"]}}],"collection":[{"href":"https:\/\/revistaepocadigital.com.ar\/index.php?rest_route=\/wp\/v2\/posts"}],"about":[{"href":"https:\/\/revistaepocadigital.com.ar\/index.php?rest_route=\/wp\/v2\/types\/post"}],"author":[{"embeddable":true,"href":"https:\/\/revistaepocadigital.com.ar\/index.php?rest_route=\/wp\/v2\/users\/3"}],"replies":[{"embeddable":true,"href":"https:\/\/revistaepocadigital.com.ar\/index.php?rest_route=%2Fwp%2Fv2%2Fcomments&post=10039"}],"version-history":[{"count":0,"href":"https:\/\/revistaepocadigital.com.ar\/index.php?rest_route=\/wp\/v2\/posts\/10039\/revisions"}],"wp:featuredmedia":[{"embeddable":true,"href":"https:\/\/revistaepocadigital.com.ar\/index.php?rest_route=\/wp\/v2\/media\/10043"}],"wp:attachment":[{"href":"https:\/\/revistaepocadigital.com.ar\/index.php?rest_route=%2Fwp%2Fv2%2Fmedia&parent=10039"}],"wp:term":[{"taxonomy":"category","embeddable":true,"href":"https:\/\/revistaepocadigital.com.ar\/index.php?rest_route=%2Fwp%2Fv2%2Fcategories&post=10039"},{"taxonomy":"post_tag","embeddable":true,"href":"https:\/\/revistaepocadigital.com.ar\/index.php?rest_route=%2Fwp%2Fv2%2Ftags&post=10039"}],"curies":[{"name":"wp","href":"https:\/\/api.w.org\/{rel}","templated":true}]}}