{"id":10055,"date":"2021-04-25T16:06:33","date_gmt":"2021-04-25T19:06:33","guid":{"rendered":"https:\/\/revistaepocadigital.com.ar\/?p=10055"},"modified":"2021-04-25T16:06:33","modified_gmt":"2021-04-25T19:06:33","slug":"benedetti-con-cambios-en-turismo-pista","status":"publish","type":"post","link":"https:\/\/revistaepocadigital.com.ar\/?p=10055","title":{"rendered":"Benedetti con cambios en Turismo Pista"},"content":{"rendered":"<div>\n<ul class=\"hd_n P_0 H_6D6F M_0 ir3_0 iy_h D_F ab_C\" tabindex=\"0\" role=\"menubar\" data-test-id=\"navigable-list\">\n<li class=\"G_e p_R\" role=\"menuitem\"><strong>NUEVO EQUIPO<\/strong>.<\/li>\n<\/ul>\n<\/div>\n<p><!--more--><\/p>\n<div class=\"X_6MGW\"><\/div>\n<div class=\"msg-body P_wpofO mq_AS\" data-test-id=\"message-view-body-content\">\n<div class=\"jb_0 X_6MGW N_6Fd5\">\n<div id=\"yiv9601037492\">\n<div>\n<p class=\"yiv9601037492MsoNormal\">Tras haber tomado la determinaci\u00f3n de no tomar parte de la pasada competencia, y comenzar a buscar alternativas para su continuidad deportiva, Juan Benedetti lleg\u00f3 a un acuerdo para incorporarse al equipo que conduce Gabriel Rodriguez, para seguir en la Clase 3 de Turismo Pista. Apuesta a completar la totalidad del a\u00f1o, con el objetivo de encontraro el salto de rendimiento que pretende del Toyota Etios de su propiedad.<\/p>\n<p class=\"yiv9601037492MsoNormal\">Al cambio de equipo, Benedetti le sum\u00f3 tambi\u00e9n la preparaci\u00f3n del motor a cargo de un nuevo motorista. Ser\u00e1 Sebasti\u00e1n Colombo quien se encargue, completando de esta manera la dupla de trabajo que acompa\u00f1ar\u00e1 al piloto de Capilla del Se\u00f1or en la nueva etapa deportiva a iniciar desde la fecha venidera.<\/p>\n<p class=\"yiv9601037492MsoNormal\"><strong><em>\u201cPrevio a la fecha pasada decidimos encarar un cambio deportivo; agradec\u00ed a Ariel Cano por todo el tiempo trabajando juntos, y desde la pr\u00f3xima fecha contaremos con la atenci\u00f3n de Gaby Rodriguez, a quien tambi\u00e9n agradezco por abrirme las puertas de la estructura, en esta nueva etapa que estaremos transitando, lo mismo para Sebasti\u00e1n Colombo por la motorizaci\u00f3n. El auto est\u00e1 siendo modificado, esperamos encontrar el rendimiento buscado para involucrarnos en los primeros planos en el resto de la temporada\u201d, <\/em><\/strong>indic\u00f3 Benedetti.<\/p>\n<\/div>\n<p>Foto portada: gentileza Fabi\u00e1n Cal\u00f3<\/p>\n<\/div>\n<\/div>\n<\/div>\n","protected":false},"excerpt":{"rendered":"<p>NUEVO EQUIPO.<\/p>\n","protected":false},"author":4,"featured_media":10095,"comment_status":"open","ping_status":"open","sticky":false,"template":"","format":"standard","meta":{"footnotes":"","jetpack_publicize_message":"","jetpack_publicize_feature_enabled":true,"jetpack_social_post_already_shared":false,"jetpack_social_options":{"image_generator_settings":{"template":"highway","default_image_id":0,"font":"","enabled":false},"version":2}},"categories":[9],"tags":[22,262],"class_list":["post-10055","post","type-post","status-publish","format-standard","has-post-thumbnail","hentry","category-deportes","tag-automovilismo","tag-benedetti"],"jetpack_publicize_connections":[],"jetpack_featured_media_url":"https:\/\/revistaepocadigital.com.ar\/wp-content\/uploads\/2021\/04\/benedetti-calo.jpg","jetpack_likes_enabled":true,"_links":{"self":[{"href":"https:\/\/revistaepocadigital.com.ar\/index.php?rest_route=\/wp\/v2\/posts\/10055","targetHints":{"allow":["GET"]}}],"collection":[{"href":"https:\/\/revistaepocadigital.com.ar\/index.php?rest_route=\/wp\/v2\/posts"}],"about":[{"href":"https:\/\/revistaepocadigital.com.ar\/index.php?rest_route=\/wp\/v2\/types\/post"}],"author":[{"embeddable":true,"href":"https:\/\/revistaepocadigital.com.ar\/index.php?rest_route=\/wp\/v2\/users\/4"}],"replies":[{"embeddable":true,"href":"https:\/\/revistaepocadigital.com.ar\/index.php?rest_route=%2Fwp%2Fv2%2Fcomments&post=10055"}],"version-history":[{"count":0,"href":"https:\/\/revistaepocadigital.com.ar\/index.php?rest_route=\/wp\/v2\/posts\/10055\/revisions"}],"wp:featuredmedia":[{"embeddable":true,"href":"https:\/\/revistaepocadigital.com.ar\/index.php?rest_route=\/wp\/v2\/media\/10095"}],"wp:attachment":[{"href":"https:\/\/revistaepocadigital.com.ar\/index.php?rest_route=%2Fwp%2Fv2%2Fmedia&parent=10055"}],"wp:term":[{"taxonomy":"category","embeddable":true,"href":"https:\/\/revistaepocadigital.com.ar\/index.php?rest_route=%2Fwp%2Fv2%2Fcategories&post=10055"},{"taxonomy":"post_tag","embeddable":true,"href":"https:\/\/revistaepocadigital.com.ar\/index.php?rest_route=%2Fwp%2Fv2%2Ftags&post=10055"}],"curies":[{"name":"wp","href":"https:\/\/api.w.org\/{rel}","templated":true}]}}