{"id":10069,"date":"2021-04-26T15:34:07","date_gmt":"2021-04-26T18:34:07","guid":{"rendered":"https:\/\/revistaepocadigital.com.ar\/?p=10069"},"modified":"2021-04-30T00:44:24","modified_gmt":"2021-04-30T03:44:24","slug":"el-crudo-testimonio-de-una-vecina-con-covid","status":"publish","type":"post","link":"https:\/\/revistaepocadigital.com.ar\/?p=10069","title":{"rendered":"EL CRUDO TESTIMONIO DE UNA VECINA CON COVID"},"content":{"rendered":"<p><strong>A LA MUJER LE CUESTA A\u00daN SALIR DE LO VIVIDO.<\/strong><!--more--><\/p>\n<p>El maldito Covid que siembra angustia, dolor, desolaci\u00f3n y muertes en el mundo, en Argentina no para de jaquear y de convertir al pa\u00eds en un oc\u00e9ano de preocupaci\u00f3n e incertidumbre.<\/p>\n<p>Exaltaci\u00f3n de la Cruz en su medidda, no es la excepci\u00f3n, la segunda ola pega fuerte y pone en jaque los denodados y valientes esfuerzos del \u00e1rea de salud del municipio y m\u00e9dicos, enfermeras, personal afectado a una lucha que parece no vislumbrar el final. Claudia de unos 40 a\u00f1os de edad, vive junto a su esposo y dos hijos cerca de una de las localidades del distrito, desde donde se traslada a diario a su trabajo en un comercio. Claudia (para preservarla, no mencionamos su apellido), ha padecido el Covid en carne propia, a\u00fan no se encuentra plenamente recuperada. La vecina habla con EPOCA, su relato, su vivencia padeciendo el virus la ha marcado, y lo transmite.<\/p>\n<p><em>&#8220;Sigo aterrada<\/em> -confiesa-,<em> el m\u00e9dico me dijo que me faltaban todav\u00eda unos d\u00edas para que pudiera tener el alta, le pasa lo mismo a uno de mis hijos que tiene 22 a\u00f1os y tambi\u00e9n se contagi\u00f3 y tuvimos que aislarnos en nuestra propia casa; por suerte tanto el como yo logramos ir recuper\u00e1ndonos. En cambio mi esposo todav\u00eda la pasa mal, con fiebre, un malestar muy fuerte y tomando un arsenal de medicamentos. La verdad, vivir esto no se lo regalo ni a mi peor enemigo, es terrible; y lo peor es que hay mucha gente que como no le toc\u00f3 pasarlo y tampoco a un ser querido o amigo, no toma consciencia. Y ojal\u00e1 que sigan vacunando por favor!, que haya vacunas para todos!&#8221;. <\/em>Ha pasado la vecina unas tres semanas en su casa, luego que le diagnosticaran que era positiva de Covid tras el hisopado practicado.<\/p>\n<p><strong>-\u00bfSabe como se produjo su contagio?, le pregunta EPOCA<\/strong>.<br \/>\n<em>-Mire, mi tema fue as\u00ed; yo iba al trabajo y reconozco, no cumpl\u00ed con todos los protocolos que hay, por ejemplo en donde trabajo me costaba estar siempre con el tapa bocas colocados, sent\u00eda que me quedaba sin aire para respirar! y me d\u00ed cuenta despu\u00e9s que met\u00ed la pata. Un d\u00eda hace poco, una compa\u00f1era de trabajo me dijo que desde esa ma\u00f1ana ten\u00eda s\u00edntomas, pero reci\u00e9n me lo dijo a la tarde despu\u00e9s de varias horas de trabajar juntas!. Bueno, cuando a ella la hisoparon le dio positivo, y a los dos d\u00edas empec\u00e9 yo a sentirme mal, aunque no tuve fiebre me agarr\u00f3 dolor de cabeza, molestias en la vista, dolor en todo el cuerpo, en la garganta y perd\u00ed el gusto y el olfato; me asust\u00e9 mucho y ni hablar cuando le pas\u00f3 lo mismo a uno de mis hijos como le dije. Yo estoy segura que me &#8220;pesqu\u00e9&#8221; el virus trabajando por lo que le coment\u00e9.<\/em><\/p>\n<p><strong>-\u00bfQue se le cruz\u00f3 por su mente en un momento as\u00ed?<\/strong><br \/>\n&#8211;<em>Ahh!, sent\u00ed mucha, mucha angustia, y para colmo con mi hijo tambi\u00e9n con lo mismo; viv\u00ed una sensaci\u00f3n espantosa, no se la regalo a nadie,aunque pase d\u00edas sin saber sin tenia el virus o no. Por eso a lo mejor esto que digo, le sirva a otras personas para que piensen y para que no les pase lo mismo. Piensen por favor!, en uno mismo, en sus familias!, esto del virus es re-grave, terrible. Y bueno, nos hisoparon, y despu\u00e9s de muchos d\u00edas dio positivo y como si faltara algo, a despu\u00e9s tambi\u00e9n mi esposo se contagi\u00f3.<\/em><\/p>\n<p><strong>-Se aisl\u00f3 en su casa.<\/strong><br \/>\n&#8211;<em>Y s\u00ed; no tengo otro lugar para ir, no ten\u00eda otro lugar, y as\u00ed hemos estado con mis hijos y mi marido. Ve?, ac\u00e1 habr\u00eda sido muy bueno que la municipalidad mantuviera ese lugar en Capillla donde pusieron camas cuando sali\u00f3 todo esto del virus, para los que no tenemos donde pasarla. \u00bfSi tuve alguien de la municipalidad que me fuera controlando?; s\u00ed, un m\u00e9dico que alguna vez no me respondi\u00f3 como esperaba, pero s\u00ed, han seguido mi caso, de mi hijo y otro doctor, controla a mi marido.<\/em><\/p>\n<p><strong>-\u00bfComo ha notado que se vive la pandemia en Exaltaci\u00f3n de la Cruz, en especial porque usted ha estado padeciendo el virus junto a parte de su familia?<\/strong><br \/>\n<em>-Le comento, el 10 de abril creo fu\u00ed a una sala de primeros auxilios, me sent\u00eda mal. Me atendieron muy bien pero bueno, la gente que estuvimos ah\u00ed esperando, estabamos todos amontonados afuera, sin distancia, esperando el hisopado. Yo adem\u00e1s me puse muy nerviosa, muy pocas veces en mi vida he estado enferma; despu\u00e9s que me hisoparon me mandaron a mi casa que queda retirada, y me tuve que volver caminando como hab\u00eda ido porque no tengo medios; pens\u00e9 que caminando a lo mejor pod\u00eda contagiar a alguien. Me dijo un vecino que la ambulancia no lleva a enfermos por este virus de m&#8230;, s\u00f3lo lleva a las enfermos que tienen el virus pero no pueden respirar. Y hay remises que no llevan a personas a una sala si se dan cuenta que uno puede tener coronavirus, dicen que no quieren joder a nadie y por eso no llevan a una persona que a lo mejor pueda tener coronavirus y tambi\u00e9n ha pasado en algunos trenes.<\/em><\/p>\n<p><strong>-Y una vez de vuelta a su hogar.<\/strong><br \/>\n<em>-Me dijeron los m\u00e9dicos que me atendieron que en 72 horas me iban a dar el resultado del hisopado, pero pasaron 5 d\u00edas, despu\u00e9s 10 d\u00edas y yo segu\u00ed con s\u00edntomas, aislada pero sin saber si ten\u00eda el virus o no. Pasamos unos d\u00edas muy feos mi hijo y yo, re-preocupados, angustiados, con miedo, sin saber nada. Y para colmo yo no pod\u00eda pedirle licencia al due\u00f1o del negocio donde trabajo porque no ten\u00eda el diagn\u00f3stico; me puse m\u00e1s nerviosa todav\u00eda, me dio que pensar que hasta pod\u00eda perder el trabajo, se me cay\u00f3 pelo, tuve stress; no s\u00e9, re-embromado todo. Ahora con mi hijo nos vamos recuperando de a poco, esperemos que tambi\u00e9n mi marido mejore. Es muy feo esta enfermedad, por eso nunca me cansar\u00e9 de decir a cualquiera, que se cuiden, que hagan caso a los m\u00e9dicos, que cumplan con eso de andar con barbijo y no estar con gente muy cerca y por favor que sigan vacunando. Lo que se vive es re-embromado, muy, muy jodido.<\/em><\/p>\n","protected":false},"excerpt":{"rendered":"<p>A LA MUJER LE CUESTA A\u00daN SALIR DE LO VIVIDO.<\/p>\n","protected":false},"author":4,"featured_media":10072,"comment_status":"open","ping_status":"open","sticky":false,"template":"","format":"standard","meta":{"footnotes":"","jetpack_publicize_message":"","jetpack_publicize_feature_enabled":true,"jetpack_social_post_already_shared":false,"jetpack_social_options":{"image_generator_settings":{"template":"highway","default_image_id":0,"font":"","enabled":false},"version":2}},"categories":[13],"tags":[761,752],"class_list":["post-10069","post","type-post","status-publish","format-standard","has-post-thumbnail","hentry","category-interes-general","tag-contagios","tag-covid"],"jetpack_publicize_connections":[],"jetpack_featured_media_url":"https:\/\/revistaepocadigital.com.ar\/wp-content\/uploads\/2021\/04\/images-1.jpg","jetpack_likes_enabled":true,"_links":{"self":[{"href":"https:\/\/revistaepocadigital.com.ar\/index.php?rest_route=\/wp\/v2\/posts\/10069","targetHints":{"allow":["GET"]}}],"collection":[{"href":"https:\/\/revistaepocadigital.com.ar\/index.php?rest_route=\/wp\/v2\/posts"}],"about":[{"href":"https:\/\/revistaepocadigital.com.ar\/index.php?rest_route=\/wp\/v2\/types\/post"}],"author":[{"embeddable":true,"href":"https:\/\/revistaepocadigital.com.ar\/index.php?rest_route=\/wp\/v2\/users\/4"}],"replies":[{"embeddable":true,"href":"https:\/\/revistaepocadigital.com.ar\/index.php?rest_route=%2Fwp%2Fv2%2Fcomments&post=10069"}],"version-history":[{"count":0,"href":"https:\/\/revistaepocadigital.com.ar\/index.php?rest_route=\/wp\/v2\/posts\/10069\/revisions"}],"wp:featuredmedia":[{"embeddable":true,"href":"https:\/\/revistaepocadigital.com.ar\/index.php?rest_route=\/wp\/v2\/media\/10072"}],"wp:attachment":[{"href":"https:\/\/revistaepocadigital.com.ar\/index.php?rest_route=%2Fwp%2Fv2%2Fmedia&parent=10069"}],"wp:term":[{"taxonomy":"category","embeddable":true,"href":"https:\/\/revistaepocadigital.com.ar\/index.php?rest_route=%2Fwp%2Fv2%2Fcategories&post=10069"},{"taxonomy":"post_tag","embeddable":true,"href":"https:\/\/revistaepocadigital.com.ar\/index.php?rest_route=%2Fwp%2Fv2%2Ftags&post=10069"}],"curies":[{"name":"wp","href":"https:\/\/api.w.org\/{rel}","templated":true}]}}