{"id":10079,"date":"2021-04-22T00:59:56","date_gmt":"2021-04-22T03:59:56","guid":{"rendered":"https:\/\/revistaepocadigital.com.ar\/?p=10079"},"modified":"2021-04-30T00:40:46","modified_gmt":"2021-04-30T03:40:46","slug":"la-muerte-del-ministro-de-transporte-mario-meoni-en-un-accidente-en-giles","status":"publish","type":"post","link":"https:\/\/revistaepocadigital.com.ar\/?p=10079","title":{"rendered":"La muerte del ministro de transporte, Mario Meoni, en un accidente en Giles"},"content":{"rendered":"<div class=\"lay --apertura\">\n<div class=\"row\">\n<div class=\"col-12\">\n<h6 class=\"com-title --threexl\"><strong><span style=\"font-size: 27px;\">EL ACCIDENTE OCURRI\u00d3 EN EL KM 112 DE LA RUTA 7.<\/span><\/strong><\/h6>\n<\/div>\n<\/div>\n<\/div>\n<p><!--more--><\/p>\n<div class=\"lay-sidebar\">\n<div class=\"sidebar__main\">\n<div class=\"row\">\n<div class=\"col-12 \"><span class=\"mod-date\"><time class=\"com-date --twoxs\" datetime=\"24 de abril de 2021\">El funcionario ten\u00eda 56 a\u00f1os, volc\u00f3 con su auto un Ford Mondeo, en el que viajaba solo. <\/time><\/span><strong>Mario Meoni muri\u00f3 en un accidente <\/strong>mientras viajaba rumbo a Jun\u00edn, tal como confirmaron por fuentes oficiales a\u00a0<strong>LA NACION<\/strong>. El accidente, que termin\u00f3 con su vida, ocurri\u00f3 cerca de las 22.30 (23\/4) en la ruta 7, kil\u00f3metro 112, a la altura de San Andr\u00e9s de Giles.<\/div>\n<\/div>\n<section class=\"cuerpo__nota\">\n<div class=\"row\">\n<div class=\"col-deskxl-10 offset-deskxl-1 col-desksm-11\">\n<div class=\"row\">\n<div class=\"col-12\">\n<p class=\"com-paragraph --s\">El ministro, referente del Frente Renovador, hab\u00eda viajado a Santa Fe junto al presidente Alberto Fern\u00e1ndez y particip\u00f3 all\u00ed de diversas reuniones. De esta manera, poco antes del incidente, hab\u00eda celebrado en Twitter la firma de convenios con el gobernador Omar Perotti para realizar 6 obras necesarias en la provincia con una inversi\u00f3n nacional de $918.639.458.<\/p>\n<div class=\"mod-banner --middle_1_dsk\">\n<div id=\"middle_1_dsk\" class=\"com-banner\" data-google-query-id=\"CNn99Zv8lfACFekJuQYdeGEOdQ\">\n<div id=\"google_ads_iframe_\/133919216\/la_nacion_desktop\/Nota\/middle_1_dsk_0__container__\"><\/div>\n<\/div>\n<\/div>\n<div>\n<section class=\"mod-media --zoom \" role=\"button\">\n<figure class=\"mod-figure --horizontal\" role=\"button\"><picture class=\"mod-picture \"><source srcset=\"https:\/\/resizer.glanacion.com\/resizer\/R7t2wha1C32B7T0v4EhNul2WnPQ=\/879x0\/filters:quality(80)\/cloudfront-us-east-1.images.arcpublishing.com\/lanacionar\/KXKEU4IKRBDXLFTB4AQ4BHO2QI.jpeg\" media=\"(min-width: 1280px)\" \/><source srcset=\"https:\/\/resizer.glanacion.com\/resizer\/OUWOKGQL66xy9URoXLr1I0PqPP4=\/690x0\/filters:quality(80)\/cloudfront-us-east-1.images.arcpublishing.com\/lanacionar\/KXKEU4IKRBDXLFTB4AQ4BHO2QI.jpeg\" media=\"(min-width: 1024px)\" \/><source srcset=\"https:\/\/resizer.glanacion.com\/resizer\/iaGQnDM3ONGOS1S7-sadlFJbVQs=\/768x0\/filters:quality(80)\/cloudfront-us-east-1.images.arcpublishing.com\/lanacionar\/KXKEU4IKRBDXLFTB4AQ4BHO2QI.jpeg\" media=\"(min-width: 768px)\" \/><source srcset=\"https:\/\/resizer.glanacion.com\/resizer\/_avtrglaxMcZ-kLgHrype7hT3_w=\/350x0\/filters:quality(80)\/cloudfront-us-east-1.images.arcpublishing.com\/lanacionar\/KXKEU4IKRBDXLFTB4AQ4BHO2QI.jpeg\" media=\"(min-width: 360px)\" \/><source srcset=\"https:\/\/resizer.glanacion.com\/resizer\/8gw7dFYauyS_0IrwJ4WPUUof5ZI=\/310x0\/filters:quality(80)\/cloudfront-us-east-1.images.arcpublishing.com\/lanacionar\/KXKEU4IKRBDXLFTB4AQ4BHO2QI.jpeg\" media=\"(min-width: 320px)\" \/><img loading=\"lazy\" decoding=\"async\" class=\"com-image \" src=\"https:\/\/resizer.glanacion.com\/resizer\/iaGQnDM3ONGOS1S7-sadlFJbVQs=\/768x0\/filters:quality(80)\/cloudfront-us-east-1.images.arcpublishing.com\/lanacionar\/KXKEU4IKRBDXLFTB4AQ4BHO2QI.jpeg\" alt=\"Meoni junto al Presidente, hoy, en Rosario\" width=\"1024\" height=\"683\" \/><\/picture><figcaption class=\"mod-figcaption\"><span class=\"com-text --caption --twoxs\">Meoni junto al Presidente, el viernes (23\/4) en Rosario<\/span><\/figcaption><\/figure>\n<\/section>\n<\/div>\n<p class=\"com-paragraph --s\"><strong>Meoni manejaba un Ford Mondeo: un veh\u00edculo oficial Ministerio de Transporte de la Naci\u00f3n y de Trenes Argentinos<\/strong>.<\/p>\n<p class=\"com-paragraph --s\">El presidente Alberto Fern\u00e1ndez conmovido expres\u00f3 en su cuenta de la red social Twitter, \u201ccon mucha tristeza recib\u00ed la ingrata noticia del fallecimiento de Mario Meoni, ministro de Transporte de nuestro Gobierno. Con \u00e9l perdemos a un pol\u00edtico cabal, incansable y honesto. Un funcionario ejemplar. Con sincero pesar acompa\u00f1o a quienes como yo lo han querido y respetado\u201d. Tambi\u00e9n otros pol\u00edticos expresaron su pesar.<\/p>\n<div class=\"com-embed --twitter\">\n<div class=\"twitter-tweet twitter-tweet-rendered\"><iframe id=\"twitter-widget-0\" class=\"\" title=\"Twitter Tweet\" src=\"https:\/\/platform.twitter.com\/embed\/Tweet.html?dnt=false&amp;embedId=twitter-widget-0&amp;features=eyJ0ZndfZXhwZXJpbWVudHNfY29va2llX2V4cGlyYXRpb24iOnsiYnVja2V0IjoxMjA5NjAwLCJ2ZXJzaW9uIjpudWxsfSwidGZ3X2hvcml6b25fdHdlZXRfZW1iZWRfOTU1NSI6eyJidWNrZXQiOiJodGUiLCJ2ZXJzaW9uIjpudWxsfX0%3D&amp;frame=false&amp;hideCard=false&amp;hideThread=false&amp;id=1385791000870887425&amp;lang=es&amp;origin=https%3A%2F%2Fwww.lanacion.com.ar%2Fpolitica%2Fmurio-el-ministro-de-transporte-mario-meoni-en-un-accidente-de-transito-nid23042021%2F&amp;sessionId=6e4fa4abe738389672770351f6cd4ab3693c3ae8&amp;theme=light&amp;widgetsVersion=ff2e7cf%3A1618526400629&amp;width=550px\" frameborder=\"0\" scrolling=\"no\" allowfullscreen=\"allowfullscreen\" data-mce-fragment=\"1\"><\/iframe><\/div>\n<blockquote class=\"twitter-tweet\" data-twitter-extracted-i1619236009662938966=\"true\">\n<p dir=\"ltr\" lang=\"es\">Con mucha tristeza recib\u00ed la ingrata noticia del fallecimiento de\u00a0<a href=\"https:\/\/twitter.com\/mariomeoni?ref_src=twsrc%5Etfw\">@mariomeoni<\/a>, Ministro de Transporte de nuestro Gobierno.<br \/>\nCon \u00e9l perdemos a un pol\u00edtico cabal, incansable y honesto. Un funcionario ejemplar.<br \/>\nCon sincero pesar acompa\u00f1o a quienes como yo lo han querido y respetado.\u00a0<a href=\"https:\/\/t.co\/NV8gX5GmKJ\">pic.twitter.com\/NV8gX5GmKJ<\/a><\/p>\n<p>\u2014 Alberto Fern\u00e1ndez (@alferdez)\u00a0<a href=\"https:\/\/twitter.com\/alferdez\/status\/1385791000870887425?ref_src=twsrc%5Etfw\">April 24, 2021<\/a><\/p><\/blockquote>\n<\/div>\n<div class=\"com-embed --twitter\">\n<div class=\"twitter-tweet twitter-tweet-rendered\"><iframe id=\"twitter-widget-1\" class=\"\" title=\"Twitter Tweet\" src=\"https:\/\/platform.twitter.com\/embed\/Tweet.html?dnt=false&amp;embedId=twitter-widget-1&amp;features=eyJ0ZndfZXhwZXJpbWVudHNfY29va2llX2V4cGlyYXRpb24iOnsiYnVja2V0IjoxMjA5NjAwLCJ2ZXJzaW9uIjpudWxsfSwidGZ3X2hvcml6b25fdHdlZXRfZW1iZWRfOTU1NSI6eyJidWNrZXQiOiJodGUiLCJ2ZXJzaW9uIjpudWxsfX0%3D&amp;frame=false&amp;hideCard=false&amp;hideThread=false&amp;id=1385786396233846792&amp;lang=es&amp;origin=https%3A%2F%2Fwww.lanacion.com.ar%2Fpolitica%2Fmurio-el-ministro-de-transporte-mario-meoni-en-un-accidente-de-transito-nid23042021%2F&amp;sessionId=6e4fa4abe738389672770351f6cd4ab3693c3ae8&amp;theme=light&amp;widgetsVersion=ff2e7cf%3A1618526400629&amp;width=550px\" frameborder=\"0\" scrolling=\"no\" allowfullscreen=\"allowfullscreen\" data-mce-fragment=\"1\"><\/iframe><\/div>\n<blockquote class=\"twitter-tweet\" data-twitter-extracted-i1619236009662938966=\"true\">\n<p dir=\"ltr\" lang=\"es\">Una tristeza muy grande por la muerte de Mario, un amigo de muchos a\u00f1os, gran persona, afable, honesta y muy trabajadora. Lo lamento mucho, una tragedia en una ruta en la que \u00e9l siempre reclam\u00f3 y trabaj\u00f3 para mejorar la seguridad vial. Acompa\u00f1o a su familia. Lo vamos a extra\u00f1ar.\u00a0<a href=\"https:\/\/t.co\/2UDZ9EzZVo\">pic.twitter.com\/2UDZ9EzZVo<\/a><\/p>\n<p>\u2014 Julio Cobos (@juliocobos)\u00a0<a href=\"https:\/\/twitter.com\/juliocobos\/status\/1385786396233846792?ref_src=twsrc%5Etfw\">April 24, 2021<\/a><\/p><\/blockquote>\n<\/div>\n<p class=\"com-paragraph --s\">Uno de los primeros en expresarse al respecto fue el exvicepresidente Julio Cobos. \u201cUna tristeza muy grande por la muerte de Mario, un amigo de muchos a\u00f1os, gran persona, afable, honesta y muy trabajadora\u201d, escribi\u00f3 v\u00eda Twitter. Y a\u00f1adi\u00f3: \u201cLo lamento mucho, una tragedia en una ruta en la que \u00e9l siempre reclam\u00f3 y trabaj\u00f3 para mejorar la seguridad vial. Acompa\u00f1o a su familia. Lo vamos a extra\u00f1ar\u201d.<\/p>\n<div class=\"com-embed --twitter\">\n<div class=\"twitter-tweet twitter-tweet-rendered\"><iframe id=\"twitter-widget-2\" class=\"\" title=\"Twitter Tweet\" src=\"https:\/\/platform.twitter.com\/embed\/Tweet.html?dnt=false&amp;embedId=twitter-widget-2&amp;features=eyJ0ZndfZXhwZXJpbWVudHNfY29va2llX2V4cGlyYXRpb24iOnsiYnVja2V0IjoxMjA5NjAwLCJ2ZXJzaW9uIjpudWxsfSwidGZ3X2hvcml6b25fdHdlZXRfZW1iZWRfOTU1NSI6eyJidWNrZXQiOiJodGUiLCJ2ZXJzaW9uIjpudWxsfX0%3D&amp;frame=false&amp;hideCard=false&amp;hideThread=false&amp;id=1385785593427369989&amp;lang=es&amp;origin=https%3A%2F%2Fwww.lanacion.com.ar%2Fpolitica%2Fmurio-el-ministro-de-transporte-mario-meoni-en-un-accidente-de-transito-nid23042021%2F&amp;sessionId=6e4fa4abe738389672770351f6cd4ab3693c3ae8&amp;theme=light&amp;widgetsVersion=ff2e7cf%3A1618526400629&amp;width=550px\" frameborder=\"0\" scrolling=\"no\" allowfullscreen=\"allowfullscreen\" data-mce-fragment=\"1\"><\/iframe><\/div>\n<blockquote class=\"twitter-tweet\" data-twitter-extracted-i1619236009662938966=\"true\">\n<p dir=\"ltr\" lang=\"es\">Lamento profundamente el fallecimiento de Mario Meoni. Lo conoc\u00ed hace muchos a\u00f1os en su primera gesti\u00f3n como intendente de Jun\u00edn. Una gran persona por sobre todas las cosas. Se lo va a extra\u00f1ar. Mis condolencias a su familia.<\/p>\n<p>\u2014 Rogelio Frigerio (@frigeriorogelio)\u00a0<a href=\"https:\/\/twitter.com\/frigeriorogelio\/status\/1385785593427369989?ref_src=twsrc%5Etfw\">April 24, 2021<\/a><\/p><\/blockquote>\n<\/div>\n<p class=\"com-paragraph --s\">El exministro de Interior Rogelio Frigerio tambi\u00e9n le dedic\u00f3 un mensaje en la red social, donde lament\u00f3 profundamente la noticia. \u201cLo conoc\u00ed hace muchos a\u00f1os en su primera gesti\u00f3n como intendente de Jun\u00edn. Una gran persona por sobre todas las cosas. Se lo va a extra\u00f1ar. Mis condolencias a su familia\u201d, dijo.<\/p>\n<div class=\"com-embed --twitter\">\n<div class=\"twitter-tweet twitter-tweet-rendered\"><iframe id=\"twitter-widget-3\" class=\"\" title=\"Twitter Tweet\" src=\"https:\/\/platform.twitter.com\/embed\/Tweet.html?dnt=false&amp;embedId=twitter-widget-3&amp;features=eyJ0ZndfZXhwZXJpbWVudHNfY29va2llX2V4cGlyYXRpb24iOnsiYnVja2V0IjoxMjA5NjAwLCJ2ZXJzaW9uIjpudWxsfSwidGZ3X2hvcml6b25fdHdlZXRfZW1iZWRfOTU1NSI6eyJidWNrZXQiOiJodGUiLCJ2ZXJzaW9uIjpudWxsfX0%3D&amp;frame=false&amp;hideCard=false&amp;hideThread=false&amp;id=1385788504966266881&amp;lang=es&amp;origin=https%3A%2F%2Fwww.lanacion.com.ar%2Fpolitica%2Fmurio-el-ministro-de-transporte-mario-meoni-en-un-accidente-de-transito-nid23042021%2F&amp;sessionId=6e4fa4abe738389672770351f6cd4ab3693c3ae8&amp;theme=light&amp;widgetsVersion=ff2e7cf%3A1618526400629&amp;width=550px\" frameborder=\"0\" scrolling=\"no\" allowfullscreen=\"allowfullscreen\" data-mce-fragment=\"1\"><\/iframe><\/div>\n<blockquote class=\"twitter-tweet\" data-twitter-extracted-i1619236009662938966=\"true\">\n<p dir=\"ltr\" lang=\"es\">Lamento profundamente el fallecimiento de nuestro querido ministro y compa\u00f1ero Mario Meoni, mis condolencias y acompa\u00f1amiento en este tr\u00e1gico y dif\u00edcil momento a su familia.<\/p>\n<p>\u2014 Daniel Scioli \ud83c\udde6\ud83c\uddf7 (@danielscioli)\u00a0<a href=\"https:\/\/twitter.com\/danielscioli\/status\/1385788504966266881?ref_src=twsrc%5Etfw\">April 24, 2021<\/a><\/p><\/blockquote>\n<\/div>\n<p class=\"com-paragraph --s\">En el mismo sentido, el embajador de la Argentina en Brasil, Daniel Scioli, se manifest\u00f3 en las redes sociales. \u201cLamento profundamente el fallecimiento de nuestro querido ministro y compa\u00f1ero Mario Meoni, mis condolencias y acompa\u00f1amiento en este tr\u00e1gico y dif\u00edcil momento a su familia\u201d.<\/p>\n<p class=\"com-paragraph --s\">Nota publicada en el Diario La Naci\u00f3n.<\/p>\n<p>Foto portada: gentileza Diario Tiempo Argentino.<\/p>\n<div class=\"row\">\n<div class=\"col-12\">\n<section class=\"keep-reading\" data-is-block=\"true\" data-block-name=\"n_segui_leyendo\" data-diagramacion-id=\"0\">\n<section class=\"mod-headersection \">\n<h4 class=\"com-title --l\"><\/h4>\n<\/section>\n<\/section>\n<\/div>\n<\/div>\n<\/div>\n<\/div>\n<\/div>\n<\/div>\n<\/section>\n<\/div>\n<\/div>\n","protected":false},"excerpt":{"rendered":"<p>EL ACCIDENTE OCURRI\u00d3 EN EL KM 112 DE LA RUTA 7.<\/p>\n","protected":false},"author":3,"featured_media":10081,"comment_status":"open","ping_status":"open","sticky":false,"template":"","format":"standard","meta":{"footnotes":"","jetpack_publicize_message":"","jetpack_publicize_feature_enabled":true,"jetpack_social_post_already_shared":false,"jetpack_social_options":{"image_generator_settings":{"template":"highway","default_image_id":0,"font":"","enabled":false},"version":2}},"categories":[17],"tags":[405,1330],"class_list":["post-10079","post","type-post","status-publish","format-standard","has-post-thumbnail","hentry","category-politica","tag-fallecimiento","tag-meoni"],"jetpack_publicize_connections":[],"jetpack_featured_media_url":"https:\/\/revistaepocadigital.com.ar\/wp-content\/uploads\/2021\/04\/afed454cec9d190daa037db7b301ab33_MAIN.jpg","jetpack_likes_enabled":true,"_links":{"self":[{"href":"https:\/\/revistaepocadigital.com.ar\/index.php?rest_route=\/wp\/v2\/posts\/10079","targetHints":{"allow":["GET"]}}],"collection":[{"href":"https:\/\/revistaepocadigital.com.ar\/index.php?rest_route=\/wp\/v2\/posts"}],"about":[{"href":"https:\/\/revistaepocadigital.com.ar\/index.php?rest_route=\/wp\/v2\/types\/post"}],"author":[{"embeddable":true,"href":"https:\/\/revistaepocadigital.com.ar\/index.php?rest_route=\/wp\/v2\/users\/3"}],"replies":[{"embeddable":true,"href":"https:\/\/revistaepocadigital.com.ar\/index.php?rest_route=%2Fwp%2Fv2%2Fcomments&post=10079"}],"version-history":[{"count":0,"href":"https:\/\/revistaepocadigital.com.ar\/index.php?rest_route=\/wp\/v2\/posts\/10079\/revisions"}],"wp:featuredmedia":[{"embeddable":true,"href":"https:\/\/revistaepocadigital.com.ar\/index.php?rest_route=\/wp\/v2\/media\/10081"}],"wp:attachment":[{"href":"https:\/\/revistaepocadigital.com.ar\/index.php?rest_route=%2Fwp%2Fv2%2Fmedia&parent=10079"}],"wp:term":[{"taxonomy":"category","embeddable":true,"href":"https:\/\/revistaepocadigital.com.ar\/index.php?rest_route=%2Fwp%2Fv2%2Fcategories&post=10079"},{"taxonomy":"post_tag","embeddable":true,"href":"https:\/\/revistaepocadigital.com.ar\/index.php?rest_route=%2Fwp%2Fv2%2Ftags&post=10079"}],"curies":[{"name":"wp","href":"https:\/\/api.w.org\/{rel}","templated":true}]}}