{"id":10084,"date":"2021-04-24T01:09:17","date_gmt":"2021-04-24T04:09:17","guid":{"rendered":"https:\/\/revistaepocadigital.com.ar\/?p=10084"},"modified":"2021-04-24T01:09:17","modified_gmt":"2021-04-24T04:09:17","slug":"otro-conversatorio-efectos-de-la-pandemia-sobre-la-salud-mental","status":"publish","type":"post","link":"https:\/\/revistaepocadigital.com.ar\/?p=10084","title":{"rendered":"OTRO CONVERSATORIO. EFECTOS DE LA PANDEMIA SOBRE LA SALUD MENTAL"},"content":{"rendered":"<div class=\"\" dir=\"auto\">\n<div id=\"jsc_c_8vh\" class=\"ecm0bbzt hv4rvrfc ihqw7lf3 dati1w0a\" data-ad-comet-preview=\"message\" data-ad-preview=\"message\">\n<div class=\"j83agx80 cbu4d94t ew0dbk1b irj2b8pg\">\n<div class=\"qzhwtbm6 knvmm38d\">\n<div class=\"kvgmc6g5 cxmmr5t8 oygrvhab hcukyx3x c1et5uql ii04i59q\">\n<div dir=\"auto\"><strong>EL 27 DE ABRIL.<!--more--><\/strong><\/div>\n<\/div>\n<\/div>\n<div dir=\"auto\">Tiene lugar otro conversatorio sobre un tema relevante en los tiempos actuales: &#8220;Las personas mayores y la pandemia: \u00bfc\u00f3mo transitan el aislamiento?&#8221;. Se lleva a cabo en el marco del ciclo de conversatorios sobre la salud mental en tiempos de pandemia.<\/div>\n<div dir=\"auto\"><\/div>\n<div class=\"qzhwtbm6 knvmm38d\">\n<div class=\"o9v6fnle cxmmr5t8 oygrvhab hcukyx3x c1et5uql ii04i59q\">\n<div dir=\"auto\">Las charlas son abiertas a la comunidad, y se transmiten por zoom y redes sociales para el acceso de toda la comunidad.<\/div>\n<\/div>\n<div class=\"o9v6fnle cxmmr5t8 oygrvhab hcukyx3x c1et5uql ii04i59q\">\n<div dir=\"auto\"><\/div>\n<div dir=\"auto\">La actividad est\u00e1 organizada por el servicio de Salud Mental de la Municipalidad de Exaltaci\u00f3n de la Cruz, con el apoyo del Club de Leones de Capilla del Se\u00f1or.<\/div>\n<\/div>\n<\/div>\n<\/div>\n<\/div>\n<\/div>\n<p>&nbsp;<\/p>\n","protected":false},"excerpt":{"rendered":"<p>EL 27 DE ABRIL.<\/p>\n","protected":false},"author":3,"featured_media":10085,"comment_status":"open","ping_status":"open","sticky":false,"template":"","format":"standard","meta":{"footnotes":"","jetpack_publicize_message":"","jetpack_publicize_feature_enabled":true,"jetpack_social_post_already_shared":false,"jetpack_social_options":{"image_generator_settings":{"template":"highway","default_image_id":0,"font":"","enabled":false},"version":2}},"categories":[11,14],"tags":[1331,37,61,706],"class_list":["post-10084","post","type-post","status-publish","format-standard","has-post-thumbnail","hentry","category-entidades","category-la-gente","tag-conversatorio","tag-destacada","tag-leones","tag-salud-mental"],"jetpack_publicize_connections":[],"jetpack_featured_media_url":"https:\/\/revistaepocadigital.com.ar\/wp-content\/uploads\/2021\/04\/173868212_4290974924288767_2309250082715875237_n.jpg","jetpack_likes_enabled":true,"_links":{"self":[{"href":"https:\/\/revistaepocadigital.com.ar\/index.php?rest_route=\/wp\/v2\/posts\/10084","targetHints":{"allow":["GET"]}}],"collection":[{"href":"https:\/\/revistaepocadigital.com.ar\/index.php?rest_route=\/wp\/v2\/posts"}],"about":[{"href":"https:\/\/revistaepocadigital.com.ar\/index.php?rest_route=\/wp\/v2\/types\/post"}],"author":[{"embeddable":true,"href":"https:\/\/revistaepocadigital.com.ar\/index.php?rest_route=\/wp\/v2\/users\/3"}],"replies":[{"embeddable":true,"href":"https:\/\/revistaepocadigital.com.ar\/index.php?rest_route=%2Fwp%2Fv2%2Fcomments&post=10084"}],"version-history":[{"count":0,"href":"https:\/\/revistaepocadigital.com.ar\/index.php?rest_route=\/wp\/v2\/posts\/10084\/revisions"}],"wp:featuredmedia":[{"embeddable":true,"href":"https:\/\/revistaepocadigital.com.ar\/index.php?rest_route=\/wp\/v2\/media\/10085"}],"wp:attachment":[{"href":"https:\/\/revistaepocadigital.com.ar\/index.php?rest_route=%2Fwp%2Fv2%2Fmedia&parent=10084"}],"wp:term":[{"taxonomy":"category","embeddable":true,"href":"https:\/\/revistaepocadigital.com.ar\/index.php?rest_route=%2Fwp%2Fv2%2Fcategories&post=10084"},{"taxonomy":"post_tag","embeddable":true,"href":"https:\/\/revistaepocadigital.com.ar\/index.php?rest_route=%2Fwp%2Fv2%2Ftags&post=10084"}],"curies":[{"name":"wp","href":"https:\/\/api.w.org\/{rel}","templated":true}]}}