{"id":10097,"date":"2021-04-25T16:30:05","date_gmt":"2021-04-25T19:30:05","guid":{"rendered":"https:\/\/revistaepocadigital.com.ar\/?p=10097"},"modified":"2021-04-25T16:30:24","modified_gmt":"2021-04-25T19:30:24","slug":"docentes-de-udocba-de-exaltacion-de-la-cruz-piden-suspender-clases-presenciales-y-los-chicos-y-los-padres","status":"publish","type":"post","link":"https:\/\/revistaepocadigital.com.ar\/?p=10097","title":{"rendered":"Docentes de UDOCBA de Exaltaci\u00f3n de la Cruz piden suspender clases presenciales, \u00bfy los chicos, y los padres?"},"content":{"rendered":"<section id=\"main\" class=\"main\" role=\"main\">\n<div id=\"loop-container\" class=\"loop-container\">\n<div class=\"post-4432 post type-post status-publish format-standard has-post-thumbnail hentry category-sociedad tag-clases tag-presencialidad tag-udocba tag-walter-marquese entry nc-is-auto-shared\">\n<article>\n<div class=\"post-content\">\n<p><strong>EL GREMIO QUE NUCLEA A DOCENTES (UDOCBA) SOLICIT\u00d3 SUSPENDER PRESENCIALIDAD.<\/strong><\/p>\n<p><!--more--><\/p>\n<p>La furiosa pol\u00e9mica en la que se han encontrado encerrados el gobierno nacional y el de la Ciudad de Buenos Aires, por el dictado de clases presenciales lleg\u00f3 a la Corte Suprema de la Naci\u00f3n, y dispar\u00f3 el enfrentamiento entre el gobierno nacional, provincial y el de la ciudad de Buenos Aires. En el medio, miles de alumnos y familias inmersos en el desconcierto y quejas.<\/p>\n<p>E Exaltaci\u00f3n de la Cruz contin\u00faan las clases presenciales, a diferencia de otros distritos de la provincia de Buenos Aires. Es que nuestro distrito se encuentra en Fase 3, por lo que no fue necesaria la suspensi\u00f3n de la presencialidad como en aquellas zonas que, por el nivel epidemiol\u00f3gico, descendieron a la Fase 2, menciona el peri\u00f3dico El Lugare\u00f1o en una nota.<\/p>\n<p>Desde UDOCBA Exaltaci\u00f3n, sin embargo, hab\u00edan solicitado que por 15 d\u00edas se lograra suspender la presencialidad para bajar la circulaci\u00f3n y los contagios que iban en subida dentro de las escuelas. Esto a\u00fan es solicitado por el gremio. \u201cLa semana pasada, hasta el viernes, no hab\u00eda clases presenciales pero el viernes por la noche hubo reuniones y decidieron que se contin\u00fae en Fase 3, no incluido en el AMBA y con presencialidad. Eso nos cay\u00f3 un poco mal, los casos siguieron aumentando, el director del hospital dec\u00eda que la UTI estaba al 100 por ciento, sigue habiendo burbujas aisladas, docentes positivos\u201d, explic\u00f3 al mencionado peri\u00f3dico Walter Marquese, Secretario General de UDOCBA Exaltaci\u00f3n de la Cruz.<\/p>\n<p>Si bien los casos est\u00e1n \u201cen una meseta\u201d a\u00fan \u201cson altos los positivos\u201d por lo que desde el gremio contin\u00faan con las reuniones y los relevamientos para conocer lo que ocurre en cada escuela y qu\u00e9 pasar\u00e1 despu\u00e9s del 30 de abril: \u201chubo una reuni\u00f3n entre el presidente y el ministro de Educaci\u00f3n por presencialidad controlada, regulada, que no sabemos a qu\u00e9 refiere pero ser\u00eda a partir del 30 que habr\u00eda otro tipo de clases\u201d.<\/p>\n<div class=\"g g-3\">\n<div class=\"g-dyn a-10 c-1\"><a class=\"gofollow\" href=\"https:\/\/www.facebook.com\/Robles-Maderas-107014270905124\/\" target=\"_blank\" rel=\"nofollow noopener\" data-track=\"MTAsMywxLDYw\"><img loading=\"lazy\" decoding=\"async\" class=\"lazy-hidden\" src=\"https:\/\/i1.wp.com\/xn--ellugareo-s6a.com.ar\/wp-content\/plugins\/a3-lazy-load\/assets\/images\/lazy_placeholder.gif\" width=\"1\" height=\"1\" data-lazy-type=\"image\" data-src=\"https:\/\/i1.wp.com\/xn--ellugareo-s6a.com.ar\/wp-content\/uploads\/2020\/03\/Robles-Madera.png?ssl=1\" \/><\/a><\/div>\n<\/div>\n<p>\u201cLo ideal es suspender por 15-20 d\u00edas la presencialidad, volver a la virtualidad y ver qu\u00e9 pasa con la circulaci\u00f3n de la gente. El transporte sigue igual, no se ha modificado nada y debemos frenar un poco la circulaci\u00f3n, en el distrito no not\u00e9 mucho cambio. Los fines de semana tambi\u00e9n se ve mucha gente, no hemos bajado el movimiento de personas, la circulaci\u00f3n no baj\u00f3 y en la semana con las clases, sigue normal y hay muchos casos de docentes, alumnos con positivos, contactos estrechos\u201d, ampli\u00f3 y cont\u00f3 que se est\u00e1 realizando el relevamiento para saber a ciencia cierta qu\u00e9 cantidad de contagios hay en las escuelas.<\/p>\n<\/div>\n<p>Fuente: peri\u00f3dico El Lugare\u00f1o.<\/p>\n<\/article>\n<\/div>\n<\/div>\n<\/section>\n<p>Foto: gentileza Chequeado.<\/p>\n<p>&nbsp;<\/p>\n","protected":false},"excerpt":{"rendered":"<p>EL GREMIO QUE NUCLEA A DOCENTES (UDOCBA) SOLICIT\u00d3 SUSPENDER PRESENCIALIDAD.<\/p>\n","protected":false},"author":3,"featured_media":10099,"comment_status":"open","ping_status":"open","sticky":false,"template":"","format":"standard","meta":{"footnotes":"","jetpack_publicize_message":"","jetpack_publicize_feature_enabled":true,"jetpack_social_post_already_shared":false,"jetpack_social_options":{"image_generator_settings":{"template":"highway","default_image_id":0,"font":"","enabled":false},"version":2}},"categories":[17],"tags":[1206,231],"class_list":["post-10097","post","type-post","status-publish","format-standard","has-post-thumbnail","hentry","category-politica","tag-clases","tag-educacion"],"jetpack_publicize_connections":[],"jetpack_featured_media_url":"https:\/\/revistaepocadigital.com.ar\/wp-content\/uploads\/2021\/04\/san-juan-clases-1280x549-1.jpg","jetpack_likes_enabled":true,"_links":{"self":[{"href":"https:\/\/revistaepocadigital.com.ar\/index.php?rest_route=\/wp\/v2\/posts\/10097","targetHints":{"allow":["GET"]}}],"collection":[{"href":"https:\/\/revistaepocadigital.com.ar\/index.php?rest_route=\/wp\/v2\/posts"}],"about":[{"href":"https:\/\/revistaepocadigital.com.ar\/index.php?rest_route=\/wp\/v2\/types\/post"}],"author":[{"embeddable":true,"href":"https:\/\/revistaepocadigital.com.ar\/index.php?rest_route=\/wp\/v2\/users\/3"}],"replies":[{"embeddable":true,"href":"https:\/\/revistaepocadigital.com.ar\/index.php?rest_route=%2Fwp%2Fv2%2Fcomments&post=10097"}],"version-history":[{"count":0,"href":"https:\/\/revistaepocadigital.com.ar\/index.php?rest_route=\/wp\/v2\/posts\/10097\/revisions"}],"wp:featuredmedia":[{"embeddable":true,"href":"https:\/\/revistaepocadigital.com.ar\/index.php?rest_route=\/wp\/v2\/media\/10099"}],"wp:attachment":[{"href":"https:\/\/revistaepocadigital.com.ar\/index.php?rest_route=%2Fwp%2Fv2%2Fmedia&parent=10097"}],"wp:term":[{"taxonomy":"category","embeddable":true,"href":"https:\/\/revistaepocadigital.com.ar\/index.php?rest_route=%2Fwp%2Fv2%2Fcategories&post=10097"},{"taxonomy":"post_tag","embeddable":true,"href":"https:\/\/revistaepocadigital.com.ar\/index.php?rest_route=%2Fwp%2Fv2%2Ftags&post=10097"}],"curies":[{"name":"wp","href":"https:\/\/api.w.org\/{rel}","templated":true}]}}