{"id":10121,"date":"2021-04-25T23:48:08","date_gmt":"2021-04-26T02:48:08","guid":{"rendered":"https:\/\/revistaepocadigital.com.ar\/?p=10121"},"modified":"2021-04-25T23:48:08","modified_gmt":"2021-04-26T02:48:08","slug":"en-robles-la-vacuna-contra-la-gripe","status":"publish","type":"post","link":"https:\/\/revistaepocadigital.com.ar\/?p=10121","title":{"rendered":"En Robles, la vacuna contra la gripe"},"content":{"rendered":"<p><strong>DESDE EL LUNES 26 DE ABRIL EN EXALTACION DE LA CRUZ.<\/strong><!--more--><\/p>\n<p>Esta disponible en la primera semana para embarazadas y pu\u00e9rperas, ni\u00f1os de 6 a 24 meses, y personas de 2 a 64 a\u00f1os en condiciones de riesgo.<\/p>\n<p>Para los Adultos Mayores de 65 a\u00f1os, la campa\u00f1a comenzar\u00e1 el lunes 3 mayo seg\u00fan el cronograma.<\/p>\n<p>Es importante aclarar que quienes hayan recibido cualquiera de las dosis de las vacunas contra el coronavirus, deber\u00e1n esperar 14 d\u00edas para recibir la antigripal.<\/p>\n<p>Tambi\u00e9n deben esperar 14 d\u00edas para vacunarse contra la gripe aquellos que est\u00e1n atravesando la infecci\u00f3n por Covid-19 o que son contacto estrecho de una persona con ese virus.<\/p>\n<p>NO OLVIDES USAR TAPABOCA NARIZ CADA VEZ QUE SAL\u00cdS, LAVARTE LAS MANOS FRECUENTEMENTE O USAR ALCOHOL EN GEL Y MANTENER LA DISTANCIA DE 2 METROS<br \/>\n&#8220;SI TE CUID\u00c1S VOS, NOS CUID\u00c1S A TODOS!&#8221;, INSISTIERON DESDE LA COMUNA.<\/p>\n<p><img loading=\"lazy\" decoding=\"async\" class=\"aligncenter size-large wp-image-10123\" src=\"https:\/\/revistaepocadigital.com.ar\/wp-content\/uploads\/2021\/04\/robl-1200x1200.jpg\" alt=\"\" width=\"696\" height=\"696\" srcset=\"https:\/\/revistaepocadigital.com.ar\/wp-content\/uploads\/2021\/04\/robl-1200x1200.jpg 1200w, https:\/\/revistaepocadigital.com.ar\/wp-content\/uploads\/2021\/04\/robl-300x300.jpg 300w, https:\/\/revistaepocadigital.com.ar\/wp-content\/uploads\/2021\/04\/robl-150x150.jpg 150w, https:\/\/revistaepocadigital.com.ar\/wp-content\/uploads\/2021\/04\/robl-768x768.jpg 768w, https:\/\/revistaepocadigital.com.ar\/wp-content\/uploads\/2021\/04\/robl-696x696.jpg 696w, https:\/\/revistaepocadigital.com.ar\/wp-content\/uploads\/2021\/04\/robl-1068x1068.jpg 1068w, https:\/\/revistaepocadigital.com.ar\/wp-content\/uploads\/2021\/04\/robl-420x420.jpg 420w, https:\/\/revistaepocadigital.com.ar\/wp-content\/uploads\/2021\/04\/robl-840x840.jpg 840w, https:\/\/revistaepocadigital.com.ar\/wp-content\/uploads\/2021\/04\/robl.jpg 1280w\" sizes=\"auto, (max-width: 696px) 100vw, 696px\" \/><\/p>\n","protected":false},"excerpt":{"rendered":"<p>DESDE EL LUNES 26 DE ABRIL EN EXALTACION DE LA CRUZ.<\/p>\n","protected":false},"author":3,"featured_media":10122,"comment_status":"open","ping_status":"open","sticky":false,"template":"","format":"standard","meta":{"footnotes":"","jetpack_publicize_message":"","jetpack_publicize_feature_enabled":true,"jetpack_social_post_already_shared":false,"jetpack_social_options":{"image_generator_settings":{"template":"highway","default_image_id":0,"font":"","enabled":false},"version":2}},"categories":[5],"tags":[1334,976],"class_list":["post-10121","post","type-post","status-publish","format-standard","has-post-thumbnail","hentry","category-aqui-parada-robles","tag-gripe","tag-vacuna"],"jetpack_publicize_connections":[],"jetpack_featured_media_url":"https:\/\/revistaepocadigital.com.ar\/wp-content\/uploads\/2021\/04\/roblffff-1.jpg","jetpack_likes_enabled":true,"_links":{"self":[{"href":"https:\/\/revistaepocadigital.com.ar\/index.php?rest_route=\/wp\/v2\/posts\/10121","targetHints":{"allow":["GET"]}}],"collection":[{"href":"https:\/\/revistaepocadigital.com.ar\/index.php?rest_route=\/wp\/v2\/posts"}],"about":[{"href":"https:\/\/revistaepocadigital.com.ar\/index.php?rest_route=\/wp\/v2\/types\/post"}],"author":[{"embeddable":true,"href":"https:\/\/revistaepocadigital.com.ar\/index.php?rest_route=\/wp\/v2\/users\/3"}],"replies":[{"embeddable":true,"href":"https:\/\/revistaepocadigital.com.ar\/index.php?rest_route=%2Fwp%2Fv2%2Fcomments&post=10121"}],"version-history":[{"count":0,"href":"https:\/\/revistaepocadigital.com.ar\/index.php?rest_route=\/wp\/v2\/posts\/10121\/revisions"}],"wp:featuredmedia":[{"embeddable":true,"href":"https:\/\/revistaepocadigital.com.ar\/index.php?rest_route=\/wp\/v2\/media\/10122"}],"wp:attachment":[{"href":"https:\/\/revistaepocadigital.com.ar\/index.php?rest_route=%2Fwp%2Fv2%2Fmedia&parent=10121"}],"wp:term":[{"taxonomy":"category","embeddable":true,"href":"https:\/\/revistaepocadigital.com.ar\/index.php?rest_route=%2Fwp%2Fv2%2Fcategories&post=10121"},{"taxonomy":"post_tag","embeddable":true,"href":"https:\/\/revistaepocadigital.com.ar\/index.php?rest_route=%2Fwp%2Fv2%2Ftags&post=10121"}],"curies":[{"name":"wp","href":"https:\/\/api.w.org\/{rel}","templated":true}]}}