{"id":1013,"date":"2018-12-29T23:15:53","date_gmt":"2018-12-30T02:15:53","guid":{"rendered":"https:\/\/revistaepocadigital.com.ar\/?p=1013"},"modified":"2018-12-29T23:15:53","modified_gmt":"2018-12-30T02:15:53","slug":"alan-boncompagni-golpe-a-golpe","status":"publish","type":"post","link":"https:\/\/revistaepocadigital.com.ar\/?p=1013","title":{"rendered":"Alan Boncompagni, golpe a golpe"},"content":{"rendered":"<div>\n<div>\n<div class=\"_4tdt _ua1\">\n<div class=\"_31o4\">\n<div class=\"_6--1\" aria-hidden=\"true\">\n<div class=\"_1gyw _55lt\"><strong>CERR\u00d3 UN 2018 MUY BUENO Y EST\u00c1 MOTIVADO PARA 2019.<\/strong><\/div>\n<\/div>\n<div><\/div>\n<\/div>\n<div class=\"_ua2\">\n<div class=\"_4tdv\">\n<div class=\"_5wd4 _1nc7\">\n<div class=\"._1dlq _h8t\">\n<div class=\"_5wd9 direction_ltr clearfix\">\n<div class=\"_1e-x _n4o\">\n<div class=\"_3_bl\">\n<div class=\"_5w1r _3_om _5wdf\">\n<div class=\"_4gx_\">\n<div class=\"_1aa6\"><span class=\"_5yl5\"><em>&#8220;S\u00ed, fue muy bueno para m\u00ed, logr\u00e9 tres t\u00edtulos y seguimos sumando experiencia con el objetivo de a mediados del 2019, arrancar en el profesionalismo&#8221;<\/em>, cuenta <strong>Alan Boncompagni,<\/strong> el juvenil boxeador capillense que ha continuado abri\u00e9ndose camino y apunta a convertirse en profesional.<\/span><\/div>\n<div><\/div>\n<div class=\"_1aa6\"><span class=\"_5yl5\"><em><a id=\"js_2l1\" class=\"titlebarText\" href=\"https:\/\/www.facebook.com\/gustavo.boncompagni\" data-ft=\"{&quot;tn&quot;:&quot;C&quot;}\" data-hover=\"tooltip\" data-hovercard=\"\"><span style=\"color: #000000;\">&#8220;A<\/span><\/a> mediados de 2018 gan\u00e9 el cintur\u00f3n <\/em>(AMBAPA)<em>, en la categor\u00eda\u00a0 de 60 kg; y tuve la posibilidad de ir a M\u00e9xico pero por cuestiones econ\u00f3micas no lo pudimos hacer, y tuve que dejarlo vacante. Una l\u00e1stima, hubiera sido una gran experiencia, pero no contamos con la ayuda de nadie&#8230;&#8221;<\/em>, comenta <strong>Alan<\/strong> con cierto sabor amargo.<\/span><\/div>\n<div><\/div>\n<\/div>\n<\/div>\n<div><img loading=\"lazy\" decoding=\"async\" class=\"aligncenter size-full wp-image-1056\" src=\"https:\/\/revistaepocadigital.com.ar\/wp-content\/uploads\/2018\/12\/bocon-box2.jpg\" alt=\"\" width=\"538\" height=\"880\" srcset=\"https:\/\/revistaepocadigital.com.ar\/wp-content\/uploads\/2018\/12\/bocon-box2.jpg 538w, https:\/\/revistaepocadigital.com.ar\/wp-content\/uploads\/2018\/12\/bocon-box2-183x300.jpg 183w, https:\/\/revistaepocadigital.com.ar\/wp-content\/uploads\/2018\/12\/bocon-box2-257x420.jpg 257w, https:\/\/revistaepocadigital.com.ar\/wp-content\/uploads\/2018\/12\/bocon-box2-514x840.jpg 514w\" sizes=\"auto, (max-width: 538px) 100vw, 538px\" \/><\/div>\n<div class=\"_5w1r _3_om _5wdf\">\n<div class=\"_4gx_\">\n<div>Alan, cuando gan\u00f3 uno de sus cinturones.<\/div>\n<\/div>\n<\/div>\n<div><\/div>\n<div class=\"_5w1r _3_om _5wdf\">\n<div class=\"_4gx_\">\n<div class=\"_1aa6\"><span class=\"_5yl5\">La temporada box\u00edstica de Boncompagni, continu\u00f3 con la obtendi\u00f3n <em>&#8220;por segundo a\u00f1o consecutivo del cintur\u00f3n de la Liga <\/em>(Campeones del Oeste)<em>, y a fin de a\u00f1o uifiqu\u00e9 t\u00edtulos con el campe\u00f3n de Guantes de Oro, y tuve la gran satisfacci\u00f3n de vencer y quedarme con los dos t\u00edtulos&#8221;<\/em>.<\/span><\/div>\n<div><\/div>\n<div class=\"_1aa6\"><span class=\"_5yl5\">El a\u00f1o dif\u00edcil vivido, tambi\u00e9n lo sinti\u00f3 <strong>Alan<\/strong>, &#8220;<em>no pude continuar entren\u00e1ndome en Luj\u00e1n, porque no nos daban los n\u00fameros. Sin embargo, no baj\u00e9 los brazos y pas\u00e9 a entrenarme s\u00f3lo en mi casa y con la ayuda de mi pap\u00e1. As\u00ed y todo, segu\u00ed compitiendo y logrando objetivos<\/em>&#8220;.<\/span><\/div>\n<div><\/div>\n<div class=\"_1aa6\"><span class=\"_5yl5\">Durante los primeros d\u00edas de enero, Alan retoma los entrenamientos, &#8220;<em>para encarar de la mejor manera el 2019, estoy con muchas ganas y fe para poder continuar creciendo en el boxeo; le agradezco a EPOCA que siempre me sigue, y les deseo a todos un mejor 2019&#8243;.<\/em><\/span><\/div>\n<div><\/div>\n<p>Si de apoyar a deportistas locales hablamos, valdr\u00eda mirar el esfuerzo del pibe <strong>Bocompagni<\/strong> en un deporte tan duro como el boxeo&#8230;<\/p>\n<\/div>\n<\/div>\n<\/div>\n<\/div>\n<div class=\"_1e-x _n4o\">\n<div class=\"_3_bl\">\n<div class=\"_5w1r _3_om _5wdf\">\n<p>Fotos: <span class=\"_5yl5\">Boncompagni<\/span><\/p>\n<\/div>\n<\/div>\n<\/div>\n<\/div>\n<\/div>\n<\/div>\n<\/div>\n<\/div>\n<\/div>\n<\/div>\n<\/div>\n<p><!--more--><\/p>\n","protected":false},"excerpt":{"rendered":"<p>CERR\u00d3 UN 2018 MUY BUENO Y EST\u00c1 MOTIVADO PARA 2019. &#8220;S\u00ed, fue muy bueno para m\u00ed, logr\u00e9 tres t\u00edtulos y seguimos sumando experiencia con el objetivo de a mediados del 2019, arrancar en el profesionalismo&#8221;, cuenta Alan Boncompagni, el juvenil boxeador capillense que ha continuado abri\u00e9ndose camino y apunta a convertirse en profesional. &#8220;A mediados [&hellip;]<\/p>\n","protected":false},"author":3,"featured_media":1054,"comment_status":"open","ping_status":"open","sticky":false,"template":"","format":"standard","meta":{"footnotes":"","jetpack_publicize_message":"","jetpack_publicize_feature_enabled":true,"jetpack_social_post_already_shared":false,"jetpack_social_options":{"image_generator_settings":{"template":"highway","default_image_id":0,"font":"","enabled":false},"version":2}},"categories":[9],"tags":[117,118,116],"class_list":["post-1013","post","type-post","status-publish","format-standard","has-post-thumbnail","hentry","category-deportes","tag-boncompagni","tag-boxeo","tag-deportes"],"jetpack_publicize_connections":[],"jetpack_featured_media_url":"https:\/\/revistaepocadigital.com.ar\/wp-content\/uploads\/2018\/12\/boncom-box-4a.jpg","jetpack_likes_enabled":true,"_links":{"self":[{"href":"https:\/\/revistaepocadigital.com.ar\/index.php?rest_route=\/wp\/v2\/posts\/1013","targetHints":{"allow":["GET"]}}],"collection":[{"href":"https:\/\/revistaepocadigital.com.ar\/index.php?rest_route=\/wp\/v2\/posts"}],"about":[{"href":"https:\/\/revistaepocadigital.com.ar\/index.php?rest_route=\/wp\/v2\/types\/post"}],"author":[{"embeddable":true,"href":"https:\/\/revistaepocadigital.com.ar\/index.php?rest_route=\/wp\/v2\/users\/3"}],"replies":[{"embeddable":true,"href":"https:\/\/revistaepocadigital.com.ar\/index.php?rest_route=%2Fwp%2Fv2%2Fcomments&post=1013"}],"version-history":[{"count":0,"href":"https:\/\/revistaepocadigital.com.ar\/index.php?rest_route=\/wp\/v2\/posts\/1013\/revisions"}],"wp:featuredmedia":[{"embeddable":true,"href":"https:\/\/revistaepocadigital.com.ar\/index.php?rest_route=\/wp\/v2\/media\/1054"}],"wp:attachment":[{"href":"https:\/\/revistaepocadigital.com.ar\/index.php?rest_route=%2Fwp%2Fv2%2Fmedia&parent=1013"}],"wp:term":[{"taxonomy":"category","embeddable":true,"href":"https:\/\/revistaepocadigital.com.ar\/index.php?rest_route=%2Fwp%2Fv2%2Fcategories&post=1013"},{"taxonomy":"post_tag","embeddable":true,"href":"https:\/\/revistaepocadigital.com.ar\/index.php?rest_route=%2Fwp%2Fv2%2Ftags&post=1013"}],"curies":[{"name":"wp","href":"https:\/\/api.w.org\/{rel}","templated":true}]}}