{"id":10167,"date":"2021-04-28T20:26:29","date_gmt":"2021-04-28T23:26:29","guid":{"rendered":"https:\/\/revistaepocadigital.com.ar\/?p=10167"},"modified":"2021-04-28T20:26:29","modified_gmt":"2021-04-28T23:26:29","slug":"las-veredas-de-la-plaza-san-martin-de-capilla-del-senor","status":"publish","type":"post","link":"https:\/\/revistaepocadigital.com.ar\/?p=10167","title":{"rendered":"Las veredas de la Plaza San Mart\u00edn de Capilla del Se\u00f1or"},"content":{"rendered":"<div class=\"kvgmc6g5 cxmmr5t8 oygrvhab hcukyx3x c1et5uql ii04i59q\">\n<div dir=\"auto\"><strong>COMO TANTOS PUEDEN VER.<\/strong><\/div>\n<\/div>\n<p><!--more--><\/p>\n<div dir=\"auto\"><\/div>\n<div class=\"o9v6fnle cxmmr5t8 oygrvhab hcukyx3x c1et5uql ii04i59q\">\n<div dir=\"auto\">Son llevadas adelante, las obras centradas en el reemplazo de las veredas de la Plaza San Mart\u00edn, uno de los lugares con mayor significaci\u00f3n y arraigo de la ciudad. &#8220;Los trabajos se centran en la reconstrucci\u00f3n de los senderos interiores, y la reparaci\u00f3n a nuevo de las veredas, que se vieron da\u00f1adas por las ra\u00edces de los \u00e1rboles del lugar&#8221;, ha informado desde la municipalidad.<\/div>\n<div dir=\"auto\">Las obras se ejecutan a trav\u00e9s de la Secretar\u00eda de Higiene Urbana, y es parte de un programa integral de puesta en valor de plazas y paseos p\u00fablicos, que se puso en marcha el a\u00f1o pasado; dicho programa tambi\u00e9n extiende a otros puntos del distrito.<\/div>\n<div dir=\"auto\"><\/div>\n<\/div>\n<div class=\"o9v6fnle cxmmr5t8 oygrvhab hcukyx3x c1et5uql ii04i59q\">\n<div dir=\"auto\"><em>&#8220;Para el caso de las veredas, una vez que haya concluido la labor de reconstrucci\u00f3n de las bases, se volver\u00e1n a colocar las tradicionales baldosas de la plaza, de tal forma de mantener el valor hist\u00f3rico de ese sitio&#8221;,<\/em> remarcaron desde la comuna, lo que genera confusi\u00f3n. Indudable es el valor agregado y han enrriquecido a la Plaza, sus a\u00f1ejas veredas de viejas baldosas. Las obras en cuesti\u00f3n, vinieron a reemplazar esas baldosas que, pudo saber EPOCA, iban a trasladarse a un espacio de la municipalidad en las afueras del casco urbano. La informaci\u00f3n municipal aparece como contradictoria sobre el uso o destino de las baldosas.<\/div>\n<\/div>\n<div dir=\"auto\"><\/div>\n<div dir=\"auto\"><img loading=\"lazy\" decoding=\"async\" class=\"aligncenter size-full wp-image-10170\" src=\"https:\/\/revistaepocadigital.com.ar\/wp-content\/uploads\/2021\/04\/179186186_4303485936370999_5495241164095889865_n.jpg\" alt=\"\" width=\"960\" height=\"540\" srcset=\"https:\/\/revistaepocadigital.com.ar\/wp-content\/uploads\/2021\/04\/179186186_4303485936370999_5495241164095889865_n.jpg 960w, https:\/\/revistaepocadigital.com.ar\/wp-content\/uploads\/2021\/04\/179186186_4303485936370999_5495241164095889865_n-300x169.jpg 300w, https:\/\/revistaepocadigital.com.ar\/wp-content\/uploads\/2021\/04\/179186186_4303485936370999_5495241164095889865_n-768x432.jpg 768w, https:\/\/revistaepocadigital.com.ar\/wp-content\/uploads\/2021\/04\/179186186_4303485936370999_5495241164095889865_n-696x392.jpg 696w, https:\/\/revistaepocadigital.com.ar\/wp-content\/uploads\/2021\/04\/179186186_4303485936370999_5495241164095889865_n-747x420.jpg 747w\" sizes=\"auto, (max-width: 960px) 100vw, 960px\" \/> <img loading=\"lazy\" decoding=\"async\" class=\"aligncenter size-large wp-image-10171\" src=\"https:\/\/revistaepocadigital.com.ar\/wp-content\/uploads\/2021\/04\/veredas2.jpg\" alt=\"\" width=\"696\" height=\"464\" srcset=\"https:\/\/revistaepocadigital.com.ar\/wp-content\/uploads\/2021\/04\/veredas2.jpg 800w, https:\/\/revistaepocadigital.com.ar\/wp-content\/uploads\/2021\/04\/veredas2-300x200.jpg 300w, https:\/\/revistaepocadigital.com.ar\/wp-content\/uploads\/2021\/04\/veredas2-768x512.jpg 768w, https:\/\/revistaepocadigital.com.ar\/wp-content\/uploads\/2021\/04\/veredas2-696x464.jpg 696w, https:\/\/revistaepocadigital.com.ar\/wp-content\/uploads\/2021\/04\/veredas2-630x420.jpg 630w\" sizes=\"auto, (max-width: 696px) 100vw, 696px\" \/><\/div>\n<div class=\"o9v6fnle cxmmr5t8 oygrvhab hcukyx3x c1et5uql ii04i59q\">\n<div dir=\"auto\"><\/div>\n<\/div>\n<div dir=\"auto\">En tanto en Pav\u00f3n, se trabaja en la construcci\u00f3n de 2 mil metros de recorrido de veredas, vinculando la escuela y un gran sector de la localidad. En el caso de Diego Gaynor, estaba en marcha la obra que iba a unir ambos lados el predio de la estaci\u00f3n de trenes, tambi\u00e9n facilitando el acceso a la escuela, en particular los d\u00edas de lluvia. Las obras corren por cuenta de la secretar\u00eda de Higiene Urbana, con el apoyo de las delegaciones de cada localidad.<\/div>\n","protected":false},"excerpt":{"rendered":"<p>COMO TANTOS PUEDEN VER.<\/p>\n","protected":false},"author":4,"featured_media":10169,"comment_status":"open","ping_status":"open","sticky":false,"template":"","format":"standard","meta":{"footnotes":"","jetpack_publicize_message":"","jetpack_publicize_feature_enabled":true,"jetpack_social_post_already_shared":false,"jetpack_social_options":{"image_generator_settings":{"template":"highway","default_image_id":0,"font":"","enabled":false},"version":2}},"categories":[13],"tags":[1338,1339],"class_list":["post-10167","post","type-post","status-publish","format-standard","has-post-thumbnail","hentry","category-interes-general","tag-plaza","tag-veredas"],"jetpack_publicize_connections":[],"jetpack_featured_media_url":"https:\/\/revistaepocadigital.com.ar\/wp-content\/uploads\/2021\/04\/veredas3.jpg","jetpack_likes_enabled":true,"_links":{"self":[{"href":"https:\/\/revistaepocadigital.com.ar\/index.php?rest_route=\/wp\/v2\/posts\/10167","targetHints":{"allow":["GET"]}}],"collection":[{"href":"https:\/\/revistaepocadigital.com.ar\/index.php?rest_route=\/wp\/v2\/posts"}],"about":[{"href":"https:\/\/revistaepocadigital.com.ar\/index.php?rest_route=\/wp\/v2\/types\/post"}],"author":[{"embeddable":true,"href":"https:\/\/revistaepocadigital.com.ar\/index.php?rest_route=\/wp\/v2\/users\/4"}],"replies":[{"embeddable":true,"href":"https:\/\/revistaepocadigital.com.ar\/index.php?rest_route=%2Fwp%2Fv2%2Fcomments&post=10167"}],"version-history":[{"count":0,"href":"https:\/\/revistaepocadigital.com.ar\/index.php?rest_route=\/wp\/v2\/posts\/10167\/revisions"}],"wp:featuredmedia":[{"embeddable":true,"href":"https:\/\/revistaepocadigital.com.ar\/index.php?rest_route=\/wp\/v2\/media\/10169"}],"wp:attachment":[{"href":"https:\/\/revistaepocadigital.com.ar\/index.php?rest_route=%2Fwp%2Fv2%2Fmedia&parent=10167"}],"wp:term":[{"taxonomy":"category","embeddable":true,"href":"https:\/\/revistaepocadigital.com.ar\/index.php?rest_route=%2Fwp%2Fv2%2Fcategories&post=10167"},{"taxonomy":"post_tag","embeddable":true,"href":"https:\/\/revistaepocadigital.com.ar\/index.php?rest_route=%2Fwp%2Fv2%2Ftags&post=10167"}],"curies":[{"name":"wp","href":"https:\/\/api.w.org\/{rel}","templated":true}]}}