{"id":10216,"date":"2021-05-01T10:25:15","date_gmt":"2021-05-01T13:25:15","guid":{"rendered":"https:\/\/revistaepocadigital.com.ar\/?p=10216"},"modified":"2021-05-01T10:25:15","modified_gmt":"2021-05-01T13:25:15","slug":"trabajadores-feliz-dia","status":"publish","type":"post","link":"https:\/\/revistaepocadigital.com.ar\/?p=10216","title":{"rendered":"Trabajadores, \u00a1feliz d\u00eda!"},"content":{"rendered":"<p><strong>EL DIA MERECIDO.<\/strong><!--more--><\/p>\n<p>El saludo de EPOCA para todos los trabajadores. Y el profundo deseo para que aquellos que padecen por no conseguir trabajo, puedan obtenerlo. Y, desde ya, para que la Argentina alg\u00fan d\u00eda, pase a ofrecer trabajo para la gente y deje atr\u00e1s rumbos que llevaron al pa\u00eds a la destrucci\u00f3n de las esenciales fuentes laborales.<\/p>\n<p>&nbsp;<\/p>\n<p><img loading=\"lazy\" decoding=\"async\" class=\"aligncenter size-full wp-image-10217\" src=\"https:\/\/revistaepocadigital.com.ar\/wp-content\/uploads\/2021\/05\/179367812_10225638531889372_4462724565279595106_n.jpg\" alt=\"\" width=\"944\" height=\"1020\" srcset=\"https:\/\/revistaepocadigital.com.ar\/wp-content\/uploads\/2021\/05\/179367812_10225638531889372_4462724565279595106_n.jpg 944w, https:\/\/revistaepocadigital.com.ar\/wp-content\/uploads\/2021\/05\/179367812_10225638531889372_4462724565279595106_n-278x300.jpg 278w, https:\/\/revistaepocadigital.com.ar\/wp-content\/uploads\/2021\/05\/179367812_10225638531889372_4462724565279595106_n-768x830.jpg 768w, https:\/\/revistaepocadigital.com.ar\/wp-content\/uploads\/2021\/05\/179367812_10225638531889372_4462724565279595106_n-696x752.jpg 696w, https:\/\/revistaepocadigital.com.ar\/wp-content\/uploads\/2021\/05\/179367812_10225638531889372_4462724565279595106_n-389x420.jpg 389w, https:\/\/revistaepocadigital.com.ar\/wp-content\/uploads\/2021\/05\/179367812_10225638531889372_4462724565279595106_n-777x840.jpg 777w\" sizes=\"auto, (max-width: 944px) 100vw, 944px\" \/><\/p>\n<p>&nbsp;<\/p>\n","protected":false},"excerpt":{"rendered":"<p>EL DIA MERECIDO.<\/p>\n","protected":false},"author":4,"featured_media":10217,"comment_status":"open","ping_status":"open","sticky":false,"template":"","format":"standard","meta":{"footnotes":"","jetpack_publicize_message":"","jetpack_publicize_feature_enabled":true,"jetpack_social_post_already_shared":false,"jetpack_social_options":{"image_generator_settings":{"template":"highway","default_image_id":0,"font":"","enabled":false},"version":2}},"categories":[13],"tags":[1344],"class_list":["post-10216","post","type-post","status-publish","format-standard","has-post-thumbnail","hentry","category-interes-general","tag-dia-del-trabajo"],"jetpack_publicize_connections":[],"jetpack_featured_media_url":"https:\/\/revistaepocadigital.com.ar\/wp-content\/uploads\/2021\/05\/179367812_10225638531889372_4462724565279595106_n.jpg","jetpack_likes_enabled":true,"_links":{"self":[{"href":"https:\/\/revistaepocadigital.com.ar\/index.php?rest_route=\/wp\/v2\/posts\/10216","targetHints":{"allow":["GET"]}}],"collection":[{"href":"https:\/\/revistaepocadigital.com.ar\/index.php?rest_route=\/wp\/v2\/posts"}],"about":[{"href":"https:\/\/revistaepocadigital.com.ar\/index.php?rest_route=\/wp\/v2\/types\/post"}],"author":[{"embeddable":true,"href":"https:\/\/revistaepocadigital.com.ar\/index.php?rest_route=\/wp\/v2\/users\/4"}],"replies":[{"embeddable":true,"href":"https:\/\/revistaepocadigital.com.ar\/index.php?rest_route=%2Fwp%2Fv2%2Fcomments&post=10216"}],"version-history":[{"count":0,"href":"https:\/\/revistaepocadigital.com.ar\/index.php?rest_route=\/wp\/v2\/posts\/10216\/revisions"}],"wp:featuredmedia":[{"embeddable":true,"href":"https:\/\/revistaepocadigital.com.ar\/index.php?rest_route=\/wp\/v2\/media\/10217"}],"wp:attachment":[{"href":"https:\/\/revistaepocadigital.com.ar\/index.php?rest_route=%2Fwp%2Fv2%2Fmedia&parent=10216"}],"wp:term":[{"taxonomy":"category","embeddable":true,"href":"https:\/\/revistaepocadigital.com.ar\/index.php?rest_route=%2Fwp%2Fv2%2Fcategories&post=10216"},{"taxonomy":"post_tag","embeddable":true,"href":"https:\/\/revistaepocadigital.com.ar\/index.php?rest_route=%2Fwp%2Fv2%2Ftags&post=10216"}],"curies":[{"name":"wp","href":"https:\/\/api.w.org\/{rel}","templated":true}]}}