{"id":10222,"date":"2021-05-01T11:15:37","date_gmt":"2021-05-01T14:15:37","guid":{"rendered":"https:\/\/revistaepocadigital.com.ar\/?p=10222"},"modified":"2021-05-01T11:16:50","modified_gmt":"2021-05-01T14:16:50","slug":"maria-eugenia-vidal-canta-volver-podra","status":"publish","type":"post","link":"https:\/\/revistaepocadigital.com.ar\/?p=10222","title":{"rendered":"Mar\u00eda Eugenia Vidal, canta &#8220;Volver&#8221;, \u00bfpodr\u00e1?"},"content":{"rendered":"<div class=\"nd-body-article\">\n<p><strong>A LA POL\u00cdTICA.<br \/>\n<!--more--><\/strong><\/p>\n<p class=\"paragraph\">Reproducimos ac\u00e1, la extensa nota a la exgobernadora Mar\u00eda Eugenia Vidal, publicada por el portal Infobae.<\/p>\n<p class=\"paragraph\">De regreso a la pol\u00edtica activa, con un libro bajo el brazo que antecede su reaparici\u00f3n luego de 17 meses de silencio y especulaciones sobre su candidatura, la ex gobernadora Mar\u00eda Eugenia Vidal plante\u00f3 duros cuestionamientos al gobierno nacional por la gesti\u00f3n de la pandemia, plante\u00f3 que es Cristina Kirchner y no Alberto Fern\u00e1ndez quien toma las decisiones del Gobierno y advirti\u00f3 que en la Provincia la principal herramienta para enfrentar el COVID es \u201c<b>la agitaci\u00f3n del miedo y las prohibiciones<\/b>\u201d.<\/p>\n<p class=\"paragraph\">En una entrevista con <b>Infobae<\/b> que se realiz\u00f3 minutos despu\u00e9s del <a href=\"https:\/\/www.infobae.com\/politica\/2021\/05\/01\/segunda-ola-de-covid-19-que-dice-el-decreto-que-oficializo-las-restricciones-que-estaran-vigentes-hasta-el-21-de-mayo\/\" target=\"_blank\" rel=\"noopener\">anuncio de la nueva etapa de restricciones ante la segunda de la pandemia<\/a>, la ex gobernadora evit\u00f3 dar definiciones sobre si participar\u00e1 como candidata en las pr\u00f3ximas elecciones, como as\u00ed tambi\u00f3 eludi\u00f3 la creciente interna entre sectores duros y moderados en Juntos por el Cambio.<\/p>\n<p class=\"paragraph\">En cambio, apunt\u00f3 con dureza contra el kirchnerismo y respondi\u00f3 a las acusaciones lanzadas por el Presidente por su actuaci\u00f3n como gobernadora de la provincia de Buenos Aires. Aunque critic\u00f3 a su sucesor al frente del Ejecutivo bonaerense, afirm\u00f3 que Axel Kicillof \u201csabe que puede contar\u201d con la oposici\u00f3n para enfrentar la pandemia. Y defendi\u00f3 el <a href=\"https:\/\/www.infobae.com\/opinion\/2021\/05\/01\/con-mensajes-para-alberto-fernandez-y-la-corte-suprema-horacio-rodriguez-larreta-volvio-a-nacionalizar-su-discurso-para-anunciar-las-restricciones\/\" target=\"_blank\" rel=\"noopener\">mantenimiento de las clases presenciales que decidi\u00f3 Horacio Rodr\u00edguez Larreta.<\/a><\/p>\n<p class=\"paragraph\"><b>-\u00bfCu\u00e1l es su an\u00e1lisis sobre las medidas que anunci\u00f3 Alberto Fern\u00e1ndez para extender las restricciones frente a la segunda ola?<\/b><\/p>\n<p class=\"paragraph\">Lo primero que queda en evidencia es que las medidas que hace 15 d\u00edas nos dijeron que eran por 15 d\u00edas no lo eran. Y que con la suma de estas tres semanas los chicos van a estar m\u00e1s de un mes sin clases. Lo segundo es la ausencia de alguna menci\u00f3n sobre c\u00f3mo va a seguir el plan de vacunaci\u00f3n. Difiero con el Presidente respecto de que este plan sea un \u00e9xito. El 2% de los argentinos se aplic\u00f3 las dos dosis y el 15% una sola.<mark class=\"hl_yellow\"> Eso no puede ser considerado exitoso y me preocupa porque la vacuna es el verdadero remedio a la situaci\u00f3n que estamos atravesando. <\/mark>Cuanto m\u00e1s r\u00e1pido avancemos con la vacunaci\u00f3n menos restricciones vamos a necesitar. <b>La restricci\u00f3n no puede ser la \u00fanica pol\u00edtica. Ninguno quiere que haya que elegir a qui\u00e9n ponerle un respirador en un hospital y nadie quiere la muerte<\/b>, pero hay muchas maneras de enfrentar lo que est\u00e1 pasando y pareciera ser que la \u00fanica desde el gobierno nacional pasa por la restricci\u00f3n y, en particular, por las escuelas, que deber\u00edan ser el \u00faltimo lugar en cerrar o al menos encontrar otras salidas intermedias.<\/p>\n<div class=\"visual__image image_container\"><\/div>\n<p class=\"paragraph\"><b>-\u00bfPor qu\u00e9 piensa que tom\u00f3 esta decisi\u00f3n sobre los colegios? \u00bfPor convencimiento o porque los gremios presionan para que las escuelas sigan cerradas?<\/b><\/p>\n<p class=\"paragraph\">No s\u00e9 cu\u00e1les son las motivaciones del Presidente. Lo que se necesita es un Presidente que, con calma, defina un plan. As\u00ed como en otros temas que preocupan en la Argentina, como el empleo o la inflaci\u00f3n, sentimos que no tenemos un plan, con la pandemia nos pasa lo mismo. <mark class=\"hl_yellow\">No sabemos lo que va a pasar ma\u00f1ana o el mes que viene y eso genera mucha angustia, mucho agotamiento, se pierde la credibilidad.<\/mark> Hay que recuperar cuanto antes el di\u00e1logo con todos y decidir un camino previsible que nos diga d\u00f3nde estamos parados hoy y hacia d\u00f3nde vamos para no estar las pr\u00f3ximas tres semanas pensando c\u00f3mo va a seguir esto.<\/p>\n<p class=\"paragraph\"><b>&#8211; Esta vez, para tomar las medidas, el Presidente consult\u00f3 a los gobernadores e incluso a Horacio Rodr\u00edguez Larreta.<\/b><\/p>\n<p class=\"paragraph\">Est\u00e1 claro que en lo que hace a la apertura de las escuelas no hay acuerdo. Comparto con el Presidente la preocupaci\u00f3n por la circulaci\u00f3n, pero vemos que se anuncian m\u00e1s restricciones y luego no se controla. La restricci\u00f3n no tiene sentido si no hay capacidad real de controlarla. Eso, por ejemplo, termina afectando a los chicos que no pueden ir a la escuela. <mark class=\"hl_yellow\">Esta enfermedad es de comportamiento social y se ha apelado poco al cuidado responsable de cada uno. <\/mark>La inmensa mayor\u00eda de los argentinos hemos hecho un enorme esfuerzo por cuidarnos y por respetar las normas. Todav\u00eda se puede trabajar m\u00e1s ah\u00ed. Hay muchas maneras de combatir esta enfermedad, pero el gobierno nacional y el provincial s\u00f3lo se han enfocado en una y, adem\u00e1s, no han sido capaces de controlarla.<\/p>\n<blockquote class=\"color_figcaption\">\n<div class=\"text\">&#8220;Desde el principio, la agitaci\u00f3n del miedo y la prohibici\u00f3n ha sido la principal herramienta de combate al Covid que ha utilizado la Provincia&#8221;<\/div>\n<\/blockquote>\n<p class=\"paragraph\"><b>&#8211; \u00bfA qu\u00e9 atribuye el hecho de que el gobernador Axel Kicillof tenga una postura m\u00e1s dura sobre las restricciones que el Presidente? \u00bfEs s\u00f3lo miedo al colapso sanitario?<\/b><\/p>\n<p class=\"paragraph\"><mark class=\"hl_yellow\">Desde el principio, la agitaci\u00f3n del miedo y la prohibici\u00f3n ha sido la principal herramienta de combate al COVID que ha utilizado la Provincia. <\/mark>Esto est\u00e1 claro: el a\u00f1o pasado, escuch\u00e1bamos al ministro de Salud hablar de cad\u00e1veres por las calles. No niego que la situaci\u00f3n tiene una gravedad como para preocuparse y ocuparse, pero quien gobierna es quien m\u00e1s tiene que mantener la calma y apoyarse en todas las herramientas que tiene a disposici\u00f3n. Reitero: l<mark class=\"hl_yellow\">a mejor manera de enfrentar lo que nos est\u00e1 pasando es la vacuna. <\/mark>Ese es el camino para evitar que nuestros chicos se tengan que quedar encerrados en casa, que tengamos un familiar en terapia intensiva, que tengamos que lamentar una p\u00e9rdida y que haya mucha gente que perdi\u00f3 un ser querido y ni siquiera lo pudo despedir. La \u00fanica pol\u00edtica no puede ser la prohibici\u00f3n y que no tengamos un abanico m\u00e1s amplio. Entiendo que hay que restringir y que la circulaci\u00f3n tiene que ser controlada, pero con un criterio de racionalidad,<mark class=\"hl_yellow\"> sin p\u00e1nico y tratando de usar todos los caminos posibles<\/mark>.<\/p>\n<div class=\"visual__image image_container\"><\/div>\n<p class=\"paragraph\"><b>&#8211; En las \u00faltimas semanas, Alberto Fern\u00e1ndez y Kicillof aludieron a los problemas generados en su gesti\u00f3n como gobernadora y criticaron el cierre de escuelas o los hospitales que no se terminaron. \u00bfHay una utilizaci\u00f3n pol\u00edtica de la pandemia?<\/b><\/p>\n<p class=\"paragraph\">Eso responde a una actitud que pasa mucho en la pol\u00edtica, que es buscar a qui\u00e9n echarle la culpa en lugar de resolver el problema. Al ciudadano com\u00fan lo que le importa es si su hijo va a ir a la escuela hoy, no la discusi\u00f3n sobre mi gobierno con afirmaciones que, adem\u00e1s, son falsas. Y justamente en este momento donde seis de cada diez chicos son pobres, donde perdimos un mill\u00f3n de puestos de trabajo, donde nuestros chicos en la Provincia no van a las escuelas, y no s\u00f3lo en los \u00faltimos quince d\u00edas porque hay muchas que este a\u00f1o no abrieron y venimos de un a\u00f1o donde tampoco lo hicieron. No s\u00e9 cu\u00e1l es el sentido de hacer pol\u00edtica y campa\u00f1a electoral en este contexto.<\/p>\n<p class=\"paragraph\"><b>&#8211; El Presidente dijo hace pocos d\u00edas que el gobierno de Cambiemos no inaugur\u00f3 vivienda por odio \u00bfqu\u00e9 piensa de eso?<\/b><\/p>\n<p class=\"paragraph\">\u00bfDe verdad hay que responder eso?<\/p>\n<p class=\"paragraph\"><b>&#8211; Fue el Presidente el que lo dijo en un acto oficial.<\/b><\/p>\n<p class=\"paragraph\">\u00bfTengo que contestarle algo peor? \u00bfCu\u00e1n lejos est\u00e1 dispuesta a llegar la pol\u00edtica en un momento como \u00e9ste para su provecho personal? <mark class=\"hl_yellow\">\u00bfDe verdad alguien puede pensar que un gobierno, cualquiera sea, no termina una vivienda por odio? Es inadmisible.<\/mark> Cuando llegamos al gobierno hab\u00eda 30 mil viviendas sin terminar. 30 mil, no 14, 15 o 100. Y a nosotros jam\u00e1s se nos hubiera ocurrido decir que no las terminaron por odio. El Presidente no tiene un discurso claro. El d\u00eda anterior hab\u00eda dicho que ten\u00edamos que trabajar como en una sinfon\u00eda y al d\u00eda siguiente dice que no hac\u00edamos viviendas por odio. <mark class=\"hl_yellow\">Es dif\u00edcil para una oposici\u00f3n que quiere colaborar, que entiende que estamos en un momento en donde lo \u00fanico que importa es darle respuestas a la gente, dialogar con un Presidente que se para en ese lugar,<\/mark> que, adem\u00e1s, es un lugar alejado de la necesidad de la gente. \u00bfPiensa que los argentinos que lo est\u00e1n escuchando, muchos que perdieron su trabajo o que no pueden viajar en colectivo porque son informales pese a ser esenciales, es lo que esperan de nuestro Presidente? Me parece un error enorme.<\/p>\n<p class=\"paragraph\"><b>&#8211; \u00bfCu\u00e1l es su interpretaci\u00f3n sobre el motivo que tiene Alberto Fern\u00e1ndez para decir eso?<\/b><\/p>\n<p class=\"paragraph\"><mark class=\"hl_yellow\">Hay muchos dirigentes que creen que su trabajo es agrandar cada vez m\u00e1s la grieta que hay entre el Frente de Todos y Juntos por el Cambio<\/mark>. Lo \u00fanico que hacen es profundizar la distancia que tienen con la sociedad. Cuanto m\u00e1s se pelean, m\u00e1s hablan del otro y menos respuestas dan, m\u00e1s lejos est\u00e1n de la gente. Hoy la gente la est\u00e1 pasando mal. Se enferm\u00f3 alguien de la familia o se enfermaron ellos o perdieron alguien por COVID. Son m\u00e1s pobres de lo que eran antes de esta pandemia, les cuesta llegar a fin de mes, tienen miedo de perder su trabajo o ya lo perdieron. Y si ten\u00edan un peque\u00f1o comercio ahora van a tener que cerrar a las 7 de la tarde y seguramente tienen miedo de que en tres semanas directamente lo tengan que cerrar. En ese contexto, <mark class=\"hl_yellow\">a la fuerza pol\u00edtica que gobierna le importa m\u00e1s insultarme a m\u00ed o a Mauricio Macri que resolver esos problemas. <\/mark>Eso es lo realmente grave. No es grave lo que diga de m\u00ed, de mi gobierno o del gobierno de Mauricio (Macri). Ese ciudadano nos est\u00e1 mirando para ver c\u00f3mo le vamos a resolver esas angustias y lo \u00fanico que ve son pol\u00edticos peleando sobre temas que no lo afectan. Llamo a la reflexi\u00f3n al Presidente y a todos los que gobiernan en esta pandemia para que entiendan el lugar donde est\u00e1 parada la gente y cuanta distancia se ha ido construyendo en estas discusiones de campa\u00f1a, rid\u00edculas.<\/p>\n<p class=\"paragraph\"><b>&#8211; \u00bfPor qu\u00e9 se insiste en esa l\u00ednea dura si la gente est\u00e1 con otras preocupaciones? No solamente en el oficialismo, sino que parece un fen\u00f3meno que se repite en Juntos por el Cambio, donde hay una l\u00ednea dura que a veces predomina sobre la moderada.<\/b><\/p>\n<p class=\"paragraph\">Me permito plantear algo porque lo he hecho en el interior de mi partido: definamos lo que es duro. La firmeza, la dureza, el l\u00edmite, se imponen desde la acci\u00f3n, no desde el discurso. No porque yo me ponga a insultar al Presidente soy dura. Creo que fui dura cuando cerr\u00e9 los casinos y los bingos, cuando entr\u00e9 en barrios a buscar narcos y transas que nunca la polic\u00eda hab\u00eda buscado, cuando por primera vez le hicimos controles de consumo de drogas a la polic\u00eda o cuando me enfrent\u00e9 con el Pata Medina. Eso es ser duro, lo dem\u00e1s son discursos, es campa\u00f1a, es ver qui\u00e9n insulta m\u00e1s a qui\u00e9n. <b>No creo en esa forma de hacer pol\u00edtica. En el interior de mi espacio tambi\u00e9n me paro en ese lugar, que no es un lugar tibio ni d\u00e9bil, pero las discusiones se dan sobre los problemas de la gente<\/b>. Al Presidente lo votaron los argentinos, igual que al gobernador y al jefe de Gobierno. Si somos democr\u00e1ticos tenemos que entender que ese fue el resultado de la elecci\u00f3n. Y a la oposici\u00f3n la votaron 11 millones de personas y las tenemos que representar. Nuestro l\u00edmite siempre son nuestros valores. De ah\u00ed no me muevo un cent\u00edmetro. No estoy dispuesta a decirles a los argentinos que tienen que esperar dos a\u00f1os y medio a que Juntos por el Cambio gane la elecci\u00f3n para que ellos vivan mejor. Eso es mezquino.<\/p>\n<p class=\"paragraph\"><b>&#8211; Es evidente que Patricia Bullrich tiene una mirada distinta que la suya o la de Rodr\u00edguez Larreta. No creen en las mismas formas de enfrentarse al Gobierno.<\/b><\/p>\n<p class=\"paragraph\">La unidad en Juntos por el Cambio no significa unanimidad ni uniformidad. Est\u00e1 muy bien que haya diversidad y que haya distintas voces. Eso es bueno para el espacio. <mark class=\"hl_yellow\">Lo que no puede haber es distintos valores y creo que los valores son los mismos en todos<\/mark>, defendemos todos algunas cosas fundamentales como la Constituci\u00f3n, la divisi\u00f3n de poderes, la libertad. Puede haber matices entre nosotros y no est\u00e1 mal que los haya y que expresemos distintas voces. Pero me parece que lo que se juega no es duro o blando.<\/p>\n<p class=\"paragraph\"><b>-\u00bfC\u00f3mo juzga la actitud de Bullrich como presidenta del PRO?<\/b><\/p>\n<p class=\"paragraph\">Patricia se hizo cargo del proyecto el a\u00f1o pasado, cuando tanto Mauricio como yo hab\u00edamos decidido salir de la escena p\u00fablica un tiempo, respetando el resultado electoral, y Horacio estaba absolutamente involucrado en la pandemia y no pod\u00eda ocuparse de cuestiones partidarias. Es valioso que ella haya tomado ese rol de presidenta del partido.<\/p>\n<p class=\"paragraph\"><b>&#8211; \u00bfY c\u00f3mo lo est\u00e1 haciendo?<\/b><\/p>\n<p class=\"paragraph\">El PRO tiene un enorme desaf\u00edo de crecimiento en cada lugar del pa\u00eds. En muchos lugares hemos crecido mucho, como en C\u00f3rdoba, Santa Fe, Mendoza. Es un partido joven, un partido que tiene 20 a\u00f1os y competimos contra el peronismo y el radicalismo, que tienen mucha mas historia, pero seguimos siendo un espacio para mucha gente que no hizo pol\u00edtica nunca, que quiere empezar por primera vez, que quiere algo distinto.<\/p>\n<p class=\"paragraph\"><b>-Sigue sin calificar a Bullrich.<\/b><\/p>\n<p class=\"paragraph\">Es que no tengo por qu\u00e9 calificarla.<\/p>\n<p class=\"paragraph\"><b>-\u00bfPero se siente identificada con la impronta que le da al PRO?<\/b><\/p>\n<p class=\"paragraph\">Somos parte de un mismo espacio pol\u00edtico y de un mismo frente pol\u00edtico, y me parece muy bien que se haya hecho cargo de la presidencia el a\u00f1o pasado.<\/p>\n<p class=\"paragraph\"><b>&#8211; Hay un acuerdo entre oficialismo y oposici\u00f3n para que las elecciones se posterguen un mes por la pandemia. \u00bfEst\u00e1 de acuerdo en diferir las PASO?<\/b><\/p>\n<p class=\"paragraph\">Si los criterios son sanitarios, me parece razonable.<\/p>\n<p class=\"paragraph\"><b>&#8211; Algunos temen que eso implique eliminar las PASO.<\/b><\/p>\n<p class=\"paragraph\">Nosotros presentamos un proyecto de ley al oficialismo, sobre el que todav\u00eda no tuvimos respuesta, donde queda avalada la postergaci\u00f3n, pero claramente queda expresado que no pueden eliminarse las PASO este a\u00f1o.<\/p>\n<p class=\"paragraph\"><b>&#8211; En Juntos por el Cambio no hay unanimidad sobre c\u00f3mo tienen que resolverse las candidaturas para las pr\u00f3ximas elecciones. \u00bfCu\u00e1l es su opini\u00f3n? \u00bfHay que ir a internas o apostar por el consenso?<\/b><\/p>\n<p class=\"paragraph\">No s\u00f3lo es un escenario lejano sino que hablar de estas cosas es casi una falta de respeto hacia la gente que hoy est\u00e1 tan angustiada. Siempre he sido dentro del espacio una promotora de la unidad, pero si no es posible, por supuesto <mark class=\"hl_yellow\">est\u00e1 la herramienta de las PASO para que la gente salde este teme. Tampoco me parece dram\u00e1tico que as\u00ed sea<\/mark>, pero hoy me parece casi irrespetuoso en este contexto. Ya habr\u00e1 tiempo para eso.<\/p>\n<p class=\"paragraph\"><b>&#8211; \u00bfTampoco va a revelar si ser\u00e1 candidata en Capital o en Provincia?<\/b><\/p>\n<p class=\"paragraph\">Hoy no me desvela. Ya tom\u00e9 una decisi\u00f3n y es que en esta campa\u00f1a voy a estar presente. Le voy a poner el cuerpo, como se lo puse siempre, para defender las cosas en las que creo. Hoy me preocupa m\u00e1s este contexto de pandemia y c\u00f3mo la gente est\u00e1 pas\u00e1ndola mal. <mark class=\"hl_yellow\">La definici\u00f3n sobre mi candidatura es un hecho que puede posponerse.<\/mark><\/p>\n<p class=\"paragraph\"><b>&#8211; Pero m\u00e1s all\u00e1 de las candidaturas, pueden ser prematuras, \u00bfno se necesitan liderazgos definidos, fuertes, desde la oposici\u00f3n?<\/b><\/p>\n<p class=\"paragraph\">Juntos por el Cambio no s\u00f3lo tiene el valor de la unidad. Debe haber sido la primera oposici\u00f3n no peronista desde 1983 que se sostiene frente a un oficialismo como \u00e9ste, y eso es un valor: habernos sostenido unidos y de alguna manera representamos bien lo que nos ped\u00edan esos 11 millones de argentinos que nos votaron. Tambi\u00e9n es bueno que tengamos varios liderazgos. <mark class=\"hl_yellow\">Es un s\u00edntoma de crecimiento que no haya un liderazgo \u00fanico. Esa es una buena noticia. <\/mark>Est\u00e1n Horacio, Mart\u00edn Lousteau, Alfredo Cornejo, Lilita Carri\u00f3, Mario Negri, los gobernadores como Gerardo Morales o Gustavo Vald\u00e9s. La gente va eligiendo y definiendo el lugar que a cada uno le corresponde.<\/p>\n<p class=\"paragraph\"><b>-\u00bfQu\u00e9 rol cree que deber\u00eda cumplir Mauricio Macri?<\/b><\/p>\n<p class=\"paragraph\">Siempre el mejor liderazgo o el mejor lugar es el que uno elige porque uno est\u00e1 convencido de eso. Con lo cual, esa es una decisi\u00f3n de Mauricio. Es un ex presidente que tiene un mont\u00f3n de valor para aportar al espacio. \u00bfDesde d\u00f3nde lo va a aportar? <mark class=\"hl_yellow\">\u00c9l tiene toda la libertad para elegirlo y hoy est\u00e1 diciendo que su lugar es promover nuevos liderazgos, ayudar a que crezcan,<\/mark>. Si es eso, bienvenido porque muchos de los que estamos en el espacio vamos a valorar este aporte. Y si no, ser\u00e1 el que \u00e9l defina.<\/p>\n<p class=\"paragraph\"><b>&#8211; Hab\u00eda dicho cuando era gobernadora que no estaba de acuerdo con algunas decisiones de Mauricio en el Gobierno y que se arrepent\u00eda de no haber hablado en su momento. \u00bfPor qu\u00e9 no habl\u00f3? \u00bfQu\u00e9 es lo que lleva a una persona con su impronta a no decir lo que piensa?<\/b><\/p>\n<p class=\"paragraph\">Hablar, habl\u00e9. No es que no habl\u00e9. Mi libro dice hacer <i>o\u00edr mi voz m\u00e1s fuerte<\/i>. Sobre todo en el 2018, porque creo que ya en 2019 la situaci\u00f3n era muy dif\u00edcil de revertir. Pero cuando empez\u00f3 la crisis en abril de 2018 la decisi\u00f3n tuvo que ver con ser parte de un gobierno, del primer gobierno no peronista que ten\u00eda que terminar su mandato en los \u00faltimos 90 a\u00f1os.<\/p>\n<p class=\"paragraph\"><b>&#8211; Pes\u00f3 m\u00e1s el miedo a la ingobernabilidad\u2026<\/b><\/p>\n<p class=\"paragraph\">El gobernador de la provincia de Buenos Aires no es un actor menor en la fortaleza institucional del presidente. Y desde septiembre, incluso antes del 2018 se hablaba del helic\u00f3ptero, se hablaba de que no se terminaba el mandato. Era en ese contexto que se daba la crisis econ\u00f3mica. Yo sent\u00eda que mi posici\u00f3n no era indiferente a la fortaleza del presidente y a la fortaleza del gobierno. Prioric\u00e9 eso. Lo que dije en mi libro es que a veces generar alguna discusi\u00f3n interna o externa m\u00e1s fuerte termina fortaleciendo y ayudando. Esa es una autocr\u00edtica que yo hago sobre todo en lo que hace al tema econ\u00f3mico.<\/p>\n<div class=\"visual__image image_container\">Franco Fafasuli<\/div>\n<p class=\"paragraph\"><b>&#8211; Kicillof tiene un rol m\u00e1s protag\u00f3nico en este momento al lado de Alberto Fern\u00e1ndez, como el que usted quisiera haber tenido&#8230;<\/b><\/p>\n<p class=\"paragraph\">Yo creo que Cristina tiene un rol protag\u00f3nico. Y que en todo caso Cristina prioriza la provincia de Buenos Aires.<\/p>\n<p class=\"paragraph\"><b>&#8211; Entonces Kicillof es una mera correa de transmisi\u00f3n de Cristina&#8230;<\/b><\/p>\n<p class=\"paragraph\"><mark class=\"hl_yellow\">Bueno, nadie tiene dudas de que hoy quien toma las decisiones centralmente es la Vicepresidenta.<\/mark><\/p>\n<p class=\"paragraph\"><b>&#8211; \u00bfLas decisiones del pa\u00eds o las de la Provincia?<\/b><\/p>\n<p class=\"paragraph\">Las dos.<\/p>\n<p class=\"paragraph\"><b>&#8211; \u00bfY por qu\u00e9 pasa eso o por qu\u00e9 Alberto Fern\u00e1ndez permite que eso ocurra? Que sea la vicepresidenta la que toma las decisiones fundamentales del Gobierno.<\/b><\/p>\n<p class=\"paragraph\">Bueno, hay un problema de origen que es<mark class=\"hl_yellow\"> la vicepresidenta eligiendo al presidente. Y todos lo sabemos. M\u00e1s all\u00e1 de que yo creo que son lo mismo. <\/mark>Esto de diferenciar&#8230; son lo mismo. El Presidente defiende, expresa y sostiene las ideas de la Vicepresidenta.<\/p>\n<p class=\"paragraph\"><b>&#8211; Ideas que Alberto Fern\u00e1ndez antes no ten\u00eda, o ten\u00eda contrarias a las que tiene ahora sobre Cristina Kirchner.<\/b><\/p>\n<p class=\"paragraph\">S\u00ed, hemos visto antes que hablaba reci\u00e9n, un d\u00eda la sinfon\u00eda y otro d\u00eda la oposici\u00f3n es la que odia. A veces es dif\u00edcil entender d\u00f3nde el Gobierno se para.<\/p>\n<p class=\"paragraph\"><b>&#8211; Elisa Carri\u00f3 piensa que en realidad es dif\u00edcil aliarse con los peronistas porque siempre te terminan traicionando. \u00bfPiensa lo mismo que ella?<\/b><\/p>\n<p class=\"paragraph\">Creo que hay un peronismo republicano, un peronismo que incluso ha sido parte de mi gobierno cuando yo fui gobernadora y que es valioso para que sea parte de Juntos por el Cambio. Creo que adem\u00e1s de la Coalici\u00f3n C\u00edvica, la Uni\u00f3n C\u00edvica Radical y el PRO, <mark class=\"hl_yellow\">el peronismo tiene que tener un espacio en Juntos por el Cambio y ser parte de la toma de decisiones y de la construcci\u00f3n de una alternativa de poder al oficialismo en la Argentina<\/mark>. Pichetto, Joaqu\u00edn de la Torre, son una muestra entre tantos otros nombres de personas que est\u00e1n dentro de nuestro espacio y que no dejan de lado su identidad y sin embargo creen en otra forma de hacer pol\u00edtica y de gobernar en la Argentina.<\/p>\n<p class=\"paragraph\"><b>&#8211; Trascendi\u00f3 mucho que usted tiene contacto con M\u00e1ximo Kirchner, con Sergio Massa. \u00bfPor qu\u00e9 cree que hay tanta mirada negativa sobre estos contactos o estos di\u00e1logos?<\/b><\/p>\n<p class=\"paragraph\">No creo que la mayor\u00eda de la gente lo vea mal. Tal vez algunos extremos lo ven mal. Yo creo que la Argentina es tan compleja y tiene dificultades tan profundas que para ponerla de pie no podemos pensar que ninguna fuerza pol\u00edtica va a poder sola.<mark class=\"hl_yellow\"> Y \u00e9ste creo que es uno de los errores que est\u00e1 cometiendo el Presidente,<\/mark> pensar que \u00e9l solo, con su propio espacio pol\u00edtico, va a poder poner a la Argentina de pie. Definitivamente necesita de los dem\u00e1s. Porque adem\u00e1s hay un 40% de argentinos que no lo eligieron y que tambi\u00e9n necesitan ser representados.<\/p>\n<p class=\"paragraph\"><b>&#8211; Dirigentes pol\u00edticos de primer orden dentro de la oposici\u00f3n est\u00e1n esperando su definici\u00f3n, aliados y otros que no lo son tanto. \u00bfA ellos qu\u00e9 les dice?<\/b><\/p>\n<p class=\"paragraph\">Que las elecciones no las ganan los nombres y apellidos, las elecciones las ganan lo que uno representa. En el 2015 alguien como yo, pr\u00e1cticamente desconocida, gan\u00e9 la provincia de Buenos Aires y no la gan\u00e9 desde ser Mar\u00eda Eugenia Vidal, la gan\u00e9 desde lo que los bonaerenses vieron en mi representaci\u00f3n, alguien que no era del sistema, una mujer aparentemente que nunca hab\u00eda estado metida en todos los manejos de la provincia de Buenos Aires. Los bonaerenses quer\u00edan algo distinto, quer\u00edan algo que cambiara ese sistema. Hoy, si somos capaces de representar lo que quieren, lo m\u00e1s importante no es el nombre y el apellido. Y para representar lo que la gente necesita hay que escucharla y hay que estar en la calle escuch\u00e1ndola. Ah\u00ed represent\u00e1s lo que el pasa a la gente y el nombre y el apellido pasan a ser secundarios.<\/p>\n<div class=\"visual__image image_container\"><\/div>\n<p class=\"paragraph\"><b>&#8211; Igual, \u00bfde qu\u00e9 depende su decisi\u00f3n de presentarse o no este a\u00f1o, hacerlo en Capital o en Provincia o esperar hasta el 2023?<\/b><\/p>\n<p class=\"paragraph\">Es un tema de prioridades. <mark class=\"hl_yellow\">Hoy mi prioridad es ayudar a los intendentes, ayudar a Horacio<\/mark> (Rodr\u00edguez Larreta). Seguir trabajando en los barrios.<\/p>\n<p class=\"paragraph\"><b>&#8211; \u00bfQu\u00e9 le dir\u00eda a Kicillof ahora, en un momento de pandemia?<\/b><\/p>\n<p class=\"paragraph\">Lo que le dir\u00eda a Kiciloff es que para enfrentar esta dificultad cuente con nosotros. Eso le dir\u00eda. \u00c9l lo sabe. Se lo dije desde el minuto uno que empez\u00f3 la pandemia. Estamos hablando de una enfermedad y de la vida de miles de personas. Contar con el otro es escucharlo, admitir que piense distinto y pensar que puede tener raz\u00f3n. As\u00ed se construye el contar con el otro que, en nuestro caso, representamos a 3 millones de bonaerenses. Estamos dispuestos a representarlos a ellos y a acompa\u00f1ar al gobierno en las decisiones dif\u00edciles que supone esta pandemia. Pero no en la arbitrariedad. <mark class=\"hl_yellow\">No en la decisi\u00f3n destemplada. No en la falta de calma. No en la ausencia de sentido com\u00fan. En eso no<\/mark>. En lo que le d\u00e9 tranquilidad a la gente, que sea serio, que tenga que ver con un plan. Que tenga pasos secuenciales. Que los bonaerenses puedan prever. Ah\u00ed nos va a tener sin especulaci\u00f3n como nos tuvo desde el primer d\u00eda.<\/p>\n<p class=\"paragraph\"><b>&#8211; \u00bfSi tuviera que tomar una decisi\u00f3n ahora en este momento en la provincia de Buenos Aires hubiese mantenido las escuelas abiertas?<\/b><\/p>\n<p class=\"paragraph\"><mark class=\"hl_yellow\">Hubiera sido lo \u00faltimo que hubiera cerrado.<\/mark><\/p>\n<p class=\"paragraph\"><b>&#8211; \u00bfSiente que hay presiones para que defina su candidatura?<\/b><\/p>\n<p class=\"paragraph\">No me siento presionada. La verdad es que no me siento presionada. Me sent\u00eda presionada o me sent\u00eda preocupada cuando gobernaba la provincia y ten\u00eda que enfrentar situaciones muy dif\u00edciles como las que cont\u00e9 antes, pelearme con el juego, pelearme con las barrabravas, pelearme con el narcotr\u00e1fico. Esas son situaciones que generan presi\u00f3n o estr\u00e9s. \u00c9sta no. \u00c9sta es una decisi\u00f3n de una candidatura y no creo como dije antes que <mark class=\"hl_yellow\">ning\u00fan argentino deje de dormir para ver si yo soy o no soy candidata.<\/mark><\/p>\n<p class=\"paragraph\"><b>&#8211; Pero desde la pol\u00edtica se le puede achacar no haber sido candidata y quiz\u00e1s exponer a Juntos por el Cambio a una derrota.<\/b><\/p>\n<p class=\"paragraph\">\u2014 Yo creo que Juntos por el Cambio ha crecido mucho. Que como dije antes tiene muchos liderazgos y eso no pasa solo a nivel nacional, tambi\u00e9n pasa en la provincia de Buenos Aires. No creo que sea dependiente de una sola persona.<\/p>\n<p class=\"paragraph\"><b>&#8211; \u00bfCu\u00e1n importantes son las elecciones legislativas?<\/b><\/p>\n<p class=\"paragraph\">La mejor manera de que los pol\u00edticos no se alejen de la gente es no darles demasiado poder. Aquel pol\u00edtico que no tiene tanto poder est\u00e1 m\u00e1s obligado a escuchar. Y este a\u00f1o lo que se define es la mayor\u00eda o no en las C\u00e1maras del Congreso para el oficialismo. Creo que si la gente elige a la oposici\u00f3n, y en particular a Juntos por el Cambio, va a poder elegir una manera de evitar que el espacio del Frente para Todos tenga todo el poder. Que me parece que no es bueno, no es bueno. No va a ser bueno ni para el presidente ni va a ser bueno para los argentinos. Siempre que haya controles y que haya l\u00edmites hace que se gobierne mejor.<\/p>\n<\/div>\n<p class=\"paragraph\">Foto: gentileza Diario Rio Negro<\/p>\n<p>&nbsp;<\/p>\n","protected":false},"excerpt":{"rendered":"<p>A LA POL\u00cdTICA.<\/p>\n","protected":false},"author":3,"featured_media":10224,"comment_status":"open","ping_status":"open","sticky":false,"template":"","format":"standard","meta":{"footnotes":"","jetpack_publicize_message":"","jetpack_publicize_feature_enabled":true,"jetpack_social_post_already_shared":false,"jetpack_social_options":{"image_generator_settings":{"template":"highway","default_image_id":0,"font":"","enabled":false},"version":2}},"categories":[17],"tags":[179,146],"class_list":["post-10222","post","type-post","status-publish","format-standard","has-post-thumbnail","hentry","category-politica","tag-politica","tag-vidal"],"jetpack_publicize_connections":[],"jetpack_featured_media_url":"https:\/\/revistaepocadigital.com.ar\/wp-content\/uploads\/2021\/05\/vidal-1.jpg","jetpack_likes_enabled":true,"_links":{"self":[{"href":"https:\/\/revistaepocadigital.com.ar\/index.php?rest_route=\/wp\/v2\/posts\/10222","targetHints":{"allow":["GET"]}}],"collection":[{"href":"https:\/\/revistaepocadigital.com.ar\/index.php?rest_route=\/wp\/v2\/posts"}],"about":[{"href":"https:\/\/revistaepocadigital.com.ar\/index.php?rest_route=\/wp\/v2\/types\/post"}],"author":[{"embeddable":true,"href":"https:\/\/revistaepocadigital.com.ar\/index.php?rest_route=\/wp\/v2\/users\/3"}],"replies":[{"embeddable":true,"href":"https:\/\/revistaepocadigital.com.ar\/index.php?rest_route=%2Fwp%2Fv2%2Fcomments&post=10222"}],"version-history":[{"count":0,"href":"https:\/\/revistaepocadigital.com.ar\/index.php?rest_route=\/wp\/v2\/posts\/10222\/revisions"}],"wp:featuredmedia":[{"embeddable":true,"href":"https:\/\/revistaepocadigital.com.ar\/index.php?rest_route=\/wp\/v2\/media\/10224"}],"wp:attachment":[{"href":"https:\/\/revistaepocadigital.com.ar\/index.php?rest_route=%2Fwp%2Fv2%2Fmedia&parent=10222"}],"wp:term":[{"taxonomy":"category","embeddable":true,"href":"https:\/\/revistaepocadigital.com.ar\/index.php?rest_route=%2Fwp%2Fv2%2Fcategories&post=10222"},{"taxonomy":"post_tag","embeddable":true,"href":"https:\/\/revistaepocadigital.com.ar\/index.php?rest_route=%2Fwp%2Fv2%2Ftags&post=10222"}],"curies":[{"name":"wp","href":"https:\/\/api.w.org\/{rel}","templated":true}]}}