{"id":10226,"date":"2021-05-01T19:58:15","date_gmt":"2021-05-01T22:58:15","guid":{"rendered":"https:\/\/revistaepocadigital.com.ar\/?p=10226"},"modified":"2021-05-01T19:58:15","modified_gmt":"2021-05-01T22:58:15","slug":"por-las-obras-en-la-avenida-belgrano-cambia-el-recorrido-de-colectivos","status":"publish","type":"post","link":"https:\/\/revistaepocadigital.com.ar\/?p=10226","title":{"rendered":"Por las obras en la Avenida Belgrano, cambia el recorrido de colectivos"},"content":{"rendered":"<div class=\"kvgmc6g5 cxmmr5t8 oygrvhab hcukyx3x c1et5uql ii04i59q\">\n<div dir=\"auto\"><strong>TE HABLAMOS.<!--more--><\/strong><\/div>\n<div dir=\"auto\"><\/div>\n<div dir=\"auto\">De las l\u00edneas Ruta Bus y 228. El lunes 3 de mayo se produc\u00eda la modificaci\u00f3n del recorrido por Cardales, debido a las obras en la Av. Belgrano.<\/div>\n<div dir=\"auto\"><\/div>\n<div dir=\"auto\">Los colectivos que en forma habitual, circulan por dicha avenida, pasar\u00e1n a transitar por la caller colectora French, dado que por el lapso que se extiendan las obras, dicha arteria ser\u00e1 la entrada y salida de Cardales.<\/div>\n<\/div>\n<p>&nbsp;<\/p>\n","protected":false},"excerpt":{"rendered":"<p>TE HABLAMOS.<\/p>\n","protected":false},"author":4,"featured_media":10228,"comment_status":"open","ping_status":"open","sticky":false,"template":"","format":"standard","meta":{"footnotes":"","jetpack_publicize_message":"","jetpack_publicize_feature_enabled":true,"jetpack_social_post_already_shared":false,"jetpack_social_options":{"image_generator_settings":{"template":"highway","default_image_id":0,"font":"","enabled":false},"version":2}},"categories":[4,13],"tags":[344,1346],"class_list":["post-10226","post","type-post","status-publish","format-standard","has-post-thumbnail","hentry","category-aqui-los-cardales","category-interes-general","tag-obras","tag-recorrido-colectivos"],"jetpack_publicize_connections":[],"jetpack_featured_media_url":"https:\/\/revistaepocadigital.com.ar\/wp-content\/uploads\/2021\/05\/ruta-vus.jpg","jetpack_likes_enabled":true,"_links":{"self":[{"href":"https:\/\/revistaepocadigital.com.ar\/index.php?rest_route=\/wp\/v2\/posts\/10226","targetHints":{"allow":["GET"]}}],"collection":[{"href":"https:\/\/revistaepocadigital.com.ar\/index.php?rest_route=\/wp\/v2\/posts"}],"about":[{"href":"https:\/\/revistaepocadigital.com.ar\/index.php?rest_route=\/wp\/v2\/types\/post"}],"author":[{"embeddable":true,"href":"https:\/\/revistaepocadigital.com.ar\/index.php?rest_route=\/wp\/v2\/users\/4"}],"replies":[{"embeddable":true,"href":"https:\/\/revistaepocadigital.com.ar\/index.php?rest_route=%2Fwp%2Fv2%2Fcomments&post=10226"}],"version-history":[{"count":0,"href":"https:\/\/revistaepocadigital.com.ar\/index.php?rest_route=\/wp\/v2\/posts\/10226\/revisions"}],"wp:featuredmedia":[{"embeddable":true,"href":"https:\/\/revistaepocadigital.com.ar\/index.php?rest_route=\/wp\/v2\/media\/10228"}],"wp:attachment":[{"href":"https:\/\/revistaepocadigital.com.ar\/index.php?rest_route=%2Fwp%2Fv2%2Fmedia&parent=10226"}],"wp:term":[{"taxonomy":"category","embeddable":true,"href":"https:\/\/revistaepocadigital.com.ar\/index.php?rest_route=%2Fwp%2Fv2%2Fcategories&post=10226"},{"taxonomy":"post_tag","embeddable":true,"href":"https:\/\/revistaepocadigital.com.ar\/index.php?rest_route=%2Fwp%2Fv2%2Ftags&post=10226"}],"curies":[{"name":"wp","href":"https:\/\/api.w.org\/{rel}","templated":true}]}}