{"id":10235,"date":"2021-05-02T23:25:16","date_gmt":"2021-05-03T02:25:16","guid":{"rendered":"https:\/\/revistaepocadigital.com.ar\/?p=10235"},"modified":"2021-05-08T00:36:14","modified_gmt":"2021-05-08T03:36:14","slug":"volvio-desde-miami-con-un-certificado-trucho-de-covid-tiene-un-domicilio-en-capilla","status":"publish","type":"post","link":"https:\/\/revistaepocadigital.com.ar\/?p=10235","title":{"rendered":"Volvi\u00f3 desde Miami con un certificado de Covid al parecer trucho, tiene un domicilio en Capilla"},"content":{"rendered":"<header>\n<div class=\"article-header \">\n<h6 class=\"article-headline\"><\/h6>\n<h6 class=\"article-subheadline\"><strong>EL JUEZ FEDERAL INTERVINIENTE.<!--more--><\/strong><\/h6>\n<h5 class=\"article-subheadline\">Federico Villena orden\u00f3 su detenci\u00f3n, que cumplir\u00e1 en un hotel ubicado en la calle Libertad de la ciudad de Buenos Aires por propagar la enfermedad. En ese lugar qued\u00f3 aislado.<\/h5>\n<div class=\"grid\">\n<div class=\"byline | col widescreen-8 desktop-8 tablet-12 nd-article-byline display_flex isText width_full\">\n<div class=\"byline-text-wrapper\">\n<div class=\"byline-description col widescreen-8 desktop-8 tablet-12 width_full\"><\/div>\n<\/div>\n<\/div>\n<\/div>\n<\/div>\n<\/header>\n<p>Lo inform\u00f3 el portal<strong> Infobae<\/strong>. El joven de 29 a\u00f1os fue detenido el domingo (2\/5)al llegar al aeropuerto internacional de Ezeiza desde Miami. Y todo hace indicar que<b>\u00a0viaj\u00f3 con COVID-19 positivo, sabiendo que estaba contagiado, pero con un certificado que aseguraba que no ten\u00eda s\u00edntomas,<\/b>\u00a0seg\u00fan indicaron fuentes del caso a\u00a0<b>Infobae.\u00a0<\/b>La directora de Migraciones<b>\u00a0Florencia Carignano\u00a0<\/b>asegur\u00f3 que\u00a0<b>el joven se hab\u00eda ido a Estados Unidos a vacunarse.<\/b><\/p>\n<article class=\"article | col widescreen-8 desktop-8 tablet-12 width_full\">\n<div class=\"nd-body-article\">\n<p class=\"paragraph\">El protagonista del hecho se llama\u00a0<b>Santiago Solans Portillo<\/b>, un licenciado en Comercio Exterior y es due\u00f1o de una marca que se decida a servicios de hidrolavados de casas y edificios. Seg\u00fan la constituci\u00f3n de sus empresas tiene domicilio en <strong>Capilla del Se\u00f1or,<\/strong> aunque en otras bases de datos p\u00fablicas se indica que residir\u00eda en la zona de Rinc\u00f3n de Milberg, una localidad ubicada en las islas del partido de Tigre.<\/p>\n<\/div>\n<\/article>\n<p><img loading=\"lazy\" decoding=\"async\" class=\"aligncenter size-medium wp-image-10251\" src=\"https:\/\/revistaepocadigital.com.ar\/wp-content\/uploads\/2021\/05\/Image-1-300x169.jpg\" alt=\"\" width=\"300\" height=\"169\" srcset=\"https:\/\/revistaepocadigital.com.ar\/wp-content\/uploads\/2021\/05\/Image-1-300x169.jpg 300w, https:\/\/revistaepocadigital.com.ar\/wp-content\/uploads\/2021\/05\/Image-1-696x392.jpg 696w, https:\/\/revistaepocadigital.com.ar\/wp-content\/uploads\/2021\/05\/Image-1-747x420.jpg 747w, https:\/\/revistaepocadigital.com.ar\/wp-content\/uploads\/2021\/05\/Image-1.jpg 768w\" sizes=\"auto, (max-width: 300px) 100vw, 300px\" \/><\/p>\n<article class=\"article | col widescreen-8 desktop-8 tablet-12 width_full\">\n<div class=\"nd-body-article\">\n<div class=\"visual__image image_container\">Este ser\u00eda el joven del caso que ha dado que hablar.<\/div>\n<div><\/div>\n<p class=\"paragraph\">Seg\u00fan se sospecha, consigui\u00f3 un certificado que indicaba que no ten\u00eda s\u00edntomas de coronavirus. Con eso, pudo abordar el vuelo de<b>\u00a0American Airlines AA921\u00a0<\/b>que lleg\u00f3 el mismo d\u00eda domingo a las 10.20, desde Estados Unidos. En el avi\u00f3n viajaban 259 personas y 12 tripulantes.<\/p>\n<div class=\"inline ad-wrapper ad- \">\n<div class=\"dfpAd display_inline_block ad_margin_wrapper text--center\">\n<div id=\"infobae\/sociedad\/nota\/inline\" class=\"infobae\/sociedad\/nota\/inline arcad\" data-google-query-id=\"CL_VlKa3rPACFQIHuQYdGA4L3A\">\n<div id=\"google_ads_iframe_\/1058609\/infobae\/sociedad\/nota\/inline_0__container__\">Sin embargo, al pasar los controles, en el aeropuerto detectaron que pod\u00eda ser un caso sospechoso al hacerle los controles de temperatura: ten\u00eda 38 grados. Y fue entonces cuando fue apartado de la fila, y comenz\u00f3 el operativo para saber qu\u00e9 ocurr\u00eda. La reglamentaci\u00f3n es clara: \u201c<b>en ning\u00fan caso podr\u00e1n circular las personas que revisten la condici\u00f3n de \u2018caso sospechoso\u2019 o la condici\u00f3n de \u2018caso confirmado\u2019 de COVID-19,\u00a0<\/b>conforme definiciones establecidas por la autoridad sanitaria nacional, ni quienes deban cumplir aislamiento en los t\u00e9rminos del Decreto N\u00b0 260\/20, su modificatorio y normas complementarias\u201d.<\/div>\n<div><\/div>\n<\/div>\n<\/div>\n<\/div>\n<\/div>\n<div class=\"nd-body-article\">\n<p class=\"paragraph\">Fue entonces cuando comenz\u00f3 a buscarse la documentaci\u00f3n del pasajero. Seg\u00fan indicaron fuentes del caso, el pasajero subi\u00f3 al avi\u00f3n con un certificado que hab\u00eda expedido un profesional de\u00a0<b>\u201cDoctor Now\u201d<\/b>\u00a0en Florida llamado\u00a0<b>George Saliba\u00a0<\/b>que dec\u00eda: \u201cSantiago Solans Portillo was examined on this day and did not exhibit signs or symptoms suspicious for COVID-19 and it fits to fly back home (traducido: no ten\u00eda s\u00edntomas de COVID-19 y se encontraba en condiciones para volar de regreso\u201d, se\u00f1alaron las fuentes consultadas por\u00a0<b>Infobae.<\/b><\/p>\n<p class=\"paragraph\">Sin embargo, el personal que intervino -Polic\u00eda de Seguridad Aeroportuaria, Sanidad de Fronteras y la Direcci\u00f3n Nacional de la Migraciones- determin\u00f3 que en su tel\u00e9fono ten\u00eda un examen anterior. Pertenec\u00eda al Centro Medico\u00a0<b>Nomi Healt\u00a0<\/b>tambi\u00e9n de Florida que se hab\u00eda hecho el 30 de abril y en donde\u00a0<b>se aseguraba que el joven era COVID positivo<\/b>. \u201cSe embarc\u00f3 a las 12 de la noche pero desde las 5 de la tarde sab\u00eda que era positivo\u201d, indicaron las fuentes.<\/p>\n<div class=\"visual__image image_container\"><img loading=\"lazy\" decoding=\"async\" src=\"https:\/\/www.infobae.com\/new-resizer\/4XlGH2EWQJae1Xe_70Zmt-M7ots=\/420x236\/filters:format(jpg):quality(85)\/cloudfront-us-east-1.images.arcpublishing.com\/infobae\/L6QUIUHFAZEJZPCDL2BWID2QTU.jpg\" sizes=\"auto, (min-width: 800px) 50vw, 90vw\" srcset=\"https:\/\/www.infobae.com\/new-resizer\/4XlGH2EWQJae1Xe_70Zmt-M7ots=\/420x236\/filters:format(jpg):quality(85)\/cloudfront-us-east-1.images.arcpublishing.com\/infobae\/L6QUIUHFAZEJZPCDL2BWID2QTU.jpg 420w,https:\/\/www.infobae.com\/new-resizer\/Zh1r3aW9sfwK7PIvMj6GLOe422Y=\/768x432\/filters:format(jpg):quality(85)\/cloudfront-us-east-1.images.arcpublishing.com\/infobae\/L6QUIUHFAZEJZPCDL2BWID2QTU.jpg 768w,https:\/\/www.infobae.com\/new-resizer\/D5XnIRSFQ0dSJ5FNt6FhtrJ5GB0=\/992x558\/filters:format(jpg):quality(85)\/cloudfront-us-east-1.images.arcpublishing.com\/infobae\/L6QUIUHFAZEJZPCDL2BWID2QTU.jpg 992w,https:\/\/www.infobae.com\/new-resizer\/3Z1QNXM1TV8tQYGK3urD1WPUdPY=\/1200x675\/filters:format(jpg):quality(85)\/cloudfront-us-east-1.images.arcpublishing.com\/infobae\/L6QUIUHFAZEJZPCDL2BWID2QTU.jpg 1200w\" alt=\"\" width=\"1920\" height=\"1058\" \/><\/div>\n<p class=\"paragraph\">Seg\u00fan se\u00f1alaron fuentes del caso, el joven fue derivado a un hotel para que cumpla el aislamiento. Sin embargo, el juez federal de Lomas de Zamora<b>\u00a0Federico Villena,\u00a0<\/b>que intervino en el caso,\u00a0<b>dispuso que el pasajero quedara detenido<\/b>\u00a0all\u00ed en el hotel a donde fue remitido: Hotel Cyan de las Am\u00e9ricas, ubicado en la calle Libertad 1020, en la Capital Federal. Es decir: entr\u00f3 por la provincia de Buenos Aires y vive all\u00ed, pero fue remitido a CABA a permanecer en aislamiento.<\/p>\n<p class=\"paragraph\">Es que se lo acusa de violaci\u00f3n al art\u00edculo 202 del C\u00f3digo Penal que establece que\u00a0<b>\u201cser\u00e1 reprimido con reclusi\u00f3n o prisi\u00f3n de tres a quince a\u00f1os, el que propagare una enfermedad peligrosa y contagiosa para las personas\u201d.<\/b><\/p>\n<\/div>\n<p>Nota publicada en Infobae.com<\/p>\n<p>Foto portada: gentileza Telam.<\/p>\n<\/article>\n","protected":false},"excerpt":{"rendered":"<p>EL JUEZ FEDERAL INTERVINIENTE.<\/p>\n","protected":false},"author":3,"featured_media":10236,"comment_status":"open","ping_status":"open","sticky":false,"template":"","format":"standard","meta":{"footnotes":"","jetpack_publicize_message":"","jetpack_publicize_feature_enabled":true,"jetpack_social_post_already_shared":false,"jetpack_social_options":{"image_generator_settings":{"template":"highway","default_image_id":0,"font":"","enabled":false},"version":2}},"categories":[13],"tags":[1349,1350,1351],"class_list":["post-10235","post","type-post","status-publish","format-standard","has-post-thumbnail","hentry","category-interes-general","tag-argentino","tag-caso-covid","tag-mia"],"jetpack_publicize_connections":[],"jetpack_featured_media_url":"https:\/\/revistaepocadigital.com.ar\/wp-content\/uploads\/2021\/05\/6060d61207dfd_1004x565.jpg","jetpack_likes_enabled":true,"_links":{"self":[{"href":"https:\/\/revistaepocadigital.com.ar\/index.php?rest_route=\/wp\/v2\/posts\/10235","targetHints":{"allow":["GET"]}}],"collection":[{"href":"https:\/\/revistaepocadigital.com.ar\/index.php?rest_route=\/wp\/v2\/posts"}],"about":[{"href":"https:\/\/revistaepocadigital.com.ar\/index.php?rest_route=\/wp\/v2\/types\/post"}],"author":[{"embeddable":true,"href":"https:\/\/revistaepocadigital.com.ar\/index.php?rest_route=\/wp\/v2\/users\/3"}],"replies":[{"embeddable":true,"href":"https:\/\/revistaepocadigital.com.ar\/index.php?rest_route=%2Fwp%2Fv2%2Fcomments&post=10235"}],"version-history":[{"count":0,"href":"https:\/\/revistaepocadigital.com.ar\/index.php?rest_route=\/wp\/v2\/posts\/10235\/revisions"}],"wp:featuredmedia":[{"embeddable":true,"href":"https:\/\/revistaepocadigital.com.ar\/index.php?rest_route=\/wp\/v2\/media\/10236"}],"wp:attachment":[{"href":"https:\/\/revistaepocadigital.com.ar\/index.php?rest_route=%2Fwp%2Fv2%2Fmedia&parent=10235"}],"wp:term":[{"taxonomy":"category","embeddable":true,"href":"https:\/\/revistaepocadigital.com.ar\/index.php?rest_route=%2Fwp%2Fv2%2Fcategories&post=10235"},{"taxonomy":"post_tag","embeddable":true,"href":"https:\/\/revistaepocadigital.com.ar\/index.php?rest_route=%2Fwp%2Fv2%2Ftags&post=10235"}],"curies":[{"name":"wp","href":"https:\/\/api.w.org\/{rel}","templated":true}]}}