{"id":1024,"date":"2018-12-29T16:59:18","date_gmt":"2018-12-29T19:59:18","guid":{"rendered":"https:\/\/revistaepocadigital.com.ar\/?p=1024"},"modified":"2018-12-30T10:47:00","modified_gmt":"2018-12-30T13:47:00","slug":"alberto-balada-operado-cuatro-by-pass","status":"publish","type":"post","link":"https:\/\/revistaepocadigital.com.ar\/?p=1024","title":{"rendered":"ALBERTO BALADA, OPERADO, CUATRO BY PASS"},"content":{"rendered":"<p><strong>EL DIRECTOR DE CULTURA DEL MUNICIPIO.<\/strong><!--more--><\/p>\n<p>Debido a problemas coronarios detectados luego de los estudios a los que fuera sometido en el <strong>Hospital San Jos\u00e9 de Capilla del Se\u00f1or,<\/strong> debi\u00f3 ser operado en el <strong>Hospital Austral de Pilar,<\/strong> donde permanec\u00eda internado, luego de haber sido sometido a una operaci\u00f3n de <strong>by pass coronario.<\/strong><\/p>\n<p>El <strong>Jefe de Hemodinamia y Cardiolog\u00eda Intervencionista del Hospital San Jos\u00e9, Dr. Pablo Luna<\/strong> emiti\u00f3 un comunicado en el se inform\u00f3 sobre el estado de salud del funcionario municipal.<\/p>\n<figure id=\"attachment_1028\" aria-describedby=\"caption-attachment-1028\" style=\"width: 249px\" class=\"wp-caption alignleft\"><img loading=\"lazy\" decoding=\"async\" class=\"size-full wp-image-1028\" src=\"https:\/\/revistaepocadigital.com.ar\/wp-content\/uploads\/2018\/12\/baladaa.jpg\" alt=\"\" width=\"249\" height=\"267\" \/><figcaption id=\"caption-attachment-1028\" class=\"wp-caption-text\">El Director de Cultura<\/figcaption><\/figure>\n<p>&nbsp;<\/p>\n<p>&nbsp;<\/p>\n<p><em>\u201cEl Paciente Balada Alberto, presentaba s\u00edntomas sugestivos de enfermedad Coronaria de dos semanas de evoluci\u00f3n y estudios complementarios que apoyaban el diagnostico . En el d\u00eda de ayer (jueves 27) en el Hospital San Jos\u00e9, le realizamos en el Servicio de Hemodinamia y Cardiolog\u00eda Intervencionista, un estudio de las arterias coronarias (cinecoronariografia), que evidenci\u00f3 enfermedad cr\u00edtica del tronco principal de la arteria coronaria izquierda, y enfermedad extensa de m\u00faltiples vasos.<\/em><\/p>\n<p><em>En el d\u00eda de hoy<\/em> (viernes 28), <em>alrededor de las 10 de la ma\u00f1ana, en el Hospital Universitario Austral, se le realiz\u00f3 una cirug\u00eda de by pass coronario<\/em> (cuatro en total).<em> La cirug\u00eda dur\u00f3 cuatro horas, finaliz\u00f3 exitosamente y se recupera en el \u00e1rea de cuidados cr\u00edticos. La evoluci\u00f3n al momento es favorable y no present\u00f3 complicaciones, no obstante hay que esperar las horas que siguen que son criticas.<\/em><\/p>\n<p><em>Es de destacar que la enfermedad que detectada se asocia habitualmente a muerte s\u00fabita o infarto extenso, si no se arriba al diagn\u00f3stico con rapidez. De ah\u00ed la importancia del cateterismo card\u00edaco precoz que le realizamos en nuestro Hospital\u201d.<\/em><\/p>\n<p><strong>Doctor Pablo Nicol\u00e1s Luna<\/strong><\/p>\n<p>Jefe de Hemodinamia y Cardiolog\u00eda Intervencionista<br \/>\nHospital San Jos\u00e9 de Capilla del Se\u00f1or.<\/p>\n<p>.Nuevo parte m\u00e9dico.<\/p>\n<p><em>&#8220;La evoluci\u00f3n cl\u00ednica realizados en las ultimas horas arrojan buenos resultados, debemos informar que el viernes se realiz\u00f3 un cuadruple by pass. y ya se encuentra ya l\u00facido, de buen \u00e1nimo y estable con pron\u00f3stico favorable&#8221;. <\/em>Se\u00f1al\u00f3 el Dr.\u00a0 Luna.<em><br \/>\n<\/em><\/p>\n<p>&nbsp;<\/p>\n<p>&nbsp;<\/p>\n<p>Foto portada: prensa municipalidad.<\/p>\n","protected":false},"excerpt":{"rendered":"<p>EL DIRECTOR DE CULTURA DEL MUNICIPIO.<\/p>\n","protected":false},"author":3,"featured_media":1029,"comment_status":"open","ping_status":"open","sticky":false,"template":"","format":"standard","meta":{"footnotes":"","jetpack_publicize_message":"","jetpack_publicize_feature_enabled":true,"jetpack_social_post_already_shared":false,"jetpack_social_options":{"image_generator_settings":{"template":"highway","default_image_id":0,"font":"","enabled":false},"version":2}},"categories":[13],"tags":[108,109,110],"class_list":["post-1024","post","type-post","status-publish","format-standard","has-post-thumbnail","hentry","category-interes-general","tag-alberto-balanda","tag-cultura","tag-operado"],"jetpack_publicize_connections":[],"jetpack_featured_media_url":"https:\/\/revistaepocadigital.com.ar\/wp-content\/uploads\/2018\/12\/balada-muni.jpg","jetpack_likes_enabled":true,"_links":{"self":[{"href":"https:\/\/revistaepocadigital.com.ar\/index.php?rest_route=\/wp\/v2\/posts\/1024","targetHints":{"allow":["GET"]}}],"collection":[{"href":"https:\/\/revistaepocadigital.com.ar\/index.php?rest_route=\/wp\/v2\/posts"}],"about":[{"href":"https:\/\/revistaepocadigital.com.ar\/index.php?rest_route=\/wp\/v2\/types\/post"}],"author":[{"embeddable":true,"href":"https:\/\/revistaepocadigital.com.ar\/index.php?rest_route=\/wp\/v2\/users\/3"}],"replies":[{"embeddable":true,"href":"https:\/\/revistaepocadigital.com.ar\/index.php?rest_route=%2Fwp%2Fv2%2Fcomments&post=1024"}],"version-history":[{"count":0,"href":"https:\/\/revistaepocadigital.com.ar\/index.php?rest_route=\/wp\/v2\/posts\/1024\/revisions"}],"wp:featuredmedia":[{"embeddable":true,"href":"https:\/\/revistaepocadigital.com.ar\/index.php?rest_route=\/wp\/v2\/media\/1029"}],"wp:attachment":[{"href":"https:\/\/revistaepocadigital.com.ar\/index.php?rest_route=%2Fwp%2Fv2%2Fmedia&parent=1024"}],"wp:term":[{"taxonomy":"category","embeddable":true,"href":"https:\/\/revistaepocadigital.com.ar\/index.php?rest_route=%2Fwp%2Fv2%2Fcategories&post=1024"},{"taxonomy":"post_tag","embeddable":true,"href":"https:\/\/revistaepocadigital.com.ar\/index.php?rest_route=%2Fwp%2Fv2%2Ftags&post=1024"}],"curies":[{"name":"wp","href":"https:\/\/api.w.org\/{rel}","templated":true}]}}