{"id":10281,"date":"2021-05-05T15:27:35","date_gmt":"2021-05-05T18:27:35","guid":{"rendered":"https:\/\/revistaepocadigital.com.ar\/?p=10281"},"modified":"2021-05-05T15:27:35","modified_gmt":"2021-05-05T18:27:35","slug":"fatica-cerrado-por-21-dias","status":"publish","type":"post","link":"https:\/\/revistaepocadigital.com.ar\/?p=10281","title":{"rendered":"FATICA CERRADO POR 21 D\u00cdAS"},"content":{"rendered":"<p><strong>DESDE EL 4 DE MAYO.<\/strong><!--more--><\/p>\n<p>El Centro N\u00e9stor Kirchner Camping FATICA inform\u00f3 que desde el martes 4 de mayo, cerraron por 21 d\u00edas las puertas al p\u00fablico para prevenir posibles nuevos casos de Coronavirus. &#8220;Nos cuidamos como instituci\u00f3n, como equipo de trabajo, como punto de encuentro de muchas Familias y Amigos, para cuidar a nuestra comunidad y al partido de Exaltaci\u00f3n de la Cruz&#8221;, sostuvo el secretario general de la Federaci\u00f3n Argentina de Trabajadores de la Industria del Cuero y Afines Centro N\u00e9stor Kirchner Camping Fatica, Walter Correa.<\/p>\n","protected":false},"excerpt":{"rendered":"<p>DESDE EL 4 DE MAYO.<\/p>\n","protected":false},"author":4,"featured_media":10282,"comment_status":"open","ping_status":"open","sticky":false,"template":"","format":"standard","meta":{"footnotes":"","jetpack_publicize_message":"","jetpack_publicize_feature_enabled":true,"jetpack_social_post_already_shared":false,"jetpack_social_options":{"image_generator_settings":{"template":"highway","default_image_id":0,"font":"","enabled":false},"version":2}},"categories":[5],"tags":[1077],"class_list":["post-10281","post","type-post","status-publish","format-standard","has-post-thumbnail","hentry","category-aqui-parada-robles","tag-fatica"],"jetpack_publicize_connections":[],"jetpack_featured_media_url":"https:\/\/revistaepocadigital.com.ar\/wp-content\/uploads\/2021\/05\/faaatica.jpg","jetpack_likes_enabled":true,"_links":{"self":[{"href":"https:\/\/revistaepocadigital.com.ar\/index.php?rest_route=\/wp\/v2\/posts\/10281","targetHints":{"allow":["GET"]}}],"collection":[{"href":"https:\/\/revistaepocadigital.com.ar\/index.php?rest_route=\/wp\/v2\/posts"}],"about":[{"href":"https:\/\/revistaepocadigital.com.ar\/index.php?rest_route=\/wp\/v2\/types\/post"}],"author":[{"embeddable":true,"href":"https:\/\/revistaepocadigital.com.ar\/index.php?rest_route=\/wp\/v2\/users\/4"}],"replies":[{"embeddable":true,"href":"https:\/\/revistaepocadigital.com.ar\/index.php?rest_route=%2Fwp%2Fv2%2Fcomments&post=10281"}],"version-history":[{"count":0,"href":"https:\/\/revistaepocadigital.com.ar\/index.php?rest_route=\/wp\/v2\/posts\/10281\/revisions"}],"wp:featuredmedia":[{"embeddable":true,"href":"https:\/\/revistaepocadigital.com.ar\/index.php?rest_route=\/wp\/v2\/media\/10282"}],"wp:attachment":[{"href":"https:\/\/revistaepocadigital.com.ar\/index.php?rest_route=%2Fwp%2Fv2%2Fmedia&parent=10281"}],"wp:term":[{"taxonomy":"category","embeddable":true,"href":"https:\/\/revistaepocadigital.com.ar\/index.php?rest_route=%2Fwp%2Fv2%2Fcategories&post=10281"},{"taxonomy":"post_tag","embeddable":true,"href":"https:\/\/revistaepocadigital.com.ar\/index.php?rest_route=%2Fwp%2Fv2%2Ftags&post=10281"}],"curies":[{"name":"wp","href":"https:\/\/api.w.org\/{rel}","templated":true}]}}