{"id":10297,"date":"2021-05-05T17:49:24","date_gmt":"2021-05-05T20:49:24","guid":{"rendered":"https:\/\/revistaepocadigital.com.ar\/?p=10297"},"modified":"2021-05-05T18:07:54","modified_gmt":"2021-05-05T21:07:54","slug":"fiorella-scafati-una-heroina-tuvo-covid-y-sigue-al-frente-de-la-batalla","status":"publish","type":"post","link":"https:\/\/revistaepocadigital.com.ar\/?p=10297","title":{"rendered":"Fiorella Scafati, una hero\u00edna. Tuvo Covid y sigue trabajando para salvar vidas"},"content":{"rendered":"<div class=\"\" dir=\"auto\">\n<div id=\"jsc_c_26x\" class=\"ecm0bbzt hv4rvrfc ihqw7lf3 dati1w0a\" data-ad-comet-preview=\"message\" data-ad-preview=\"message\">\n<div class=\"j83agx80 cbu4d94t ew0dbk1b irj2b8pg\">\n<div class=\"qzhwtbm6 knvmm38d\">\n<div class=\"kvgmc6g5 cxmmr5t8 oygrvhab hcukyx3x c1et5uql ii04i59q\">\n<div dir=\"auto\"><strong>ES LA M\u00c9DICA DEL SECTOR COVID EN EL HOSPITAL SAN JOS\u00c9.<!--more--><\/strong><\/div>\n<\/div>\n<div dir=\"auto\"><\/div>\n<div class=\"kvgmc6g5 cxmmr5t8 oygrvhab hcukyx3x c1et5uql ii04i59q\">\n<div dir=\"auto\">El sentido y profundo testimonio, que ella misma poste\u00f3 en su cuenta en Facebook. Vale la pena leer sus sensaciones, las crudas vivencias inmersa en la pandemia de coronavirus. Abocada como m\u00e9dica al sector Covid del <strong>Hospital San Jos\u00e9, Fiorella Scafati<\/strong> se contagi\u00f3 de Covid y supo en carne propia los padecimientos que genera el terrible virus.<\/div>\n<div dir=\"auto\"><\/div>\n<div dir=\"auto\">&#8220;<em>Hace semanas que el trabajo se volvi\u00f3 m\u00e1s duro que nunca &#8211;<\/em>cont\u00f3 la m\u00e9dica<em>-, la gran cantidad de pacientes, la gravedad de la neumonias, la mala evoluci\u00f3n que llev\u00f3 a m\u00e1s de uno injustamente a la muerte, sumado al componente emocional del paciente , la familia y la del personal de salud del cual soy parte, hizo que m\u00e1s de una vez vuelva del hospital llorando. No me desligu\u00e9 en las 24 horas de sus rostros ni de sus palabras, y as\u00ed exhaustos se sigue dia tras dia&#8230; hasta que de repente el enemigo con el que ven\u00eds peleando.. TE SORPRENDE A VOS&#8230;&#8221;.<\/em><\/div>\n<\/div>\n<\/div>\n<\/div>\n<\/div>\n<div dir=\"auto\">\n<figure id=\"attachment_10298\" aria-describedby=\"caption-attachment-10298\" style=\"width: 843px\" class=\"wp-caption aligncenter\"><img loading=\"lazy\" decoding=\"async\" class=\"size-full wp-image-10298\" src=\"https:\/\/revistaepocadigital.com.ar\/wp-content\/uploads\/2021\/05\/fiorella.jpg\" alt=\"\" width=\"843\" height=\"1440\" srcset=\"https:\/\/revistaepocadigital.com.ar\/wp-content\/uploads\/2021\/05\/fiorella.jpg 843w, https:\/\/revistaepocadigital.com.ar\/wp-content\/uploads\/2021\/05\/fiorella-176x300.jpg 176w, https:\/\/revistaepocadigital.com.ar\/wp-content\/uploads\/2021\/05\/fiorella-703x1200.jpg 703w, https:\/\/revistaepocadigital.com.ar\/wp-content\/uploads\/2021\/05\/fiorella-768x1312.jpg 768w, https:\/\/revistaepocadigital.com.ar\/wp-content\/uploads\/2021\/05\/fiorella-696x1189.jpg 696w, https:\/\/revistaepocadigital.com.ar\/wp-content\/uploads\/2021\/05\/fiorella-246x420.jpg 246w, https:\/\/revistaepocadigital.com.ar\/wp-content\/uploads\/2021\/05\/fiorella-492x840.jpg 492w\" sizes=\"auto, (max-width: 843px) 100vw, 843px\" \/><figcaption id=\"caption-attachment-10298\" class=\"wp-caption-text\">Fiorella Scafati. M\u00e9dica.<\/figcaption><\/figure>\n<\/div>\n<div id=\"jsc_c_26x\" class=\"ecm0bbzt hv4rvrfc ihqw7lf3 dati1w0a\" data-ad-comet-preview=\"message\" data-ad-preview=\"message\">\n<div class=\"j83agx80 cbu4d94t ew0dbk1b irj2b8pg\">\n<div class=\"qzhwtbm6 knvmm38d\">\n<div class=\"kvgmc6g5 cxmmr5t8 oygrvhab hcukyx3x c1et5uql ii04i59q\">\n<div dir=\"auto\"><\/div>\n<div dir=\"auto\"><em>&#8220;Y te das cuenta &#8211;<\/em>confes\u00f3-<em> que pusiste en riesgo a tus viejos que cuidaron a tu hija, porque vos estabas de guardia, a tu familia, a tus compa\u00f1eros de trabajo y amigos y es ah\u00ed cuando comenzaron los 10 d\u00edas m\u00e1s largos de tu VIDA&#8230; Con mezcla de sentimientos, bronca, ansiedad y MUCHO MIEDO porque yo si comprendo la gravedad de esto. Yo me enfrento hace m\u00e1s de un a\u00f1o con esta realidad, y es a mi a quien me agarran la mano con un \u00faltimo suspiro pidi\u00e9ndome que no los deje solos, que no los deje morir. Yo veo el miedo en cada mirada y el esfuerzo que hacen para salir adelante.. Yo si se como se vive del otro lado, lo veo d\u00eda a d\u00eda. Por eso es IMPOSIBLE no sentir miedo por todos los mios que puse en riesgo, por hacer lo que m\u00e1s me gusta, aparte de ser madre, ser M\u00c9DICA&#8221;.<\/em><\/div>\n<div dir=\"auto\"><\/div>\n<div dir=\"auto\">&#8220;<em>HOY YA DE ALTA y con toda la familia, compa\u00f1eros de trabajo que tambi\u00e9n son mi familia bien, quiero agradecer a todos los que nos llamaron, nos cuidaron, nos mimaron e hicieron m\u00e1s livianos estos eternos DIAS DE AISLAMIENTO!!!&#8221;,<\/em> remarc\u00f3 emocionada <strong>Fiorella.<\/strong> No ha sido para menos.<\/div>\n<\/div>\n<\/div>\n<\/div>\n<\/div>\n<\/div>\n<p>&nbsp;<\/p>\n","protected":false},"excerpt":{"rendered":"<p>ES LA M\u00c9DICA DEL SECTOR COVID EN EL HOSPITAL SAN JOS\u00c9.<\/p>\n","protected":false},"author":4,"featured_media":10298,"comment_status":"open","ping_status":"open","sticky":false,"template":"","format":"standard","meta":{"footnotes":"","jetpack_publicize_message":"","jetpack_publicize_feature_enabled":true,"jetpack_social_post_already_shared":false,"jetpack_social_options":{"image_generator_settings":{"template":"highway","default_image_id":0,"font":"","enabled":false},"version":2}},"categories":[13,14,16],"tags":[569,746],"class_list":["post-10297","post","type-post","status-publish","format-standard","has-post-thumbnail","hentry","category-interes-general","category-la-gente","category-municipales","tag-coronavirus","tag-medica"],"jetpack_publicize_connections":[],"jetpack_featured_media_url":"https:\/\/revistaepocadigital.com.ar\/wp-content\/uploads\/2021\/05\/fiorella.jpg","jetpack_likes_enabled":true,"_links":{"self":[{"href":"https:\/\/revistaepocadigital.com.ar\/index.php?rest_route=\/wp\/v2\/posts\/10297","targetHints":{"allow":["GET"]}}],"collection":[{"href":"https:\/\/revistaepocadigital.com.ar\/index.php?rest_route=\/wp\/v2\/posts"}],"about":[{"href":"https:\/\/revistaepocadigital.com.ar\/index.php?rest_route=\/wp\/v2\/types\/post"}],"author":[{"embeddable":true,"href":"https:\/\/revistaepocadigital.com.ar\/index.php?rest_route=\/wp\/v2\/users\/4"}],"replies":[{"embeddable":true,"href":"https:\/\/revistaepocadigital.com.ar\/index.php?rest_route=%2Fwp%2Fv2%2Fcomments&post=10297"}],"version-history":[{"count":0,"href":"https:\/\/revistaepocadigital.com.ar\/index.php?rest_route=\/wp\/v2\/posts\/10297\/revisions"}],"wp:featuredmedia":[{"embeddable":true,"href":"https:\/\/revistaepocadigital.com.ar\/index.php?rest_route=\/wp\/v2\/media\/10298"}],"wp:attachment":[{"href":"https:\/\/revistaepocadigital.com.ar\/index.php?rest_route=%2Fwp%2Fv2%2Fmedia&parent=10297"}],"wp:term":[{"taxonomy":"category","embeddable":true,"href":"https:\/\/revistaepocadigital.com.ar\/index.php?rest_route=%2Fwp%2Fv2%2Fcategories&post=10297"},{"taxonomy":"post_tag","embeddable":true,"href":"https:\/\/revistaepocadigital.com.ar\/index.php?rest_route=%2Fwp%2Fv2%2Ftags&post=10297"}],"curies":[{"name":"wp","href":"https:\/\/api.w.org\/{rel}","templated":true}]}}