{"id":10317,"date":"2021-05-08T00:25:31","date_gmt":"2021-05-08T03:25:31","guid":{"rendered":"https:\/\/revistaepocadigital.com.ar\/?p=10317"},"modified":"2021-05-08T00:32:49","modified_gmt":"2021-05-08T03:32:49","slug":"convenio-entre-la-anses-y-la-provincia-de-buenos-aires","status":"publish","type":"post","link":"https:\/\/revistaepocadigital.com.ar\/?p=10317","title":{"rendered":"Convenio entre la ANSES y la provincia de Buenos Aires"},"content":{"rendered":"<div class=\"I_52qC D_FY W_6D6F\" data-test-id=\"message-view-body\">\n<div class=\"msg-body P_wpofO mq_AS\" data-test-id=\"message-view-body-content\">\n<div class=\"jb_0 X_6MGW N_6Fd5\">\n<div id=\"yiv7018975975\">\n<div class=\"yiv7018975975WordSection1\">\n<p class=\"yiv7018975975MsoNormal\" align=\"center\"><b>EN MARCHA LA RED FEDERAL DE SEGURIDAD SOCIAL.<!--more--><\/b><\/p>\n<p class=\"yiv7018975975MsoNormal\">Con el objetivo de garantizar el acceso y la permanencia de ni\u00f1os, ni\u00f1as, adolescentes, personas gestantes y poblaci\u00f3n vulnerable a la Seguridad Social, la directora ejecutiva de la ANSES,\u00a0<b>Fernanda Raverta<\/b>, y el ministro de Desarrollo de la Comunidad de la Provincia de Buenos Aires,\u00a0<b>Andr\u00e9s Larroque<\/b>, firmaron (7\/5) un convenio para la puesta en marcha de la <b>Red Federal de Seguridad Social<\/b>\u00a0creada por la resoluci\u00f3n 98\/2021 de la ANSES. Al d\u00eda de hoy ya se incorporaron 140.104 chicos y chicas de la Provincia a la asignaci\u00f3n por hijo.<\/p>\n<p class=\"yiv7018975975MsoNormal\">Durante el acto, llevado a cabo en la sede central del organismo previsional,\u00a0<b>Raverta<\/b>\u00a0se\u00f1al\u00f3: \u201c<i>Este convenio es un instrumento para la b\u00fasqueda activa de chicos y chicas que a\u00fan no cobran la asignaci\u00f3n universal, pero que est\u00e1n en su derecho de hacerlo. Es importante pensar que cuando esas infancias no tienen la mirada del Estado, se encuentran en una situaci\u00f3n de vulnerabilidad\u201d<\/i>.\u00a0 Y agreg\u00f3: \u201c<i>De esos chicos nos resta encontrar cerca de 500 mil en todo el pa\u00eds. Y un n\u00famero importante de ellos viven en la Provincia de Buenos Aires. Hoy empezamos\u00a0<\/i><i><span lang=\"ES\">a ponerles n\u00fameros para despu\u00e9s ponerles nombres<\/span><\/i><span lang=\"ES\">\u201d.<\/span><i><\/i><\/p>\n<p class=\"yiv7018975975MsoNormal\">Por su parte,\u00a0<b>Larroque<\/b>\u00a0se\u00f1al\u00f3: \u201c<i>Es una alegr\u00eda\u00a0<\/i><i><span lang=\"ES\">estar trabajando en este convenio de colaboraci\u00f3n para ir por aquellos m\u00e1s vulnerables, m\u00e1s postergados y m\u00e1s desprotegidos y desprotegidas<\/span><\/i><span lang=\"ES\">.\u00a0<i>Hasta que nosotros podamos recomponer un modelo de producci\u00f3n y trabajo en la Argentina, golpeada por lo que han significado los cuatro a\u00f1os anteriores, nuestra tarea es lograr que ese tr\u00e1nsito sea lo menos traum\u00e1tico posible, por eso la Asignaci\u00f3n Universal por Hijo hoy nos permite\u00a0<\/i><\/span><i><span lang=\"ES\">seguir generando mayores niveles de Justicia Social<\/span><\/i><i><span lang=\"ES\">, enmarcada en<\/span><\/i><i><span lang=\"ES\">\u00a0un Estado inteligente, presente y, fundamentalmente, un Estado sensible<\/span><\/i><span lang=\"ES\">\u201d.<\/span><\/p>\n<p class=\"yiv7018975975MsoNormal\">El acuerdo, que tambi\u00e9n se ir\u00e1 firmando con el resto de las provincias, establece el\u00a0<span lang=\"ES\">desarrollo de estrategias de trabajo para la b\u00fasqueda activa y el acompa\u00f1amiento integral de ni\u00f1as, ni\u00f1os, adolescentes y personas embarazadas.<\/span><\/p>\n<p class=\"yiv7018975975MsoNormal\"><span lang=\"ES\">Este trabajo permitir\u00e1 la proyecci\u00f3n del Decreto 840\/2020 firmado en octubre del a\u00f1o pasado por el Presidente<b>\u00a0Alberto Fern\u00e1ndez<\/b>, que garantiza la inclusi\u00f3n efectiva y permanente de estas poblaciones vulnerables al derecho a la Seguridad Social.<\/span><\/p>\n<p class=\"yiv7018975975MsoNormal\"><span lang=\"ES\">\u00a0<\/span><b><span lang=\"ES\">Refuerzo de emergencia sanitaria en PBA<\/span><\/b><\/p>\n<p class=\"yiv7018975975MsoNormal\"><span lang=\"ES\">\u00a0\u00a0\u00a0\u00a0\u00a0\u00a0\u00a0\u00a0 En la reuni\u00f3n\u00a0<b>Raverta<\/b>\u00a0tambi\u00e9n inform\u00f3 que\u00a0<b>en la Provincia de Buenos Aires el Refuerzo de la AUH de 15.000 pesos ya alcanz\u00f3 a m\u00e1s de 807.000 familias. Esto significa que 1,41 millones de ni\u00f1os, ni\u00f1as y adolescentes<\/b>\u00a0de estas familias ya recibieron esta contenci\u00f3n de parte del Estado.<\/span><\/p>\n<p class=\"yiv7018975975MsoNormal\"><span lang=\"ES\">\u00a0<\/span><b><\/b><\/p>\n<\/div>\n<\/div>\n<\/div>\n<\/div>\n<div class=\"jb_0 X_6MGW N_6Fd5\">\n<div class=\"P_0 je_fq7\">\n<div class=\"W_3n93F p_R\" data-test-id=\"attachment-item\">\n<div class=\"A_6Eb4 i_6FIA J_x D_F r_P\">\n<div class=\"en_0\">\n<div class=\"u_dzD A_6DUj\"><\/div>\n<\/div>\n<\/div>\n<\/div>\n<\/div>\n<\/div>\n<\/div>\n","protected":false},"excerpt":{"rendered":"<p>EN MARCHA LA RED FEDERAL DE SEGURIDAD SOCIAL.<\/p>\n","protected":false},"author":3,"featured_media":10318,"comment_status":"open","ping_status":"open","sticky":false,"template":"","format":"standard","meta":{"footnotes":"","jetpack_publicize_message":"","jetpack_publicize_feature_enabled":true,"jetpack_social_post_already_shared":false,"jetpack_social_options":{"image_generator_settings":{"template":"highway","default_image_id":0,"font":"","enabled":false},"version":2}},"categories":[81],"tags":[21,726,1362],"class_list":["post-10317","post","type-post","status-publish","format-standard","has-post-thumbnail","hentry","category-anses","tag-anses","tag-convenio","tag-pba"],"jetpack_publicize_connections":[],"jetpack_featured_media_url":"https:\/\/revistaepocadigital.com.ar\/wp-content\/uploads\/2021\/05\/Raverta_Larroque.jpg","jetpack_likes_enabled":true,"_links":{"self":[{"href":"https:\/\/revistaepocadigital.com.ar\/index.php?rest_route=\/wp\/v2\/posts\/10317","targetHints":{"allow":["GET"]}}],"collection":[{"href":"https:\/\/revistaepocadigital.com.ar\/index.php?rest_route=\/wp\/v2\/posts"}],"about":[{"href":"https:\/\/revistaepocadigital.com.ar\/index.php?rest_route=\/wp\/v2\/types\/post"}],"author":[{"embeddable":true,"href":"https:\/\/revistaepocadigital.com.ar\/index.php?rest_route=\/wp\/v2\/users\/3"}],"replies":[{"embeddable":true,"href":"https:\/\/revistaepocadigital.com.ar\/index.php?rest_route=%2Fwp%2Fv2%2Fcomments&post=10317"}],"version-history":[{"count":0,"href":"https:\/\/revistaepocadigital.com.ar\/index.php?rest_route=\/wp\/v2\/posts\/10317\/revisions"}],"wp:featuredmedia":[{"embeddable":true,"href":"https:\/\/revistaepocadigital.com.ar\/index.php?rest_route=\/wp\/v2\/media\/10318"}],"wp:attachment":[{"href":"https:\/\/revistaepocadigital.com.ar\/index.php?rest_route=%2Fwp%2Fv2%2Fmedia&parent=10317"}],"wp:term":[{"taxonomy":"category","embeddable":true,"href":"https:\/\/revistaepocadigital.com.ar\/index.php?rest_route=%2Fwp%2Fv2%2Fcategories&post=10317"},{"taxonomy":"post_tag","embeddable":true,"href":"https:\/\/revistaepocadigital.com.ar\/index.php?rest_route=%2Fwp%2Fv2%2Ftags&post=10317"}],"curies":[{"name":"wp","href":"https:\/\/api.w.org\/{rel}","templated":true}]}}