{"id":10352,"date":"2021-05-11T00:31:18","date_gmt":"2021-05-11T03:31:18","guid":{"rendered":"https:\/\/revistaepocadigital.com.ar\/?p=10352"},"modified":"2021-05-11T00:37:20","modified_gmt":"2021-05-11T03:37:20","slug":"nuevo-techo-en-el-club-honor-y-patria","status":"publish","type":"post","link":"https:\/\/revistaepocadigital.com.ar\/?p=10352","title":{"rendered":"Nuevo techo en el Club Honor y Patria"},"content":{"rendered":"<div class=\"kvgmc6g5 cxmmr5t8 oygrvhab hcukyx3x c1et5uql ii04i59q\">\n<div dir=\"auto\"><strong>SATISFACCI\u00d3N.<!--more--><\/strong><\/div>\n<div dir=\"auto\"><\/div>\n<div dir=\"auto\">La mostrada por la dirigencia del tradicional Club Honor y Patria de Capilla del Se\u00f1or, cuya sede se encuentra sobre la calle Rivadavia, frente a la Plaza San Mart\u00edn.<\/div>\n<div dir=\"auto\"><\/div>\n<div dir=\"auto\">&#8220;Estamos contentos en poder anunciar el fin de la obra, este es un avance muy importante para el club y toda su comunidad&#8221;, manifestaron desde la dirigencia ante la culminaci\u00f3n de la colocaci\u00f3n del nuevo techado.<\/div>\n<div dir=\"auto\"><\/div>\n<div dir=\"auto\">&#8220;Les agradecemos en nombre del Club Social y Deportivo Honor y Patria a cada uno de ustedes que con mucho o poco aport\u00f3 para poder concretar este sue\u00f1o. Al Intendente <a class=\"oajrlxb2 g5ia77u1 qu0x051f esr5mh6w e9989ue4 r7d6kgcz rq0escxv nhd2j8a9 nc684nl6 p7hjln8o kvgmc6g5 cxmmr5t8 oygrvhab hcukyx3x jb3vyjys rz4wbd8a qt6c0cv9 a8nywdso i1ao9s8h esuyzwwr f1sip0of lzcic4wl q66pz984 gpro0wi8 b1v8xokw\" tabindex=\"0\" role=\"link\" href=\"https:\/\/www.facebook.com\/nannidiegoe\/?__cft__[0]=AZVFj1qG5E_QIRRNH9spGMVzC-OTmAvmECJ09gzQjp_aeHIZjwn6kYuPA5NLNRSQB28rzmk3C8Xj-Nh3Q4h2z1_hIw38v4qrLgMkNlhCuSEbAQrQ_DaxuaPW81MLxHfih0vsRZJys4AoHSEGQCSZi1pgXKh4u3WKFHTMw_D56ZybhA&amp;__tn__=kK-R\"><span class=\"nc684nl6\">Nanni Diego<\/span><\/a> por el acompa\u00f1amiento y la gesti\u00f3n realizada, seguiremos trabajando juntos buscando el bien com\u00fan y atendiendo las necesidades de nuestros socios&#8221;, agregaron dirigentes de la entidad.<\/div>\n<\/div>\n<div dir=\"auto\"><\/div>\n<div dir=\"auto\">En el Club se llev\u00f3 a cabo la obra de recambio del techo del gimnasio y del sal\u00f3n del segundo piso, la financiaci\u00f3n se hizo mediante un subsidio de 800 mil pesos gestionados en julio del a\u00f1o pasado por el municipio. Los recursos han sido parte del programa del gobierno nacional \u201cClubes en Obra\u201d, confirmados en agosto del 2020 luego de una gesti\u00f3n del intendente Diego Nanni junto al ministro de Turismo y Deportes, Mat\u00edas Lammens.<\/div>\n<div dir=\"auto\"><\/div>\n<div class=\"\" dir=\"auto\">\n<div id=\"jsc_c_32j\" class=\"ecm0bbzt hv4rvrfc ihqw7lf3 dati1w0a\" data-ad-comet-preview=\"message\" data-ad-preview=\"message\">\n<div class=\"j83agx80 cbu4d94t ew0dbk1b irj2b8pg\">\n<div class=\"qzhwtbm6 knvmm38d\">\n<div class=\"o9v6fnle cxmmr5t8 oygrvhab hcukyx3x c1et5uql ii04i59q\">\n<div dir=\"auto\">\u201cLos fondos recibidos por el Programa \u2018Clubes en Obra\u2019 fueron destinados en su totalidad a realizar esta inversi\u00f3n que entend\u00edamos est\u00e1bamos necesitando y se hac\u00eda muy cuesta arriba realizarla\u201d, dijeron desde Honor y Patria.<\/div>\n<\/div>\n<\/div>\n<\/div>\n<\/div>\n<\/div>\n","protected":false},"excerpt":{"rendered":"<p>SATISFACCI\u00d3N.<\/p>\n","protected":false},"author":3,"featured_media":10353,"comment_status":"open","ping_status":"open","sticky":false,"template":"","format":"standard","meta":{"footnotes":"","jetpack_publicize_message":"","jetpack_publicize_feature_enabled":true,"jetpack_social_post_already_shared":false,"jetpack_social_options":{"image_generator_settings":{"template":"highway","default_image_id":0,"font":"","enabled":false},"version":2}},"categories":[9],"tags":[447,1365],"class_list":["post-10352","post","type-post","status-publish","format-standard","has-post-thumbnail","hentry","category-deportes","tag-club-honor-y-patria","tag-techos"],"jetpack_publicize_connections":[],"jetpack_featured_media_url":"https:\/\/revistaepocadigital.com.ar\/wp-content\/uploads\/2021\/05\/162221927_536910467298760_5701519101244251060_n.jpg","jetpack_likes_enabled":true,"_links":{"self":[{"href":"https:\/\/revistaepocadigital.com.ar\/index.php?rest_route=\/wp\/v2\/posts\/10352","targetHints":{"allow":["GET"]}}],"collection":[{"href":"https:\/\/revistaepocadigital.com.ar\/index.php?rest_route=\/wp\/v2\/posts"}],"about":[{"href":"https:\/\/revistaepocadigital.com.ar\/index.php?rest_route=\/wp\/v2\/types\/post"}],"author":[{"embeddable":true,"href":"https:\/\/revistaepocadigital.com.ar\/index.php?rest_route=\/wp\/v2\/users\/3"}],"replies":[{"embeddable":true,"href":"https:\/\/revistaepocadigital.com.ar\/index.php?rest_route=%2Fwp%2Fv2%2Fcomments&post=10352"}],"version-history":[{"count":0,"href":"https:\/\/revistaepocadigital.com.ar\/index.php?rest_route=\/wp\/v2\/posts\/10352\/revisions"}],"wp:featuredmedia":[{"embeddable":true,"href":"https:\/\/revistaepocadigital.com.ar\/index.php?rest_route=\/wp\/v2\/media\/10353"}],"wp:attachment":[{"href":"https:\/\/revistaepocadigital.com.ar\/index.php?rest_route=%2Fwp%2Fv2%2Fmedia&parent=10352"}],"wp:term":[{"taxonomy":"category","embeddable":true,"href":"https:\/\/revistaepocadigital.com.ar\/index.php?rest_route=%2Fwp%2Fv2%2Fcategories&post=10352"},{"taxonomy":"post_tag","embeddable":true,"href":"https:\/\/revistaepocadigital.com.ar\/index.php?rest_route=%2Fwp%2Fv2%2Ftags&post=10352"}],"curies":[{"name":"wp","href":"https:\/\/api.w.org\/{rel}","templated":true}]}}