{"id":10358,"date":"2021-05-11T23:35:55","date_gmt":"2021-05-12T02:35:55","guid":{"rendered":"https:\/\/revistaepocadigital.com.ar\/?p=10358"},"modified":"2021-05-11T23:39:12","modified_gmt":"2021-05-12T02:39:12","slug":"condena-por-hurto-de-energia","status":"publish","type":"post","link":"https:\/\/revistaepocadigital.com.ar\/?p=10358","title":{"rendered":"Condena por hurto de energ\u00eda"},"content":{"rendered":"<p style=\"text-align: left;\" align=\"center\"><b>EN JUN\u00cdN. UN A\u00d1O Y SEIS MESES DE PRISI\u00d3N.<\/b><!--more--><\/p>\n<p>A partir de un operativo y posterior denuncia penal por conexiones clandestinas realizada por EDEN en 2019, se llev\u00f3 a cabo la audiencia (3\/5) de juicio oral, El imputado reconoci\u00f3 las imputaciones del fiscal y, sumado a las pruebas aportadas en la causa, concluy\u00f3 en la condena del responsable a la pena de un a\u00f1o y seis meses de prisi\u00f3n por los delitos de hurto agravado, estafa y encubrimiento.<\/p>\n<p>Todo comenz\u00f3 cuando en el marco de su Plan de Normalizaci\u00f3n de Instalaciones, la Distribuidora radic\u00f3 una denuncia penal por hurto de energ\u00eda, donde intervino el Dr. Esteban Pedernera, fiscal a cargo de la UFIJ8 departamental, quien constat\u00f3 que en la calle Moreno 340 de Jun\u00edn, exist\u00eda una conexi\u00f3n directa a las redes de EDEN. Ante esta situaci\u00f3n, y advirtiendo la presencia de elementos necesarios para la concreci\u00f3n del delito, se dispuso un allanamiento en urgencia y el secuestro de los mismos.<\/p>\n<p>Adem\u00e1s, dentro del domicilio, se encontraron una cantidad de herramientas y material para concretar conexiones clandestinas, como rollos de cable, herramientas de electricidad, medidores monof\u00e1sicos y trif\u00e1sicos adulterados y escaleras de largo alcance.<\/p>\n<p>Alejandro Biancosino, gerente de EDEN, expres\u00f3: \u201c<i>Agradecemos la colaboraci\u00f3n y compromiso tanto a las autoridades policiales como judiciales, as\u00ed como a todo el equipo de EDEN que particip\u00f3 en el seguimiento de este importante proceso<\/i>\u201d.<\/p>\n<p>EDEN record\u00f3 a la comunidad que las conexiones directas o clandestinas representan un grave peligro para la vida de las personas, ponen en riesgo las instalaciones el\u00e9ctricas, afectan al servicio de los vecinos, y representan un delito configurado por el art. 162 del C\u00f3digo Penal. \u201c<i>En el marco de nuestro Plan de Normalizaci\u00f3n de Instalaciones, continuaremos realizando operativos para terminar con las conexiones clandestinas<\/i>\u201d, dijo Biancosino.<\/p>\n<p>Desde la empresa, instaron a los\u00a0usuarios a denunciar de forma an\u00f3nima conexiones clandestinas a trav\u00e9s de los siguientes canales:<\/p>\n<p>\u00b7\u00a0\u00a0\u00a0\u00a0\u00a0\u00a0\u00a0\u00a0\u00a0Sucursal Virtual (<a href=\"https:\/\/sucursalvirtual.edensa.com.ar\/\" target=\"_blank\" rel=\"nofollow noopener noreferrer\">https:\/\/sucursalvirtual.edensa.com.ar\/<\/a><a href=\"https:\/\/sucursalvirtual.edensa.com.ar\/public\/new_complaint\" target=\"_blank\" rel=\"nofollow noopener noreferrer\">)<\/a>\u00a0las 24 hs.<\/p>\n<p>\u00b7\u00a0\u00a0\u00a0\u00a0\u00a0\u00a0\u00a0\u00a0\u00a0App EDEN M\u00f3vil, las 24 hs.<\/p>\n<p>\u00b7\u00a0\u00a0\u00a0\u00a0\u00a0\u00a0\u00a0\u00a0\u00a00810 999 3336, de lunes a viernes de 8 a 18 hs<\/p>\n<p>\u00b7\u00a0\u00a0\u00a0\u00a0\u00a0\u00a0\u00a0\u00a0\u00a0Por mail a\u00a0<a href=\"mailto:atencionalusuario@edensa.com.ar\" target=\"_blank\" rel=\"nofollow noopener noreferrer\">atencionalusuario@edensa.com.ar<\/a><\/p>\n<p class=\"yiv2610209539MsoNormal\">\n","protected":false},"excerpt":{"rendered":"<p>EN JUN\u00cdN. UN A\u00d1O Y SEIS MESES DE PRISI\u00d3N.<\/p>\n","protected":false},"author":4,"featured_media":10362,"comment_status":"open","ping_status":"open","sticky":false,"template":"","format":"standard","meta":{"footnotes":"","jetpack_publicize_message":"","jetpack_publicize_feature_enabled":true,"jetpack_social_post_already_shared":false,"jetpack_social_options":{"image_generator_settings":{"template":"highway","default_image_id":0,"font":"","enabled":false},"version":2}},"categories":[15],"tags":[1366,37,39],"class_list":["post-10358","post","type-post","status-publish","format-standard","has-post-thumbnail","hentry","category-lo-que-tenes-que-saber","tag-condena","tag-destacada","tag-eden"],"jetpack_publicize_connections":[],"jetpack_featured_media_url":"https:\/\/revistaepocadigital.com.ar\/wp-content\/uploads\/2021\/05\/robo.jpg","jetpack_likes_enabled":true,"_links":{"self":[{"href":"https:\/\/revistaepocadigital.com.ar\/index.php?rest_route=\/wp\/v2\/posts\/10358","targetHints":{"allow":["GET"]}}],"collection":[{"href":"https:\/\/revistaepocadigital.com.ar\/index.php?rest_route=\/wp\/v2\/posts"}],"about":[{"href":"https:\/\/revistaepocadigital.com.ar\/index.php?rest_route=\/wp\/v2\/types\/post"}],"author":[{"embeddable":true,"href":"https:\/\/revistaepocadigital.com.ar\/index.php?rest_route=\/wp\/v2\/users\/4"}],"replies":[{"embeddable":true,"href":"https:\/\/revistaepocadigital.com.ar\/index.php?rest_route=%2Fwp%2Fv2%2Fcomments&post=10358"}],"version-history":[{"count":0,"href":"https:\/\/revistaepocadigital.com.ar\/index.php?rest_route=\/wp\/v2\/posts\/10358\/revisions"}],"wp:featuredmedia":[{"embeddable":true,"href":"https:\/\/revistaepocadigital.com.ar\/index.php?rest_route=\/wp\/v2\/media\/10362"}],"wp:attachment":[{"href":"https:\/\/revistaepocadigital.com.ar\/index.php?rest_route=%2Fwp%2Fv2%2Fmedia&parent=10358"}],"wp:term":[{"taxonomy":"category","embeddable":true,"href":"https:\/\/revistaepocadigital.com.ar\/index.php?rest_route=%2Fwp%2Fv2%2Fcategories&post=10358"},{"taxonomy":"post_tag","embeddable":true,"href":"https:\/\/revistaepocadigital.com.ar\/index.php?rest_route=%2Fwp%2Fv2%2Ftags&post=10358"}],"curies":[{"name":"wp","href":"https:\/\/api.w.org\/{rel}","templated":true}]}}