{"id":10368,"date":"2021-05-12T00:16:34","date_gmt":"2021-05-12T03:16:34","guid":{"rendered":"https:\/\/revistaepocadigital.com.ar\/?p=10368"},"modified":"2021-05-12T00:16:34","modified_gmt":"2021-05-12T03:16:34","slug":"apertura-de-sobres-para-la-construccion-del-nuevo-jardin-en-arroyo-de-la-cruz","status":"publish","type":"post","link":"https:\/\/revistaepocadigital.com.ar\/?p=10368","title":{"rendered":"Apertura de sobres para la construcci\u00f3n del nuevo jard\u00edn en Arroyo de la Cruz"},"content":{"rendered":"<div class=\"\" dir=\"auto\">\n<div id=\"jsc_c_21p\" class=\"ecm0bbzt hv4rvrfc ihqw7lf3 dati1w0a\" data-ad-comet-preview=\"message\" data-ad-preview=\"message\">\n<div class=\"j83agx80 cbu4d94t ew0dbk1b irj2b8pg\">\n<div class=\"qzhwtbm6 knvmm38d\">\n<div class=\"kvgmc6g5 cxmmr5t8 oygrvhab hcukyx3x c1et5uql ii04i59q\">\n<div dir=\"auto\"><strong>SE TRATA DEL JARDIN 905 DE ARROYO DE LA CRUZ.<!--more--><\/strong><\/div>\n<\/div>\n<div class=\"o9v6fnle cxmmr5t8 oygrvhab hcukyx3x c1et5uql ii04i59q\">\n<div dir=\"auto\">El 11 de mayo tuvo lugar en la sede de la Subsecretaria de Infraestructura Escolar de la ciudad de La Plata, la apertura de los sobres de la licitaci\u00f3n para la construcci\u00f3n del Jard\u00edn de Infantes 905 de Arroyo de la Cruz.<\/div>\n<div dir=\"auto\"><\/div>\n<\/div>\n<div class=\"o9v6fnle cxmmr5t8 oygrvhab hcukyx3x c1et5uql ii04i59q\">\n<div dir=\"auto\">Se presentaron cuatro oferentes a la apertura de comparaci\u00f3n de precios n\u00ba 72\/20.<\/div>\n<\/div>\n<div class=\"o9v6fnle cxmmr5t8 oygrvhab hcukyx3x c1et5uql ii04i59q\">\n<div dir=\"auto\">En el mismo se hizo presente por la Secretaria de Pol\u00edticas Educativas, la titular del \u00e1rea, licenciada Vanesa Russo y la Directora profesora Gisela Llanos.<\/div>\n<\/div>\n<div class=\"o9v6fnle cxmmr5t8 oygrvhab hcukyx3x c1et5uql ii04i59q\">\n<div dir=\"auto\"><\/div>\n<div dir=\"auto\">&#8220;Esperamos con ansias que se concrete este proyecto tan esperado por la comunidad Educativa de Arroyo de la Cruz&#8221;, sostuvieron desde la Secretar\u00eda de Pol\u00edticas Educativas.<\/div>\n<\/div>\n<div dir=\"auto\"><\/div>\n<div dir=\"auto\"><img decoding=\"async\" class=\"i09qtzwb n7fi1qx3 datstx6m pmk7jnqg j9ispegn kr520xx4 k4urcfbm\" src=\"https:\/\/scontent-eze1-1.xx.fbcdn.net\/v\/t1.6435-0\/p640x640\/184832708_4342735959112663_5359637779579059564_n.jpg?_nc_cat=111&amp;ccb=1-3&amp;_nc_sid=8bfeb9&amp;_nc_eui2=AeG1HD_w-Ek2BqYhCyotthkJiTwzhtAJELSJPDOG0AkQtHOnFMD-4dwLglnO8ujlIhU&amp;_nc_ohc=8y2cyDXOcYUAX9L5mhQ&amp;_nc_ht=scontent-eze1-1.xx&amp;tp=6&amp;oh=4465116dc6754df832ccc74c63dce0f8&amp;oe=60BFAA29\" alt=\"\" \/><\/div>\n<\/div>\n<\/div>\n<\/div>\n<\/div>\n<p><img decoding=\"async\" class=\"ji94ytn4 r9f5tntg d2edcug0 r0294ipz\" src=\"https:\/\/scontent-eze1-1.xx.fbcdn.net\/v\/t1.6435-9\/185176967_4342735962445996_6269929593838261783_n.jpg?_nc_cat=106&amp;ccb=1-3&amp;_nc_sid=8bfeb9&amp;_nc_eui2=AeHUdVUblFvV4fXdFJ1NZmgkVweRryKCxkhXB5GvIoLGSP9S5JxB7CeCxJ80ko5THy0&amp;_nc_ohc=riB3VWteVkYAX81xkK8&amp;_nc_ht=scontent-eze1-1.xx&amp;oh=a98aa4115b69f0f25abdb06ec678aaca&amp;oe=60C25EF9\" alt=\"Puede ser una imagen de texto que dice &quot;Oferta_N'4: INGALFA S.A. con domicilio legal en la calle Uruguay 772 Piso Departamento Ciudad Aut\u00f3noma de Buenos Aires presenta oferta por pesos SETENTA Y DOS MILLONES OCHOCIENTOS OCHENTA Y NUEVE MIL TRESCIENTOS CUARENTA SEIS CON 00\/100 ($72.889.346.00) garantia de oferta pesos CUATROCIENTOS UN MIL SEISCIENTOS OCHENTA CON 53\/100 ($401.680.53) constituida mediante p\u00f3liza N\u00ba 785.408 Documentaci\u00f3n sujeta a 680,53) revisi\u00f3n. presentaci\u00f3n porfinalizado 10:25 no habiendo observaciones que agregar se da presente acto de apertura. Leiday ratificada,&quot;\" data-visualcompletion=\"media-vc-image\" \/><\/p>\n","protected":false},"excerpt":{"rendered":"<p>SE TRATA DEL JARDIN 905 DE ARROYO DE LA CRUZ.<\/p>\n","protected":false},"author":3,"featured_media":10369,"comment_status":"open","ping_status":"open","sticky":false,"template":"","format":"standard","meta":{"footnotes":"","jetpack_publicize_message":"","jetpack_publicize_feature_enabled":true,"jetpack_social_post_already_shared":false,"jetpack_social_options":{"image_generator_settings":{"template":"highway","default_image_id":0,"font":"","enabled":false},"version":2}},"categories":[6],"tags":[1368,1367],"class_list":["post-10368","post","type-post","status-publish","format-standard","has-post-thumbnail","hentry","category-barrios","tag-jardin-infantes","tag-licitacion"],"jetpack_publicize_connections":[],"jetpack_featured_media_url":"https:\/\/revistaepocadigital.com.ar\/wp-content\/uploads\/2021\/05\/Imagen106.jpg","jetpack_likes_enabled":true,"_links":{"self":[{"href":"https:\/\/revistaepocadigital.com.ar\/index.php?rest_route=\/wp\/v2\/posts\/10368","targetHints":{"allow":["GET"]}}],"collection":[{"href":"https:\/\/revistaepocadigital.com.ar\/index.php?rest_route=\/wp\/v2\/posts"}],"about":[{"href":"https:\/\/revistaepocadigital.com.ar\/index.php?rest_route=\/wp\/v2\/types\/post"}],"author":[{"embeddable":true,"href":"https:\/\/revistaepocadigital.com.ar\/index.php?rest_route=\/wp\/v2\/users\/3"}],"replies":[{"embeddable":true,"href":"https:\/\/revistaepocadigital.com.ar\/index.php?rest_route=%2Fwp%2Fv2%2Fcomments&post=10368"}],"version-history":[{"count":0,"href":"https:\/\/revistaepocadigital.com.ar\/index.php?rest_route=\/wp\/v2\/posts\/10368\/revisions"}],"wp:featuredmedia":[{"embeddable":true,"href":"https:\/\/revistaepocadigital.com.ar\/index.php?rest_route=\/wp\/v2\/media\/10369"}],"wp:attachment":[{"href":"https:\/\/revistaepocadigital.com.ar\/index.php?rest_route=%2Fwp%2Fv2%2Fmedia&parent=10368"}],"wp:term":[{"taxonomy":"category","embeddable":true,"href":"https:\/\/revistaepocadigital.com.ar\/index.php?rest_route=%2Fwp%2Fv2%2Fcategories&post=10368"},{"taxonomy":"post_tag","embeddable":true,"href":"https:\/\/revistaepocadigital.com.ar\/index.php?rest_route=%2Fwp%2Fv2%2Ftags&post=10368"}],"curies":[{"name":"wp","href":"https:\/\/api.w.org\/{rel}","templated":true}]}}