{"id":10371,"date":"2021-05-12T15:41:23","date_gmt":"2021-05-12T18:41:23","guid":{"rendered":"https:\/\/revistaepocadigital.com.ar\/?p=10371"},"modified":"2021-05-12T15:43:34","modified_gmt":"2021-05-12T18:43:34","slug":"enfermeras-enfermeros-mas-heroes-que-nunca","status":"publish","type":"post","link":"https:\/\/revistaepocadigital.com.ar\/?p=10371","title":{"rendered":"Enfermeras, Enfermeros. M\u00e1s h\u00e9roes que nunca"},"content":{"rendered":"<div class=\"epigrafe\"><\/div>\n<div><strong>CADA 12 DE MAYO.<\/strong><\/div>\n<p><!--more--><\/p>\n<div><\/div>\n<div>Es celebrado el D\u00eda de la Enfermer\u00eda. Mujeres y hombres abocados en Exaltaci\u00f3n de la Cruz, la Argentina y el mundo, a una de las profesiones m\u00e1s abnegadas y comprometidas. Vidas humanas hay en juego, y es all\u00ed donde m\u00e9dicos y enfermeros, adquieren una importancia fundamental y tan valiosa al volcar sus conocimientos y la calidad humana que los distingue.<\/div>\n<div><\/div>\n<div>La pandemia y su gravedad inusitada desde hace m\u00e1s de un a\u00f1o, somete a enfermeros y enfermeras a atravesar situaciones muy delicadas como riesgosas. Sin embargo, all\u00ed siguen estando, al pie de ca\u00f1\u00f3n. As\u00ed, como ocurre en el Hospital San Jos\u00e9 de Capilla del Se\u00f1or, en los centros de atenci\u00f3n instalados en el distrito y tambi\u00e9n otros establecimientos m\u00e9dicos.<\/div>\n<div><\/div>\n<div>A todos, desde EPOCA y desde la comunidad porqu\u00e9 no, un reconomiento que nunca dejar\u00e1 de perdurar.<\/div>\n<div><\/div>\n<div>Foto portada: Clarisa Mamani, se desempe\u00f1a en el Hospital (foto prensa municipalidad)<\/div>\n<div><\/div>\n<div><\/div>\n<div style=\"text-align: center;\"><strong>&#8212;&#8212;&#8212;&#8212;&#8212;&#8212;&#8212;&#8212;&#8212;<\/strong><\/div>\n<div><!--more--><\/div>\n<div><\/div>\n<div><strong>UNA ENFERMERA, OTRA HISTORIA DE VIDA<\/strong><\/div>\n<div><\/div>\n<div><\/div>\n<div class=\"wrapper-editable-content\">\n<div class=\"editable-content clearfix\">\n<p><strong>Alicia Mabel Reynoso<\/strong>\u00a0tiene 65 a\u00f1os, naci\u00f3 en Entre R\u00edos<strong>, f<\/strong>orm\u00f3 parte del equipo de catorce enfermeras de la Fuerza A\u00e9rea que integr\u00f3 el Hospital Reubicable instalado en Comodoro Rivadavia,\u00a0donde realizaron tareas de atenci\u00f3n y evacuaci\u00f3n durante la guerra de Malvinas y en plena pandemia particip\u00f3 en la vacunaci\u00f3n preventiva con los adultos mayores.<\/p>\n<blockquote>\n<h3>&#8220;Particip\u00e9 en la vacunaci\u00f3n preventiva con los adultos mayores. Me toc\u00f3 al principio vacunarlos, contenerlos tambi\u00e9n, estaban muy asustados&#8221;.<\/h3>\n<\/blockquote>\n<p>La mujer siente que participa de otro momento hist\u00f3rico, esta vez a ra\u00edz de la pandemia, al trabajar como enfermera en el Centro de Salud Aldea Grapschental, en Paran\u00e1, Entre R\u00edos, mientras espera que llegue su jubilaci\u00f3n.<\/p>\n<p><strong>&#8220;Particip\u00e9 en la vacunaci\u00f3n preventiva con los adultos mayores. Me toc\u00f3 al principio vacunarlos, contenerlos tambi\u00e9n, estaban muy asustados&#8221;<\/strong>, cont\u00f3 Reynoso sobre su labor actual durante la pandemia, en di\u00e1logo con T\u00e9lam.<\/p>\n<div class=\"auth\">El reconocimiento<\/div>\n<p>Tras una lucha que lleva 23 a\u00f1os para visibilizar la labor de las mujeres durante el enfrentamiento militar, el pasado 7 de mayo Reynoso fue reconocida oficialmente como veterana de guerra por un fallo de la Sala II de la C\u00e1mara de la Seguridad Social.<\/p>\n<p>Reynoso participa, junto a Stella Morales y Ana Masitto, del documental de Federico Strifezzo &#8220;Nosotras tambi\u00e9n estuvimos&#8221;, que cuenta el reencuentro de algunas de las enfermeras que atendieron a los heridos en Malvinas desde un hospital m\u00f3vil ubicado en Comodoro Rivadavia.<\/p>\n<div class=\"epigrafe\">\n<div id=\"image\" class=\"image\">\n<div class=\"epigrafe\"><\/div>\n<\/div>\n<\/div>\n<div class=\"auth\">La pandemia<\/div>\n<p>Sobre su experiencia en esta nueva etapa, agreg\u00f3: &#8220;Ha sido un a\u00f1o dif\u00edcil para todos y sobre todo para aquellos que ejercemos todav\u00eda la profesi\u00f3n. Somos conscientes de la edad que tenemos, de los peligros que corremos.\u00a0<strong>Yo tambi\u00e9n soy personal de riesgo, soy mayor, hipertensa, con un ACV recuperada&#8221;.<\/strong><\/p>\n<\/div>\n<div><\/div>\n<div>\n<p><img loading=\"lazy\" decoding=\"async\" class=\"size-medium wp-image-10372\" src=\"https:\/\/revistaepocadigital.com.ar\/wp-content\/uploads\/2021\/05\/609b0e2ebd0cd_1004x565-300x169.jpg\" alt=\"\" width=\"300\" height=\"169\" srcset=\"https:\/\/revistaepocadigital.com.ar\/wp-content\/uploads\/2021\/05\/609b0e2ebd0cd_1004x565-300x169.jpg 300w, https:\/\/revistaepocadigital.com.ar\/wp-content\/uploads\/2021\/05\/609b0e2ebd0cd_1004x565-768x432.jpg 768w, https:\/\/revistaepocadigital.com.ar\/wp-content\/uploads\/2021\/05\/609b0e2ebd0cd_1004x565-696x392.jpg 696w, https:\/\/revistaepocadigital.com.ar\/wp-content\/uploads\/2021\/05\/609b0e2ebd0cd_1004x565-746x420.jpg 746w, https:\/\/revistaepocadigital.com.ar\/wp-content\/uploads\/2021\/05\/609b0e2ebd0cd_1004x565.jpg 1004w\" sizes=\"auto, (max-width: 300px) 100vw, 300px\" \/><\/p>\n<\/div>\n<div class=\"editable-content clearfix\" style=\"text-align: center;\">\n<p>Alicia Mabel Reinoso.<\/p>\n<p>Sin embargo, para Alicia hay un tema que la inquieta y al que desea darle relevancia: &#8220;Yo rezo para que los ciudadanos y ciudadanas tomemos conciencia y no hagamos de esta pandemia un partido pol\u00edtico, llevando agua para el molino que conviene. Esto es un problema mundial y la salud nos ata\u00f1e a todos y no podemos andar pidiendo que salgan, diciendo que no sirven las vacunas, diciendo &#8216;no hagan caso&#8217; cuando se nos est\u00e1n yendo muchos argentinos y argentinas y eso nos tiene que doler a todos&#8221;.<\/p>\n<p>Y concluy\u00f3:\u00a0<strong>&#8220;Nuestros compa\u00f1eros no dan m\u00e1s<\/strong>. Ma\u00f1ana (12\/5) es el D\u00eda de la Enfermer\u00eda y la \u00fanica manera de homenajearlos y respetarlos es valorar su trabajo, su profesi\u00f3n, cuid\u00e1ndonos, y aquellos que tienen la funci\u00f3n de conducir reconocerlos como profesionales y pagarles el sueldo que dignamente se merecen&#8221;.<\/p>\n<div class=\"btn_externos\"><\/div>\n<\/div>\n<\/div>\n<div class=\"wrapper-tags\">\n<div class=\"tags-bar clearfix\">Nota fuente: Telam.<\/div>\n<\/div>\n","protected":false},"excerpt":{"rendered":"<p>CADA 12 DE MAYO.<\/p>\n","protected":false},"author":4,"featured_media":10374,"comment_status":"open","ping_status":"open","sticky":false,"template":"","format":"standard","meta":{"footnotes":"","jetpack_publicize_message":"","jetpack_publicize_feature_enabled":true,"jetpack_social_post_already_shared":false,"jetpack_social_options":{"image_generator_settings":{"template":"highway","default_image_id":0,"font":"","enabled":false},"version":2}},"categories":[13],"tags":[1369],"class_list":["post-10371","post","type-post","status-publish","format-standard","has-post-thumbnail","hentry","category-interes-general","tag-dia-enfermeria"],"jetpack_publicize_connections":[],"jetpack_featured_media_url":"https:\/\/revistaepocadigital.com.ar\/wp-content\/uploads\/2021\/05\/enfermerea.jpg","jetpack_likes_enabled":true,"_links":{"self":[{"href":"https:\/\/revistaepocadigital.com.ar\/index.php?rest_route=\/wp\/v2\/posts\/10371","targetHints":{"allow":["GET"]}}],"collection":[{"href":"https:\/\/revistaepocadigital.com.ar\/index.php?rest_route=\/wp\/v2\/posts"}],"about":[{"href":"https:\/\/revistaepocadigital.com.ar\/index.php?rest_route=\/wp\/v2\/types\/post"}],"author":[{"embeddable":true,"href":"https:\/\/revistaepocadigital.com.ar\/index.php?rest_route=\/wp\/v2\/users\/4"}],"replies":[{"embeddable":true,"href":"https:\/\/revistaepocadigital.com.ar\/index.php?rest_route=%2Fwp%2Fv2%2Fcomments&post=10371"}],"version-history":[{"count":0,"href":"https:\/\/revistaepocadigital.com.ar\/index.php?rest_route=\/wp\/v2\/posts\/10371\/revisions"}],"wp:featuredmedia":[{"embeddable":true,"href":"https:\/\/revistaepocadigital.com.ar\/index.php?rest_route=\/wp\/v2\/media\/10374"}],"wp:attachment":[{"href":"https:\/\/revistaepocadigital.com.ar\/index.php?rest_route=%2Fwp%2Fv2%2Fmedia&parent=10371"}],"wp:term":[{"taxonomy":"category","embeddable":true,"href":"https:\/\/revistaepocadigital.com.ar\/index.php?rest_route=%2Fwp%2Fv2%2Fcategories&post=10371"},{"taxonomy":"post_tag","embeddable":true,"href":"https:\/\/revistaepocadigital.com.ar\/index.php?rest_route=%2Fwp%2Fv2%2Ftags&post=10371"}],"curies":[{"name":"wp","href":"https:\/\/api.w.org\/{rel}","templated":true}]}}