{"id":1039,"date":"2018-12-29T17:48:12","date_gmt":"2018-12-29T20:48:12","guid":{"rendered":"https:\/\/revistaepocadigital.com.ar\/?p=1039"},"modified":"2018-12-29T18:05:56","modified_gmt":"2018-12-29T21:05:56","slug":"no-pasaran","status":"publish","type":"post","link":"https:\/\/revistaepocadigital.com.ar\/?p=1039","title":{"rendered":"NO PASAR\u00c1N"},"content":{"rendered":"<p><strong>LO NOT\u00c1S EN CADA VERANO.<\/strong><!--more--><\/p>\n<p>Y el que transitamos no es la excepci\u00f3n, te hablamos de la indeseada presencia de <strong>mosquitos<\/strong> que molestan e inquietan a los vecinos.<\/p>\n<p>Si bien, no se ha detectado la presencia de <strong>Aedes Aegyti,<\/strong> vector transmisor del Dengue, Zika y Chikungunya, si ha aparecido el mosquito com\u00fan (Culex Sp). Y provoca molestias y picaduras, con trastornos en nuestro trabajo, esparcimientos en general, en nuestra vida diaria. Por ello, desde la <strong>municipalidad<\/strong> para mitigar la situaci\u00f3n, ha iniciado trabajos de <strong>fumigaci\u00f3n o tratamientos especiales<\/strong> en la v\u00eda p\u00fablica, &#8220;<em>que iban avanzando por el distrito, en el menor tiempo posible&#8221;<\/em>, seg\u00fan lo informado desde la comuna.<\/p>\n<figure id=\"attachment_1045\" aria-describedby=\"caption-attachment-1045\" style=\"width: 960px\" class=\"wp-caption aligncenter\"><img loading=\"lazy\" decoding=\"async\" class=\"size-full wp-image-1045\" src=\"https:\/\/revistaepocadigital.com.ar\/wp-content\/uploads\/2018\/12\/fumiga1.jpg\" alt=\"\" width=\"960\" height=\"720\" srcset=\"https:\/\/revistaepocadigital.com.ar\/wp-content\/uploads\/2018\/12\/fumiga1.jpg 960w, https:\/\/revistaepocadigital.com.ar\/wp-content\/uploads\/2018\/12\/fumiga1-300x225.jpg 300w, https:\/\/revistaepocadigital.com.ar\/wp-content\/uploads\/2018\/12\/fumiga1-768x576.jpg 768w, https:\/\/revistaepocadigital.com.ar\/wp-content\/uploads\/2018\/12\/fumiga1-80x60.jpg 80w, https:\/\/revistaepocadigital.com.ar\/wp-content\/uploads\/2018\/12\/fumiga1-160x120.jpg 160w, https:\/\/revistaepocadigital.com.ar\/wp-content\/uploads\/2018\/12\/fumiga1-265x198.jpg 265w, https:\/\/revistaepocadigital.com.ar\/wp-content\/uploads\/2018\/12\/fumiga1-696x522.jpg 696w, https:\/\/revistaepocadigital.com.ar\/wp-content\/uploads\/2018\/12\/fumiga1-560x420.jpg 560w\" sizes=\"auto, (max-width: 960px) 100vw, 960px\" \/><figcaption id=\"caption-attachment-1045\" class=\"wp-caption-text\">La fumigaci\u00f3n hab\u00eda comenzado en Cardales.<\/figcaption><\/figure>\n<p>Tambi\u00e9n, es importante recordar, que es parte relevante en la problem\u00e1tica, la <strong>participaci\u00f3n vecinal<\/strong> en lo que respecta, al orden y la higiene de los domicilios, como as\u00ed, eliminando los recipientes innecesarios, y todos los elementos inservibles, que acumulan agua in\u00fatilmente, para evitar que los mosquitos se multipliquen.<\/p>\n<p>Este ha sido el <strong>cronograma de fumigaci\u00f3n<\/strong> establecido:<\/p>\n<p>Capilla del Se\u00f1or (barrios-periferia), Barrios Esperanza, San Jose, Cielos Capilla. Tambi\u00e9n en Pav\u00f3n, Los Cardales, Sakura, El Remanso, Los Pinos, Jularo, Parada Robles (barrios\u2013periferio), Barrio Arturo Mateo, Torres (Ex. de la Cruz), Barrio Sidrera, Barrio Los Cardos, asi como en Carlos Lemee, Diego Gaynor, Arroyo de la Cruz y Puente Fierro.<\/p>\n<p>&nbsp;<\/p>\n<p>Fotos: prensa municipalidad.<\/p>\n","protected":false},"excerpt":{"rendered":"<p>LO NOT\u00c1S EN CADA VERANO.<\/p>\n","protected":false},"author":3,"featured_media":1044,"comment_status":"open","ping_status":"open","sticky":false,"template":"","format":"standard","meta":{"footnotes":"","jetpack_publicize_message":"","jetpack_publicize_feature_enabled":true,"jetpack_social_post_already_shared":false,"jetpack_social_options":{"image_generator_settings":{"template":"highway","default_image_id":0,"font":"","enabled":false},"version":2}},"categories":[4],"tags":[113],"class_list":["post-1039","post","type-post","status-publish","format-standard","has-post-thumbnail","hentry","category-aqui-los-cardales","tag-fumigacion-mosquitos"],"jetpack_publicize_connections":[],"jetpack_featured_media_url":"https:\/\/revistaepocadigital.com.ar\/wp-content\/uploads\/2018\/12\/fumiga.jpg","jetpack_likes_enabled":true,"_links":{"self":[{"href":"https:\/\/revistaepocadigital.com.ar\/index.php?rest_route=\/wp\/v2\/posts\/1039","targetHints":{"allow":["GET"]}}],"collection":[{"href":"https:\/\/revistaepocadigital.com.ar\/index.php?rest_route=\/wp\/v2\/posts"}],"about":[{"href":"https:\/\/revistaepocadigital.com.ar\/index.php?rest_route=\/wp\/v2\/types\/post"}],"author":[{"embeddable":true,"href":"https:\/\/revistaepocadigital.com.ar\/index.php?rest_route=\/wp\/v2\/users\/3"}],"replies":[{"embeddable":true,"href":"https:\/\/revistaepocadigital.com.ar\/index.php?rest_route=%2Fwp%2Fv2%2Fcomments&post=1039"}],"version-history":[{"count":0,"href":"https:\/\/revistaepocadigital.com.ar\/index.php?rest_route=\/wp\/v2\/posts\/1039\/revisions"}],"wp:featuredmedia":[{"embeddable":true,"href":"https:\/\/revistaepocadigital.com.ar\/index.php?rest_route=\/wp\/v2\/media\/1044"}],"wp:attachment":[{"href":"https:\/\/revistaepocadigital.com.ar\/index.php?rest_route=%2Fwp%2Fv2%2Fmedia&parent=1039"}],"wp:term":[{"taxonomy":"category","embeddable":true,"href":"https:\/\/revistaepocadigital.com.ar\/index.php?rest_route=%2Fwp%2Fv2%2Fcategories&post=1039"},{"taxonomy":"post_tag","embeddable":true,"href":"https:\/\/revistaepocadigital.com.ar\/index.php?rest_route=%2Fwp%2Fv2%2Ftags&post=1039"}],"curies":[{"name":"wp","href":"https:\/\/api.w.org\/{rel}","templated":true}]}}