{"id":10394,"date":"2021-05-13T01:09:36","date_gmt":"2021-05-13T04:09:36","guid":{"rendered":"https:\/\/revistaepocadigital.com.ar\/?p=10394"},"modified":"2021-05-13T01:09:55","modified_gmt":"2021-05-13T04:09:55","slug":"pandemia-los-que-deben-volver-a-trabajar","status":"publish","type":"post","link":"https:\/\/revistaepocadigital.com.ar\/?p=10394","title":{"rendered":"Pandemia. Los que deben volver a trabajar"},"content":{"rendered":"<div class=\"row\">\n<div class=\"col-12\">\n<section class=\"section-detail-header\" data-td-script-src=\"https:\/\/www.ambito.com\/js-custom\/239\/detail-min-version-1620238280.js\">\n<div class=\"detail-header\">\n<div class=\"detail-header-wrapper\">\n<div class=\"grouper-and-date-wrapper d-flex flex-row align-items-center justify-content-start\"><strong>ACLARARON LA CONFUSI\u00d3N.<!--more--><\/strong><\/div>\n<h5 class=\"excerpt\">Una nota de la cartera laboral busc\u00f3 aclarar la confusi\u00f3n que hab\u00eda surgido entre una resoluci\u00f3n conjunta de Salud y Trabajo, de abril pasado, y dos DNU posteriores.<\/h5>\n<\/div>\n<div class=\"socials-share\"><\/div>\n<\/div>\n<\/section>\n<\/div>\n<\/div>\n<div class=\"row\"><\/div>\n<div class=\"row\">\n<div class=\"col-12 col-md-12 col-lg-8\">\n<section class=\"detail-body content-protected-false\">\n<div class=\"detail-gallery\">\n<div class=\"gallery lite\">\n<div class=\"itemGallery classid7529215\">\n<div class=\"gallery-slide\">\n<figure class=\"gallery-figure\"><strong>El Gobierno debi\u00f3 aclarar que los <a class=\"agrupador\" href=\"https:\/\/www.ambito.com\/trabajadores-a5126704\" rel=\"5126704\">trabajadores<\/a>\u00a0vacunados con al menos una dosis contra el\u00a0<a class=\"agrupador\" href=\"https:\/\/www.ambito.com\/coronavirus-a5127695\" rel=\"5127695\">coronavirus<\/a>\u00a0podr\u00e1n ser convocados a retornar a la prestaci\u00f3n de tareas presenciales por sus empleadores.<\/strong><\/figure>\n<\/div>\n<\/div>\n<\/div>\n<\/div>\n<\/section>\n<section class=\"detail-body first-paragraph\">\n<section id=\"note-body\" class=\"body-content note-body content-protected-false\" data-twitter-link=\"https:\/\/twitter.com\/intent\/tweet?url=https:\/\/www.ambito.com\/c5191722&amp;v\u00eda=Ambitocom&amp;related=\u00e1mbito.com&amp;text=\"><strong>\u00a0<\/strong>Lo hizo el Ministerio de Trabajo mediante una nota que dirigi\u00f3 (11\/5) a las autoridades de las carteras laborales de cada provincia ante la confusi\u00f3n que surgi\u00f3 entre una resoluci\u00f3n de abril que se\u00f1alaba ese retorno y dos decretos de necesidad y urgencia (DNU) posteriores que manten\u00edan las dispensas laborales que arrancaron junto con la cuarentena.<\/section>\n<\/section>\n<section class=\"detail-body second-paragraph\">\n<section class=\"body-content note-body content-protected-false\">La aclaraci\u00f3n se concret\u00f3 mediante una nota que la cartera laboral remiti\u00f3 al\u00a0<strong>Consejo Federal del Trabajo<\/strong>, un \u00f3rgano que congrega a los ministros del \u00e1rea de todo el pa\u00eds para el monitoreo del mercado de trabajo y el dise\u00f1o de pol\u00edticas laborales de alcance nacional. Ese mecanismo de comunicaci\u00f3n apunt\u00f3 a despejar dudas para que cada administraci\u00f3n pudiese transmitir, a su vez, el criterio a empresarios y dirigentes sindicales de sus respectivos distritos sin necesidad de redundar en una norma previa que ya consignaba la vuelta a las tareas para los vacunados, del 9 de abril.<\/section>\n<section><\/section>\n<\/section>\n<section class=\"detail-body\">\n<section class=\"body-content note-body content-protected-false\">En aquella oportunidad la resoluci\u00f3n conjunta n\u00famero 4 de los ministerios de Salud y Trabajo establec\u00eda que empleadores quedaban facultados a convocar \u201cal retorno a la actividad laboral\u201d a sus dependientes, \u201cincluidos dispensados y dispensadas que hubieren recibido al menos la primera dosis de cualquiera de las vacunas destinadas a generar inmunidad adquirida contra el Covid-19, una vez transcurridos catorce d\u00edas de la inoculaci\u00f3n y, para el caso de los trabajadores de la salud, luego de haber completado el esquema de vacunaci\u00f3n en su totalidad\u201d. Esa normativa s\u00f3lo mantuvo con la dispensa de concurrencia laboral a trabajadores con inmunodeficiencias, o bien oncol\u00f3gicos o trasplantados.<\/section>\n<section><\/section>\n<section class=\"body-content note-body content-protected-false\"><strong>La confusi\u00f3n surgi\u00f3 a partir del posterior dictado de los DNU 241 y 287<\/strong>\u00a0en los que volv\u00eda a consagrarse la vigencia de las dispensas laborales en su acepci\u00f3n m\u00e1s amplia con la inclusi\u00f3n de trabajadores mayores de 60 a\u00f1os, embarazadas o bien quienes formaran parte de alg\u00fan grupo de riesgo confirme la normativa emanada durante la pandemia. En varios gremios y en grupos de abogados laboralistas hab\u00edan interpretado que la publicaci\u00f3n de los decretos hab\u00eda sido posterior a la resoluci\u00f3n conjunta de ambos ministerios y, adem\u00e1s, contaban con una jerarqu\u00eda legal mayor por lo que impl\u00edcitamente derogaban la vuelta al trabajo de los vacunados que hab\u00eda sido dispuesta el 9 de abril.La incertidumbre ten\u00eda como una de sus aristas la situaci\u00f3n de los trabajadores que debieran cuidar de sus hijos o menores a cargo en edad escolar alcanzados por el DNU presidencial que suspendi\u00f3 la presencialidad en el \u00e1rea metropolitana de Buenos Aires y en regiones con alta circulaci\u00f3n del coronavirus, as\u00ed como los docentes de esos distritos.<\/p>\n<p>De ah\u00ed que fuese emitida la nota aclaratoria al Consejo Federal del Trabajo con la firma del ministro, <strong>Claudio Moroni,<\/strong>\u00a0quien a su vez instruy\u00f3 al director de Prensa y Comunicaciones de esa cartera,<strong>\u00a0Diego Mandelman<\/strong>\u00a0para brindar las precisiones. El escrito ratifica la vigencia de la resoluci\u00f3n conjunta n\u00famero 4 \u201cque regula la posibilidad de convocar a los trabajadores, incluidos los dispensados, debidamente vacunados que podr\u00e1n retornar a sus actividades luego de transcurrido el tiempo considerado necesario para la inmunidad\u201d.<\/p>\n<\/section>\n<\/section>\n<\/div>\n<p>Fuente: nota de<span class=\"person-name\">\u00a0<a href=\"https:\/\/www.ambito.com\/perfil\/713208-mariano-martin\" rel=\"nofollow\">Mariano Mart\u00edn<\/a><\/span><span class=\"person-mail\"><a href=\"mailto:mmartin@ambito.com.ar\" rel=\"nofollow\">mmartin@ambito.com.ar<\/a><\/span><\/p>\n<p>Foto: gentileza Laverdad online de Junin<\/p>\n<\/div>\n","protected":false},"excerpt":{"rendered":"<p>ACLARARON LA CONFUSI\u00d3N.<\/p>\n","protected":false},"author":3,"featured_media":10395,"comment_status":"open","ping_status":"open","sticky":false,"template":"","format":"standard","meta":{"footnotes":"","jetpack_publicize_message":"","jetpack_publicize_feature_enabled":true,"jetpack_social_post_already_shared":false,"jetpack_social_options":{"image_generator_settings":{"template":"highway","default_image_id":0,"font":"","enabled":false},"version":2}},"categories":[13],"tags":[],"class_list":["post-10394","post","type-post","status-publish","format-standard","has-post-thumbnail","hentry","category-interes-general"],"jetpack_publicize_connections":[],"jetpack_featured_media_url":"https:\/\/revistaepocadigital.com.ar\/wp-content\/uploads\/2021\/05\/descarga.jpg","jetpack_likes_enabled":true,"_links":{"self":[{"href":"https:\/\/revistaepocadigital.com.ar\/index.php?rest_route=\/wp\/v2\/posts\/10394","targetHints":{"allow":["GET"]}}],"collection":[{"href":"https:\/\/revistaepocadigital.com.ar\/index.php?rest_route=\/wp\/v2\/posts"}],"about":[{"href":"https:\/\/revistaepocadigital.com.ar\/index.php?rest_route=\/wp\/v2\/types\/post"}],"author":[{"embeddable":true,"href":"https:\/\/revistaepocadigital.com.ar\/index.php?rest_route=\/wp\/v2\/users\/3"}],"replies":[{"embeddable":true,"href":"https:\/\/revistaepocadigital.com.ar\/index.php?rest_route=%2Fwp%2Fv2%2Fcomments&post=10394"}],"version-history":[{"count":0,"href":"https:\/\/revistaepocadigital.com.ar\/index.php?rest_route=\/wp\/v2\/posts\/10394\/revisions"}],"wp:featuredmedia":[{"embeddable":true,"href":"https:\/\/revistaepocadigital.com.ar\/index.php?rest_route=\/wp\/v2\/media\/10395"}],"wp:attachment":[{"href":"https:\/\/revistaepocadigital.com.ar\/index.php?rest_route=%2Fwp%2Fv2%2Fmedia&parent=10394"}],"wp:term":[{"taxonomy":"category","embeddable":true,"href":"https:\/\/revistaepocadigital.com.ar\/index.php?rest_route=%2Fwp%2Fv2%2Fcategories&post=10394"},{"taxonomy":"post_tag","embeddable":true,"href":"https:\/\/revistaepocadigital.com.ar\/index.php?rest_route=%2Fwp%2Fv2%2Ftags&post=10394"}],"curies":[{"name":"wp","href":"https:\/\/api.w.org\/{rel}","templated":true}]}}