{"id":10401,"date":"2021-05-14T00:34:24","date_gmt":"2021-05-14T03:34:24","guid":{"rendered":"https:\/\/revistaepocadigital.com.ar\/?p=10401"},"modified":"2021-05-14T00:34:24","modified_gmt":"2021-05-14T03:34:24","slug":"creditos-para-enfermeras-y-enfermeros-de-la-provincia","status":"publish","type":"post","link":"https:\/\/revistaepocadigital.com.ar\/?p=10401","title":{"rendered":"CR\u00c9DITOS PARA ENFERMERAS Y ENFERMEROS DE LA PROVINCIA"},"content":{"rendered":"<p><strong>LO ANUNCIO EL GOBERNADOR KICILLOF.<\/strong><!--more--><\/p>\n<p>Se trata de una l\u00ednea de cr\u00e9ditos para enfermeros y enfermeras bonaerenses. &#8220;Desde el Banco de la Provincia hemos instrumentado una l\u00ednea de cr\u00e9dito por 100 mil pesos para los y las enfermeras, quienes contar\u00e1n con una tasa subsidiada y un plazo de 48 meses&#8221;, anunci\u00f3 Kicillof. Los cr\u00e9ditos son de 100 mil pesos.<\/p>\n<p>El gobernador afirm\u00f3 que &#8220;durante toda la pandemia hemos trabajado codo a codo con el personal de salud, que est\u00e1 haciendo un esfuerzo enorme para cuidar a los y las bonaerenses&#8221;.<\/p>\n<p>&nbsp;<\/p>\n","protected":false},"excerpt":{"rendered":"<p>LO ANUNCIO EL GOBERNADOR KICILLOF.<\/p>\n","protected":false},"author":4,"featured_media":10402,"comment_status":"open","ping_status":"open","sticky":false,"template":"","format":"standard","meta":{"footnotes":"","jetpack_publicize_message":"","jetpack_publicize_feature_enabled":true,"jetpack_social_post_already_shared":false,"jetpack_social_options":{"image_generator_settings":{"template":"highway","default_image_id":0,"font":"","enabled":false},"version":2}},"categories":[17],"tags":[872,1373],"class_list":["post-10401","post","type-post","status-publish","format-standard","has-post-thumbnail","hentry","category-politica","tag-creditos","tag-enfermeros"],"jetpack_publicize_connections":[],"jetpack_featured_media_url":"https:\/\/revistaepocadigital.com.ar\/wp-content\/uploads\/2021\/05\/enfermeros-688x387-1.jpg","jetpack_likes_enabled":true,"_links":{"self":[{"href":"https:\/\/revistaepocadigital.com.ar\/index.php?rest_route=\/wp\/v2\/posts\/10401","targetHints":{"allow":["GET"]}}],"collection":[{"href":"https:\/\/revistaepocadigital.com.ar\/index.php?rest_route=\/wp\/v2\/posts"}],"about":[{"href":"https:\/\/revistaepocadigital.com.ar\/index.php?rest_route=\/wp\/v2\/types\/post"}],"author":[{"embeddable":true,"href":"https:\/\/revistaepocadigital.com.ar\/index.php?rest_route=\/wp\/v2\/users\/4"}],"replies":[{"embeddable":true,"href":"https:\/\/revistaepocadigital.com.ar\/index.php?rest_route=%2Fwp%2Fv2%2Fcomments&post=10401"}],"version-history":[{"count":0,"href":"https:\/\/revistaepocadigital.com.ar\/index.php?rest_route=\/wp\/v2\/posts\/10401\/revisions"}],"wp:featuredmedia":[{"embeddable":true,"href":"https:\/\/revistaepocadigital.com.ar\/index.php?rest_route=\/wp\/v2\/media\/10402"}],"wp:attachment":[{"href":"https:\/\/revistaepocadigital.com.ar\/index.php?rest_route=%2Fwp%2Fv2%2Fmedia&parent=10401"}],"wp:term":[{"taxonomy":"category","embeddable":true,"href":"https:\/\/revistaepocadigital.com.ar\/index.php?rest_route=%2Fwp%2Fv2%2Fcategories&post=10401"},{"taxonomy":"post_tag","embeddable":true,"href":"https:\/\/revistaepocadigital.com.ar\/index.php?rest_route=%2Fwp%2Fv2%2Ftags&post=10401"}],"curies":[{"name":"wp","href":"https:\/\/api.w.org\/{rel}","templated":true}]}}