{"id":10525,"date":"2021-05-22T01:47:35","date_gmt":"2021-05-22T04:47:35","guid":{"rendered":"https:\/\/revistaepocadigital.com.ar\/?p=10525"},"modified":"2021-05-22T01:47:35","modified_gmt":"2021-05-22T04:47:35","slug":"kicillof-anuncio-medidas-para-atenuar-el-impacto-de-la-segunda-ola","status":"publish","type":"post","link":"https:\/\/revistaepocadigital.com.ar\/?p=10525","title":{"rendered":"Kicillof anunci\u00f3 medidas para atenuar el impacto de la segunda ola"},"content":{"rendered":"<table border=\"0\" cellspacing=\"0\" cellpadding=\"0\">\n<tbody>\n<tr class=\"yiv4415460199\">\n<td class=\"yiv4415460199stack-column\" valign=\"top\">\n<div class=\"yiv4415460199\" align=\"center\">\n<div style=\"text-align: left;\"><strong><span style=\"font-size: medium;\">SITUACI\u00d3N EPIDEMIOL\u00d3GICA.<\/span><\/strong><\/div>\n<div><\/div>\n<\/div>\n<\/td>\n<\/tr>\n<\/tbody>\n<\/table>\n<p><!--more--><\/p>\n<table border=\"0\" cellspacing=\"0\" cellpadding=\"0\">\n<tbody>\n<tr class=\"yiv4415460199selected-region\">\n<td class=\"yiv4415460199stack-column\" valign=\"top\">\n<div class=\"yiv4415460199selected-element\">\n<div><i>Adem\u00e1s de la puesta en marcha de las pautas establecidas por el Gobierno Nacional, el Gobernador present\u00f3 pol\u00edticas de acompa\u00f1amiento para los sectores m\u00e1s castigados por la pandemia.<\/i><\/div>\n<div><\/div>\n<div>A partir del anuncio que realiz\u00f3 el Presidente de la Naci\u00f3n, el gobernador de la provincia de Buenos Aires, Axel Kicillof, present\u00f3 las nuevas medidas que se adoptar\u00e1n para enfrentar la segunda ola de contagios de coronavirus. Fue durante una conferencia de prensa llevada a cabo en el Sal\u00f3n Dorado de la Casa de Gobierno junto al jefe de Gabinete, Carlos Bianco, y el ministro de Salud, Daniel Gollan.<\/div>\n<div><\/div>\n<div>En ese marco, Kicillof destac\u00f3 que \u201ccomo ha hecho durante toda la pandemia, la provincia de Buenos Aires va a respetar y a cumplir las nuevas medidas de cuidado que estableci\u00f3 el presidente Alberto Fern\u00e1ndez\u201d. \u201cEn la pr\u00f3xima semana se adecuar\u00e1 el sistema de fases al nuevo decreto, en tanto que son 126 los municipios bonaerenses donde regir\u00e1 la nueva normativa por presentar alto riesgo epidemiol\u00f3gico\u201d, agreg\u00f3.<\/div>\n<div><\/div>\n<div>\u201cEn la Argentina, como en toda la regi\u00f3n, estamos atravesando el peor momento de la pandemia y para eso estamos tomando las mismas medidas que se han adoptado en todos los pa\u00edses del mundo\u201d, afirm\u00f3 el Gobernador, al tiempo que subray\u00f3 que \u201cante esta segunda ola que presenta variantes m\u00e1s contagiosas y peligrosas del virus, lo m\u00e1s efectivo vuelve a ser quedarse en nuestras casas lo m\u00e1ximo posible para evitar los contagios\u201d.<\/div>\n<div><\/div>\n<div>Asimismo, remarc\u00f3 que \u201csiempre hemos tenido absoluta coherencia para establecer un criterio en el cual cuando sub\u00edan los casos deb\u00edan tomarse nuevas medidas de cuidado\u201d. Y a\u00f1adi\u00f3: \u201cA pesar del esfuerzo que hemos hecho para ampliar la capacidad de nuestro sistema sanitario, nadie est\u00e1 exento frente a un virus muy peligroso y para evitar las muertes necesitamos disminuir los contagios\u201d.<\/div>\n<div><\/div>\n<div>Respecto a la campa\u00f1a de vacunaci\u00f3n, Kicillof subray\u00f3 que \u201ces una muy buena noticia que la Argentina haya conseguido vacunas que han demostrado un rendimiento excelente contra la enfermedad\u201d. \u201cLa Provincia cumpli\u00f3 el primer hito al inmunizar al personal de salud, a todos los mayores de 70 a\u00f1os y las personas de m\u00e1s de 60 a\u00f1os con comorbilidades registradas\u201d, apunt\u00f3 y agreg\u00f3: \u201cCon el importante flujo de dosis que se espera para los pr\u00f3ximos d\u00edas, podremos cumplir un segundo hito con todos los mayores de 60 a\u00f1os y mayores de 40 con enfermedades preexistentes\u201d.<\/div>\n<div><\/div>\n<div>Adem\u00e1s, el Gobernador resalt\u00f3 la importancia de \u201cfomentar la inscripci\u00f3n de todos y todas las bonaerenses que no han podido registrarse o que cuentan todav\u00eda con alg\u00fan prejuicio\u201d. En ese marco, es importante resaltar que quienes cuenten con turno de vacunaci\u00f3n podr\u00e1n circular para asistir, aun en el marco de las nuevas medidas. \u201cQueremos que todos se sumen a un plan de vacunaci\u00f3n que, por el alcance que est\u00e1 teniendo, ya se ha convertido en el m\u00e1s grande de la historia de la Provincia\u201d, indic\u00f3.<\/div>\n<div><\/div>\n<div>Asimismo, el Gobernador reafirm\u00f3 que \u201cla educaci\u00f3n en la Provincia no se ha detenido nunca, como tampoco los comedores escolares\u201d, por lo que la semana pr\u00f3xima \u201clos d\u00edas que son h\u00e1biles va a haber continuidad pedag\u00f3gica a\u00fan en los distritos donde no se pueda tener presencialidad\u201d. En ese contexto agradeci\u00f3 \u201clos inmensos esfuerzos que han hecho los trabajadores y trabajadoras y toda la comunidad educativa\u201d. Adem\u00e1s explic\u00f3 que \u201ctenemos un plan de regreso a la presencialidad, pero cuando sea seguro para los chicos, los maestros y maestras, y sus familias\u201d.<\/div>\n<div><\/div>\n<div>Por \u00faltimo, Kicillof agradeci\u00f3 a \u201clas y los trabajadores de la salud y a todo el pueblo de la Provincia, que entiende que estas medidas tienen como \u00fanico objetivo el cuidado de la salud\u201d. \u201cCon el avance de la campa\u00f1a de vacunaci\u00f3n podremos dejar atr\u00e1s la pandemia para encarar el camino de reconstrucci\u00f3n y de transformaci\u00f3n que se merecen todos y todas las bonaerenses\u201d, concluy\u00f3.<\/div>\n<div><\/div>\n<div><b>Nuevas medidas para acompa\u00f1ar a los sectores m\u00e1s perjudicados por la pandemia<\/b><\/div>\n<div><\/div>\n<div>Kicillof anunci\u00f3 \u201cuna serie de medidas con las que el Gobierno de la provincia de Buenos Aires va a hacer un esfuerzo para complementar las pol\u00edticas nacionales y acompa\u00f1ar a los sectores que est\u00e1n siendo m\u00e1s perjudicados por la pandemia\u201d.<\/div>\n<div><\/div>\n<div>En ese marco, se estableci\u00f3 que la Agencia de Recaudaci\u00f3n de la Provincia de Buenos Aires (ARBA) no aplique retenciones de ingresos brutos a los sectores m\u00e1s afectados por la pandemia: salas de teatro y complejos cinematogr\u00e1ficos; discotecas y salones de fiesta; restaurantes y bares; establecimientos deportivos; jardines maternales y centros de atenci\u00f3n de desarrollo infantil. A estos rubros se les aplicar\u00e1 al\u00edcuota 0% en los reg\u00edmenes de Retenciones, Percepciones, Bancarias y Tarjetas. Con aplicaci\u00f3n durante los meses de julio, agosto y septiembre.<\/div>\n<div><\/div>\n<div>Asimismo, el Gobernador anunci\u00f3 el relanzamiento del Plan Covid-19, un esquema de pagos para regularizar deudas impositivas vencidas desde el 1 de enero hasta el 31 agosto de 2021, que abarca a ingresos brutos, inmobiliario b\u00e1sico y automotores. Adem\u00e1s, prev\u00e9 la suspensi\u00f3n de embargos judiciales hasta agosto.<\/div>\n<div><\/div>\n<div>Con una inversi\u00f3n de 2 mil millones de pesos, el Ministerio de Producci\u00f3n, Ciencia e Innovaci\u00f3n Tecnol\u00f3gica pondr\u00e1 en marcha el Programa de Sostenimiento Econ\u00f3mico de Actividades Afectadas por la Pandemia. Se trata de un aporte no reembolsable destinado a monotributistas y micro y peque\u00f1as empresas dedicadas a brindar servicios de transporte escolar, salones de fiestas y calesitas, jardines maternales, gimnasios, restaurantes, bares y clubes nocturnos, entre otros.<\/div>\n<div><\/div>\n<div>Por su parte, desde el Ministerio de Trabajo se ampliar\u00e1 el programa Preservar Trabajo y se eliminar\u00e1 la incompatibilidad por haber recibido ATP para las actividades m\u00e1s afectadas. Alcanza a rubros de transporte, panader\u00edas y confiter\u00edas, muebler\u00edas, fabricaci\u00f3n de juguetes, art\u00edculos de librer\u00eda, fabricaci\u00f3n y reparaci\u00f3n de algunas maquinarias, edici\u00f3n e impresi\u00f3n, curtidos y cueros, entre otros.<\/div>\n<div><\/div>\n<div>Estas pol\u00edticas se suman al plan de inversi\u00f3n social de 70 mil millones de pesos presentado a fines de abril, que incluy\u00f3 la ampliaci\u00f3n de programas del Ministerio de Desarrollo de la Comunidad para sumar al Servicio de Alimentaci\u00f3n Escolar (SAE) a 300 mil beneficiarios, alcanzando a los 2 millones de ni\u00f1os, ni\u00f1as y adolescentes. Adem\u00e1s, se hab\u00edan ampliado los receptores del programa Envi\u00f3n para capacitaci\u00f3n y formaci\u00f3n, aumentado la jubilaci\u00f3n m\u00ednima que depende de la Provincia en 35% y las pensiones asociadas, y destinando un 50% m\u00e1s del presupuesto para la compra directa de alimentos.<\/div>\n<div><\/div>\n<div>En el terreno productivo, se promovi\u00f3 una nueva edici\u00f3n del Fondo de Cultura y Turismo por 500 millones de pesos y se ampli\u00f3 el programa Preservar Trabajo, con el objetivo de ayudar a sostener el empleo. Desde el Banco Provincia, se puso en marcha una nueva l\u00ednea de cr\u00e9dito destinada a la compra de materiales para mejorar viviendas y obras peque\u00f1as, se ampli\u00f3 el programa REPYME y se fortalecieron los planes que promueven el consumo en los comercios de cercan\u00eda.<\/div>\n<div><\/div>\n<div>Adem\u00e1s, se promulgaron las leyes de Fortalecimiento Productivo, que implica una moratoria general de impuestos patrimoniales para 3 millones de contribuyentes y 3.800 Pymes, y la ley que crea el r\u00e9gimen de monotributo simplificado para un mill\u00f3n de bonaerenses.<\/div>\n<\/div>\n<div><\/div>\n<\/td>\n<\/tr>\n<\/tbody>\n<\/table>\n","protected":false},"excerpt":{"rendered":"<p>SITUACI\u00d3N EPIDEMIOL\u00d3GICA.<\/p>\n","protected":false},"author":3,"featured_media":10527,"comment_status":"open","ping_status":"open","sticky":false,"template":"","format":"standard","meta":{"footnotes":"","jetpack_publicize_message":"","jetpack_publicize_feature_enabled":true,"jetpack_social_post_already_shared":false,"jetpack_social_options":{"image_generator_settings":{"template":"highway","default_image_id":0,"font":"","enabled":false},"version":2}},"categories":[17],"tags":[776,470,1305],"class_list":["post-10525","post","type-post","status-publish","format-standard","has-post-thumbnail","hentry","category-politica","tag-gobernador","tag-medidas","tag-segunda-ola"],"jetpack_publicize_connections":[],"jetpack_featured_media_url":"https:\/\/revistaepocadigital.com.ar\/wp-content\/uploads\/2021\/05\/WhatsApp-Image-2021-04-15-at-21.12.50.jpeg","jetpack_likes_enabled":true,"_links":{"self":[{"href":"https:\/\/revistaepocadigital.com.ar\/index.php?rest_route=\/wp\/v2\/posts\/10525","targetHints":{"allow":["GET"]}}],"collection":[{"href":"https:\/\/revistaepocadigital.com.ar\/index.php?rest_route=\/wp\/v2\/posts"}],"about":[{"href":"https:\/\/revistaepocadigital.com.ar\/index.php?rest_route=\/wp\/v2\/types\/post"}],"author":[{"embeddable":true,"href":"https:\/\/revistaepocadigital.com.ar\/index.php?rest_route=\/wp\/v2\/users\/3"}],"replies":[{"embeddable":true,"href":"https:\/\/revistaepocadigital.com.ar\/index.php?rest_route=%2Fwp%2Fv2%2Fcomments&post=10525"}],"version-history":[{"count":0,"href":"https:\/\/revistaepocadigital.com.ar\/index.php?rest_route=\/wp\/v2\/posts\/10525\/revisions"}],"wp:featuredmedia":[{"embeddable":true,"href":"https:\/\/revistaepocadigital.com.ar\/index.php?rest_route=\/wp\/v2\/media\/10527"}],"wp:attachment":[{"href":"https:\/\/revistaepocadigital.com.ar\/index.php?rest_route=%2Fwp%2Fv2%2Fmedia&parent=10525"}],"wp:term":[{"taxonomy":"category","embeddable":true,"href":"https:\/\/revistaepocadigital.com.ar\/index.php?rest_route=%2Fwp%2Fv2%2Fcategories&post=10525"},{"taxonomy":"post_tag","embeddable":true,"href":"https:\/\/revistaepocadigital.com.ar\/index.php?rest_route=%2Fwp%2Fv2%2Ftags&post=10525"}],"curies":[{"name":"wp","href":"https:\/\/api.w.org\/{rel}","templated":true}]}}