{"id":10543,"date":"2021-05-22T21:35:40","date_gmt":"2021-05-23T00:35:40","guid":{"rendered":"https:\/\/revistaepocadigital.com.ar\/?p=10543"},"modified":"2021-05-22T21:35:40","modified_gmt":"2021-05-23T00:35:40","slug":"nuevo-numero-telefonico-del-comando-de-prevencion-rural","status":"publish","type":"post","link":"https:\/\/revistaepocadigital.com.ar\/?p=10543","title":{"rendered":"Nuevo n\u00famero telef\u00f3nico del Comando de Prevenci\u00f3n Rural"},"content":{"rendered":"<p class=\"yiv1836428639MsoNormal\"><b>INFORMACION DE UTILIDAD.<\/b><!--more--><\/p>\n<p class=\"yiv1836428639MsoNormal\">Desde la subcomisi\u00f3n de Seguridad de la Sociedad Rural de Exaltaci\u00f3n de la Cruz, Campana, Z\u00e1rate, se inform\u00f3 que el Comando de Prevenci\u00f3n Rural (CPR) \u2013Patrulla Rural- de Exaltaci\u00f3n de la Cruz cambi\u00f3 el n\u00famero de tel\u00e9fono <b><u>fijo\u00a0<\/u><\/b>de la base.<\/p>\n<p class=\"yiv1836428639MsoNormal\">El nuevo n\u00famero es:\u00a0<b>02323- 472599<\/b><\/p>\n<p class=\"yiv1836428639MsoNormal\"><b>El n\u00famero corresponde a un tel\u00e9fono FIJO.<\/b><\/p>\n","protected":false},"excerpt":{"rendered":"<p>INFORMACION DE UTILIDAD.<\/p>\n","protected":false},"author":4,"featured_media":10544,"comment_status":"open","ping_status":"open","sticky":false,"template":"","format":"standard","meta":{"footnotes":"","jetpack_publicize_message":"","jetpack_publicize_feature_enabled":true,"jetpack_social_post_already_shared":false,"jetpack_social_options":{"image_generator_settings":{"template":"highway","default_image_id":0,"font":"","enabled":false},"version":2}},"categories":[6,14],"tags":[1386],"class_list":["post-10543","post","type-post","status-publish","format-standard","has-post-thumbnail","hentry","category-barrios","category-la-gente","tag-comando-rural"],"jetpack_publicize_connections":[],"jetpack_featured_media_url":"https:\/\/revistaepocadigital.com.ar\/wp-content\/uploads\/2021\/05\/mail-1.jpg","jetpack_likes_enabled":true,"_links":{"self":[{"href":"https:\/\/revistaepocadigital.com.ar\/index.php?rest_route=\/wp\/v2\/posts\/10543","targetHints":{"allow":["GET"]}}],"collection":[{"href":"https:\/\/revistaepocadigital.com.ar\/index.php?rest_route=\/wp\/v2\/posts"}],"about":[{"href":"https:\/\/revistaepocadigital.com.ar\/index.php?rest_route=\/wp\/v2\/types\/post"}],"author":[{"embeddable":true,"href":"https:\/\/revistaepocadigital.com.ar\/index.php?rest_route=\/wp\/v2\/users\/4"}],"replies":[{"embeddable":true,"href":"https:\/\/revistaepocadigital.com.ar\/index.php?rest_route=%2Fwp%2Fv2%2Fcomments&post=10543"}],"version-history":[{"count":0,"href":"https:\/\/revistaepocadigital.com.ar\/index.php?rest_route=\/wp\/v2\/posts\/10543\/revisions"}],"wp:featuredmedia":[{"embeddable":true,"href":"https:\/\/revistaepocadigital.com.ar\/index.php?rest_route=\/wp\/v2\/media\/10544"}],"wp:attachment":[{"href":"https:\/\/revistaepocadigital.com.ar\/index.php?rest_route=%2Fwp%2Fv2%2Fmedia&parent=10543"}],"wp:term":[{"taxonomy":"category","embeddable":true,"href":"https:\/\/revistaepocadigital.com.ar\/index.php?rest_route=%2Fwp%2Fv2%2Fcategories&post=10543"},{"taxonomy":"post_tag","embeddable":true,"href":"https:\/\/revistaepocadigital.com.ar\/index.php?rest_route=%2Fwp%2Fv2%2Ftags&post=10543"}],"curies":[{"name":"wp","href":"https:\/\/api.w.org\/{rel}","templated":true}]}}