{"id":10546,"date":"2021-05-25T12:56:07","date_gmt":"2021-05-25T15:56:07","guid":{"rendered":"https:\/\/revistaepocadigital.com.ar\/?p=10546"},"modified":"2021-05-25T13:00:56","modified_gmt":"2021-05-25T16:00:56","slug":"hospi-carda","status":"publish","type":"post","link":"https:\/\/revistaepocadigital.com.ar\/?p=10546","title":{"rendered":"Cardales tendr\u00e1 su hospital y no afectar\u00e1 el funcionamiento del de Capilla"},"content":{"rendered":"<div class=\"\" dir=\"auto\">\n<div id=\"jsc_c_2jz\" class=\"ecm0bbzt hv4rvrfc ihqw7lf3 dati1w0a\" data-ad-comet-preview=\"message\" data-ad-preview=\"message\">\n<div class=\"j83agx80 cbu4d94t ew0dbk1b irj2b8pg\">\n<div class=\"qzhwtbm6 knvmm38d\">\n<div class=\"kvgmc6g5 cxmmr5t8 oygrvhab hcukyx3x c1et5uql ii04i59q\">\n<div dir=\"auto\"><strong>EL ANUNCIO OFICIAL DE SU CONSTRUCCI\u00d3N. <\/strong><!--more--><\/div>\n<div dir=\"auto\"><\/div>\n<div dir=\"auto\">Con la visita del ministro de Obras P\u00fablicas de la Naci\u00f3n, Gabriel Katopodis, presentaron el nuevo hospital para Los Cardales. Ser\u00e1 constru\u00eddo sobre la calle colectora R\u00edo Luj\u00e1n, en un predio que se encuentra entre las v\u00edas del ferrocarril y el acceso por la calle De Luca.<\/div>\n<\/div>\n<\/div>\n<\/div>\n<\/div>\n<\/div>\n<div dir=\"auto\"><\/div>\n<div dir=\"auto\"><\/div>\n<div dir=\"auto\">\n<p><img loading=\"lazy\" decoding=\"async\" class=\"size-full wp-image-10579\" src=\"https:\/\/revistaepocadigital.com.ar\/wp-content\/uploads\/2021\/05\/NAA-KATO-MARCECE11.jpg\" alt=\"\" width=\"528\" height=\"352\" srcset=\"https:\/\/revistaepocadigital.com.ar\/wp-content\/uploads\/2021\/05\/NAA-KATO-MARCECE11.jpg 528w, https:\/\/revistaepocadigital.com.ar\/wp-content\/uploads\/2021\/05\/NAA-KATO-MARCECE11-300x200.jpg 300w\" sizes=\"auto, (max-width: 528px) 100vw, 528px\" \/><\/p>\n<\/div>\n<div dir=\"auto\"><em>El intendente Nanni y el ministro Katopodis, durante el anuncio.<\/em><\/div>\n<div dir=\"auto\"><\/div>\n<div dir=\"auto\">Aqu\u00ed se construye:<\/div>\n<div dir=\"auto\"><\/div>\n<div class=\"\" dir=\"auto\">\n<div id=\"jsc_c_2jz\" class=\"ecm0bbzt hv4rvrfc ihqw7lf3 dati1w0a\" data-ad-comet-preview=\"message\" data-ad-preview=\"message\">\n<div class=\"j83agx80 cbu4d94t ew0dbk1b irj2b8pg\">\n<div class=\"qzhwtbm6 knvmm38d\">\n<div dir=\"auto\"><\/div>\n<div class=\"o9v6fnle cxmmr5t8 oygrvhab hcukyx3x c1et5uql ii04i59q\">\n<div dir=\"auto\">\n<figure id=\"attachment_10549\" aria-describedby=\"caption-attachment-10549\" style=\"width: 640px\" class=\"wp-caption aligncenter\"><img loading=\"lazy\" decoding=\"async\" class=\"size-full wp-image-10549\" src=\"https:\/\/revistaepocadigital.com.ar\/wp-content\/uploads\/2021\/05\/CARDALE-HOSPI21.jpg\" alt=\"\" width=\"640\" height=\"480\" srcset=\"https:\/\/revistaepocadigital.com.ar\/wp-content\/uploads\/2021\/05\/CARDALE-HOSPI21.jpg 640w, https:\/\/revistaepocadigital.com.ar\/wp-content\/uploads\/2021\/05\/CARDALE-HOSPI21-300x225.jpg 300w, https:\/\/revistaepocadigital.com.ar\/wp-content\/uploads\/2021\/05\/CARDALE-HOSPI21-80x60.jpg 80w, https:\/\/revistaepocadigital.com.ar\/wp-content\/uploads\/2021\/05\/CARDALE-HOSPI21-160x120.jpg 160w, https:\/\/revistaepocadigital.com.ar\/wp-content\/uploads\/2021\/05\/CARDALE-HOSPI21-265x198.jpg 265w, https:\/\/revistaepocadigital.com.ar\/wp-content\/uploads\/2021\/05\/CARDALE-HOSPI21-560x420.jpg 560w\" sizes=\"auto, (max-width: 640px) 100vw, 640px\" \/><figcaption id=\"caption-attachment-10549\" class=\"wp-caption-text\">El predio donde va a construirse el hospital cardalense, Grado A, visto desde la autov\u00eda 6. Los primeros pasos comienzan a darse en la obra (Foto Epoca).<\/figcaption><\/figure>\n<p>&nbsp;<\/p>\n<\/div>\n<div dir=\"auto\">Seg\u00fan anunci\u00f3 el intendente Diego Nanni, la edificaci\u00f3n contar\u00e1 con 1000 metros cuadrados de superficie, y el hospital dispondr\u00e1 en una primera etapa de 12 camas para internaci\u00f3n cr\u00edtica, sala de emergencias, 8 consultorios, laboratorio, sala de Rayos X, sector Covid y un vacunatorio. Quedar\u00e1 encuadrado en la categor\u00eda sanitaria &#8220;Grado A&#8221;, y est\u00e1 previsto que funcione las 24 horas con un equipo de 100 trabajadores entre m\u00e9dicos, enfermeros y personal de distintas \u00e1reas.<\/div>\n<div dir=\"auto\"><\/div>\n<\/div>\n<div class=\"o9v6fnle cxmmr5t8 oygrvhab hcukyx3x c1et5uql ii04i59q\">\n<div dir=\"auto\"><em>\u201cEs un proyecto que se puede ampliar, est\u00e1 dise\u00f1ado para seguir creciendo\u201d<\/em>, dijo Nanni en el centro cultural cardalense junto a Katopodis. El ministro confirm\u00f3 que la obra se licitar\u00e1 a la brevedad, en tanto en el predio ya comenz\u00f3 el movimiento de tierras (fotos) y continuar\u00e1 con la red de servicios.<\/div>\n<\/div>\n<div class=\"o9v6fnle cxmmr5t8 oygrvhab hcukyx3x c1et5uql ii04i59q\">\n<div dir=\"auto\"><\/div>\n<div dir=\"auto\"><em>\u201cAvanzar en la construcci\u00f3n de este hospital, significa construir salud p\u00fablica, es sumar camas, y tener el mejor sistema de cuidado para los vecinos\u201d,<\/em> dijo el titular de la cartera de Obras P\u00fablicas, quien destac\u00f3 el trabajo de Nanni: <em>\u201cHay un intendente que est\u00e1 cuidando a su gente, que est\u00e1 al frente del tim\u00f3n de esta crisis, pero pensando hacia adelante\u201d.<\/em><\/div>\n<\/div>\n<\/div>\n<\/div>\n<\/div>\n<\/div>\n<div dir=\"auto\"><\/div>\n<div class=\"\" dir=\"auto\">\n<div id=\"jsc_c_2jz\" class=\"ecm0bbzt hv4rvrfc ihqw7lf3 dati1w0a\" data-ad-comet-preview=\"message\" data-ad-preview=\"message\">\n<div class=\"j83agx80 cbu4d94t ew0dbk1b irj2b8pg\">\n<div class=\"qzhwtbm6 knvmm38d\">\n<div class=\"o9v6fnle cxmmr5t8 oygrvhab hcukyx3x c1et5uql ii04i59q\">\n<div dir=\"auto\">Antes del anuncio, Katopodis se reuni\u00f3 con el intendente, comparti\u00f3 un desayuno en la Casa de la Cultura junto a varios funcionarios, al que estuvo invitado el ex senador Ricardo Bozzani, y m\u00e1s tarde en un veh\u00edculo, recorrieron obras en marcha.<\/div>\n<\/div>\n<div dir=\"auto\"><\/div>\n<div class=\"o9v6fnle cxmmr5t8 oygrvhab hcukyx3x c1et5uql ii04i59q\">\n<div dir=\"auto\">En Los Cardales, en el nuevo sal\u00f3n del Parque Cultural como qued\u00f3 dicho, se anunci\u00f3 la construcci\u00f3n del nuevo hospital, en presencia de numerosos funcionarios y dirigentes locales. Estuvieron presentes la secretaria de Coordinaci\u00f3n Mar\u00eda Luz Bozzani; su par de gobierno, Mat\u00edas Azzalini; la secretaria de Salud, Guadalupe Bravo; de Planificaci\u00f3n, Marisa Bouj\u00f3n, y el titular de Higiene Urbana, Maxi Guti\u00e9rrez. Acompa\u00f1aron el delegado municipal Oscar Gianfelicce y varios funcionarios del gobierno local.<\/div>\n<\/div>\n<\/div>\n<div dir=\"auto\"><\/div>\n<div class=\"qzhwtbm6 knvmm38d\">\n<div class=\"o9v6fnle cxmmr5t8 oygrvhab hcukyx3x c1et5uql ii04i59q\">\n<div dir=\"auto\">El sistema de construcci\u00f3n del nuevo hospital ser\u00e1 modular; los hospitales modulares de emergencia son m\u00f3dulos de construcci\u00f3n r\u00e1pida , escalables a trav\u00e9s de la metodolog\u00eda de la construcci\u00f3n en seco y cuentan con certificaci\u00f3n Normas ISO 9001\/2015 de Calidad y Norma ISO 14001\/2015 de Medio Ambiente.<\/div>\n<\/div>\n<\/div>\n<\/div>\n<\/div>\n<\/div>\n<div dir=\"auto\"><\/div>\n<div dir=\"auto\">&#8220;Con la construcci\u00f3n del hospital en Cardales, se dar\u00e1 un antes y despu\u00e9s en materia de salud en Exaltaci\u00f3n de la Cruz, es un orgullo para todos los exaltacrucense, pese a la pandemia decidimos avanzar en los planes de gobierno. Katopodis por su lado, resalt\u00f3 que el gobierno provincial &#8220;<em>aument\u00f3 en 3000 camas la capacidad en hospitales durante la primera ola de Covid-19 y sum\u00f3 1500 en la segunda ola<\/em>&#8220;, a la vez enfatiz\u00f3 en tono pol\u00edtico que &#8220;<em>no hay que dejar la salud de nuestra gente como dice nuestro presidente Alberto Fern\u00e1ndez y la presidenta Cristina Fern\u00e1ndez, en manos de los privados con su l\u00f3gica puesta en la rentabilidad y mirando una planilla de Excel<\/em>l&#8221;, para luego criticar al ex presidente Mauricio Macri, &#8220;<em>cuatro a\u00f1os de macrismo, le dolieron mucho en el bolsillo a la gente&#8221;.<\/em><\/div>\n<div dir=\"auto\"><\/div>\n<div dir=\"auto\"><img loading=\"lazy\" decoding=\"async\" class=\"aligncenter size-full wp-image-10581\" src=\"https:\/\/revistaepocadigital.com.ar\/wp-content\/uploads\/2021\/05\/HOOss.jpg\" alt=\"\" width=\"528\" height=\"351\" srcset=\"https:\/\/revistaepocadigital.com.ar\/wp-content\/uploads\/2021\/05\/HOOss.jpg 528w, https:\/\/revistaepocadigital.com.ar\/wp-content\/uploads\/2021\/05\/HOOss-300x199.jpg 300w\" sizes=\"auto, (max-width: 528px) 100vw, 528px\" \/><\/div>\n<div dir=\"auto\"><\/div>\n<div dir=\"auto\">Ante la envergadura de la obra emprendido, EPOCA traslad\u00f3 al ministro Katopodis una pregunta, consideramos clave, sobre la forma en que ser\u00e1 financiado el funcionamiento diario del nuevo hospital de Cardales.<\/div>\n<div dir=\"auto\"><\/div>\n<div dir=\"auto\">Es sabido que el mantenimiento, prestaci\u00f3n de servicios, equipamiento, funcionamiento del Hospital de Capilla del Se\u00f1or, demanda sumo esfuerzo al municipio, habi\u00e9ndose mencionado en m\u00e1s de una ocasi\u00f3n que alrededor del 55% del presupuesto municipal, lo demanda el hospital. En funci\u00f3n de la creaci\u00f3n del hospital cardalense, surgen interrogantes acerca de si los fondos necesarios, podr\u00edan originarse del mismo presupuesto volcado a la salud del distrito, y si en tal caso implicar\u00eda una reducci\u00f3n de presupuesto para el hospital de Capilla. Para responder a la pregunta tom\u00f3 la posta el intendente Nanni, quien asegur\u00f3 que no habr\u00e1 reducci\u00f3n ni modificaci\u00f3n alguna en las partidas presupuestarias y servicios m\u00e9dicos relacionados al Hospital San Jos\u00e9.<em> &#8220;Puedo asegurar que en modo alguno, se dar\u00e1 una atenci\u00f3n de menor calidad para los habitantes de Exaltaci\u00f3n de la Cruz, en el Hospital San Jos\u00e9&#8221;,<\/em> resalt\u00f3 Nanni.<\/div>\n<div dir=\"auto\"><\/div>\n<div dir=\"auto\">En torno al sensible aspecto, apunt\u00f3 a EPOCA, la secretaria de Salud Guadalupe Bravo, <em>&#8220;nuestro hospital de Capilla por su crecimiento y complejidad es categor\u00eda Grado 8, mientras que el hospital de Cardales ser\u00e1 Grado A, que determina que tendr\u00e1 mucha menos complejidad. Por otro lado, el presupuesto para salud p\u00fablica es uno solo, no especifica \u00e1reas&#8221; <\/em>y sobre el centro asistencial de Cardales, en materia de salud una vez en funcionamiento mencion\u00f3 que<em> &#8220;ocupar\u00e1 el lugar del CAPs&#8221;.<\/em><\/div>\n<div dir=\"auto\"><\/div>\n<div dir=\"auto\"><\/div>\n<div dir=\"auto\">Fotos: prensa municipalidad y gentileza Esteban Marchese.<\/div>\n<div dir=\"auto\"><\/div>\n<div dir=\"auto\"><\/div>\n<div class=\"\" dir=\"auto\">\n<div id=\"jsc_c_2jz\" class=\"ecm0bbzt hv4rvrfc ihqw7lf3 dati1w0a\" data-ad-comet-preview=\"message\" data-ad-preview=\"message\">\n<div class=\"j83agx80 cbu4d94t ew0dbk1b irj2b8pg\">\n<div class=\"qzhwtbm6 knvmm38d\">\n<div class=\"o9v6fnle cxmmr5t8 oygrvhab hcukyx3x c1et5uql ii04i59q\">\n<div dir=\"auto\"><\/div>\n<\/div>\n<\/div>\n<\/div>\n<\/div>\n<\/div>\n<div class=\"discj3wi hv4rvrfc ihqw7lf3 dati1w0a\">\n<div class=\"j83agx80 l9j0dhe7 k4urcfbm\">\n<div class=\"rq0escxv l9j0dhe7 du4w35lb hybvsw6c io0zqebd m5lcvass fbipl8qg nwvqtn77 k4urcfbm ni8dbmo4 stjgntxs kmp5kqmu\"><\/div>\n<\/div>\n<\/div>\n","protected":false},"excerpt":{"rendered":"<p>EL ANUNCIO OFICIAL DE SU CONSTRUCCI\u00d3N.<\/p>\n","protected":false},"author":4,"featured_media":10582,"comment_status":"open","ping_status":"open","sticky":false,"template":"","format":"standard","meta":{"footnotes":"","jetpack_publicize_message":"","jetpack_publicize_feature_enabled":true,"jetpack_social_post_already_shared":false,"jetpack_social_options":{"image_generator_settings":{"template":"highway","default_image_id":0,"font":"","enabled":false},"version":2}},"categories":[13],"tags":[857,1390,1391,66],"class_list":["post-10546","post","type-post","status-publish","format-standard","has-post-thumbnail","hentry","category-interes-general","tag-anuncio","tag-hospital-cardales","tag-katopodis","tag-nanni"],"jetpack_publicize_connections":[],"jetpack_featured_media_url":"https:\/\/revistaepocadigital.com.ar\/wp-content\/uploads\/2021\/05\/CARDALE-HOSPI21-1.jpg","jetpack_likes_enabled":true,"_links":{"self":[{"href":"https:\/\/revistaepocadigital.com.ar\/index.php?rest_route=\/wp\/v2\/posts\/10546","targetHints":{"allow":["GET"]}}],"collection":[{"href":"https:\/\/revistaepocadigital.com.ar\/index.php?rest_route=\/wp\/v2\/posts"}],"about":[{"href":"https:\/\/revistaepocadigital.com.ar\/index.php?rest_route=\/wp\/v2\/types\/post"}],"author":[{"embeddable":true,"href":"https:\/\/revistaepocadigital.com.ar\/index.php?rest_route=\/wp\/v2\/users\/4"}],"replies":[{"embeddable":true,"href":"https:\/\/revistaepocadigital.com.ar\/index.php?rest_route=%2Fwp%2Fv2%2Fcomments&post=10546"}],"version-history":[{"count":0,"href":"https:\/\/revistaepocadigital.com.ar\/index.php?rest_route=\/wp\/v2\/posts\/10546\/revisions"}],"wp:featuredmedia":[{"embeddable":true,"href":"https:\/\/revistaepocadigital.com.ar\/index.php?rest_route=\/wp\/v2\/media\/10582"}],"wp:attachment":[{"href":"https:\/\/revistaepocadigital.com.ar\/index.php?rest_route=%2Fwp%2Fv2%2Fmedia&parent=10546"}],"wp:term":[{"taxonomy":"category","embeddable":true,"href":"https:\/\/revistaepocadigital.com.ar\/index.php?rest_route=%2Fwp%2Fv2%2Fcategories&post=10546"},{"taxonomy":"post_tag","embeddable":true,"href":"https:\/\/revistaepocadigital.com.ar\/index.php?rest_route=%2Fwp%2Fv2%2Ftags&post=10546"}],"curies":[{"name":"wp","href":"https:\/\/api.w.org\/{rel}","templated":true}]}}