{"id":1059,"date":"2018-12-30T10:59:04","date_gmt":"2018-12-30T13:59:04","guid":{"rendered":"https:\/\/revistaepocadigital.com.ar\/?p=1059"},"modified":"2018-12-30T11:00:23","modified_gmt":"2018-12-30T14:00:23","slug":"incluir-salud","status":"publish","type":"post","link":"https:\/\/revistaepocadigital.com.ar\/?p=1059","title":{"rendered":"INCLUIR SALUD"},"content":{"rendered":"<p><strong>EN CAPILLA DEL SE\u00d1OR.<\/strong><!--more--><\/p>\n<p>El programa <strong>Incluir Salud &#8211; UGP Buenos Aires<\/strong> concreta la apertura de una nueva delegaci\u00f3n, esta vez en la ciudad. Se encuentra localizada en <span class=\"text_exposed_show\">la oficina de <strong>Desarrollo Social <\/strong>del municipio<strong>,<\/strong> Ameghino 772 y funciona desde el de enero\u00a0 de lunes a <\/span><span class=\"text_exposed_show\">viernes de 8 a 13 horas. <\/span><\/p>\n<p><span class=\"text_exposed_show\">Se suma la representaci\u00f3n a las 12 existentes que funcionan en la Regi\u00f3n IV, sum\u00e1ndose 93 puntos de atenci\u00f3n en toda la provincia de Buenos Aires. Apuntan a ratificar el compromiso de trabajo, para poder brindar un mejor servicio a los usuarios que tanto lo necesitan.<\/span><\/p>\n<p>&nbsp;<\/p>\n","protected":false},"excerpt":{"rendered":"<p>EN CAPILLA DEL SE\u00d1OR.<\/p>\n","protected":false},"author":3,"featured_media":1060,"comment_status":"open","ping_status":"open","sticky":false,"template":"","format":"standard","meta":{"footnotes":"","jetpack_publicize_message":"","jetpack_publicize_feature_enabled":true,"jetpack_social_post_already_shared":false,"jetpack_social_options":{"image_generator_settings":{"template":"highway","default_image_id":0,"font":"","enabled":false},"version":2}},"categories":[6,15],"tags":[119],"class_list":["post-1059","post","type-post","status-publish","format-standard","has-post-thumbnail","hentry","category-barrios","category-lo-que-tenes-que-saber","tag-salud"],"jetpack_publicize_connections":[],"jetpack_featured_media_url":"https:\/\/revistaepocadigital.com.ar\/wp-content\/uploads\/2018\/12\/salud-ex.jpg","jetpack_likes_enabled":true,"_links":{"self":[{"href":"https:\/\/revistaepocadigital.com.ar\/index.php?rest_route=\/wp\/v2\/posts\/1059","targetHints":{"allow":["GET"]}}],"collection":[{"href":"https:\/\/revistaepocadigital.com.ar\/index.php?rest_route=\/wp\/v2\/posts"}],"about":[{"href":"https:\/\/revistaepocadigital.com.ar\/index.php?rest_route=\/wp\/v2\/types\/post"}],"author":[{"embeddable":true,"href":"https:\/\/revistaepocadigital.com.ar\/index.php?rest_route=\/wp\/v2\/users\/3"}],"replies":[{"embeddable":true,"href":"https:\/\/revistaepocadigital.com.ar\/index.php?rest_route=%2Fwp%2Fv2%2Fcomments&post=1059"}],"version-history":[{"count":0,"href":"https:\/\/revistaepocadigital.com.ar\/index.php?rest_route=\/wp\/v2\/posts\/1059\/revisions"}],"wp:featuredmedia":[{"embeddable":true,"href":"https:\/\/revistaepocadigital.com.ar\/index.php?rest_route=\/wp\/v2\/media\/1060"}],"wp:attachment":[{"href":"https:\/\/revistaepocadigital.com.ar\/index.php?rest_route=%2Fwp%2Fv2%2Fmedia&parent=1059"}],"wp:term":[{"taxonomy":"category","embeddable":true,"href":"https:\/\/revistaepocadigital.com.ar\/index.php?rest_route=%2Fwp%2Fv2%2Fcategories&post=1059"},{"taxonomy":"post_tag","embeddable":true,"href":"https:\/\/revistaepocadigital.com.ar\/index.php?rest_route=%2Fwp%2Fv2%2Ftags&post=1059"}],"curies":[{"name":"wp","href":"https:\/\/api.w.org\/{rel}","templated":true}]}}