{"id":10607,"date":"2021-05-27T21:13:04","date_gmt":"2021-05-28T00:13:04","guid":{"rendered":"https:\/\/revistaepocadigital.com.ar\/?p=10607"},"modified":"2021-05-27T21:13:04","modified_gmt":"2021-05-28T00:13:04","slug":"empezo-la-construccion-del-hospital","status":"publish","type":"post","link":"https:\/\/revistaepocadigital.com.ar\/?p=10607","title":{"rendered":"Empez\u00f3 la construcci\u00f3n del hospital"},"content":{"rendered":"<div class=\"\" dir=\"auto\">\n<div id=\"jsc_c_1c9\" class=\"ecm0bbzt hv4rvrfc ihqw7lf3 dati1w0a\" data-ad-comet-preview=\"message\" data-ad-preview=\"message\">\n<div class=\"j83agx80 cbu4d94t ew0dbk1b irj2b8pg\">\n<div class=\"qzhwtbm6 knvmm38d\">\n<div class=\"kvgmc6g5 cxmmr5t8 oygrvhab hcukyx3x c1et5uql ii04i59q\">\n<div dir=\"auto\"><strong>AL ANUNCIO DE D\u00cdAS ATR\u00c1S.<!--more--><\/strong><\/div>\n<div dir=\"auto\"><\/div>\n<\/div>\n<div class=\"o9v6fnle cxmmr5t8 oygrvhab hcukyx3x c1et5uql ii04i59q\">\n<div dir=\"auto\">Le ha continuado (27\/5) el inicio de la obra para construir el nuevo hospital para Los Cardales. Las tareas iniciaron con el relevamiento topogr\u00e1fico del predio, y con los primeros movimientos de suelo, en el sitio donde se levantar\u00e1 la estructura.<\/div>\n<div dir=\"auto\"><\/div>\n<\/div>\n<div class=\"o9v6fnle cxmmr5t8 oygrvhab hcukyx3x c1et5uql ii04i59q\">\n<div dir=\"auto\">El objetivo a corto plazo es la construcci\u00f3n de la platea donde se edificar\u00e1 el hospital, y dotar al predio de servicios. Luego, y en un cort\u00edsimo plazo (informaron desde la comuna), se proceder\u00e1 a la instalaci\u00f3n de la estructura. Finalizadas ambas etapas, el nuevo hospital comenzar\u00e1 a tomar forma.<\/div>\n<\/div>\n<div dir=\"auto\"><img loading=\"lazy\" decoding=\"async\" class=\"aligncenter size-full wp-image-10611\" src=\"https:\/\/revistaepocadigital.com.ar\/wp-content\/uploads\/2021\/05\/hosp.carda_.jpg\" alt=\"\" width=\"576\" height=\"384\" srcset=\"https:\/\/revistaepocadigital.com.ar\/wp-content\/uploads\/2021\/05\/hosp.carda_.jpg 576w, https:\/\/revistaepocadigital.com.ar\/wp-content\/uploads\/2021\/05\/hosp.carda_-300x200.jpg 300w\" sizes=\"auto, (max-width: 576px) 100vw, 576px\" \/><\/div>\n<\/div>\n<div dir=\"auto\"><\/div>\n<div class=\"qzhwtbm6 knvmm38d\">\n<div class=\"o9v6fnle cxmmr5t8 oygrvhab hcukyx3x c1et5uql ii04i59q\">\n<div dir=\"auto\">El nuevo nosocomio, reitaron desde el municipio, contar\u00e1 con 1000 metros cuadrados de superficie, doce camas para internaci\u00f3n cr\u00edtica, sala de emergencias, ocho consultorios, laboratorio, sala de Rayos X y un vacunatorio, al menos para la primera etapa del proyecto.<\/div>\n<div dir=\"auto\"><\/div>\n<div dir=\"auto\">Ampliaron del la municipalidad que el hospital sumar\u00e1 capacidad y tecnolog\u00eda, y reemplazar\u00e1 al actual CAP de Cardales. El anuncio se hab\u00eda formalizado una semana atr\u00e1s durante una conferencia de prensa encabezada por el intendente Diego Nanni, en compa\u00f1\u00eda del ministro de Obras Publicas de la Naci\u00f3n, Gabriel Katopodis.<\/div>\n<\/div>\n<\/div>\n<\/div>\n<\/div>\n<\/div>\n<div dir=\"auto\"><\/div>\n<div dir=\"auto\"><\/div>\n<div dir=\"auto\">Fotos: prensa municipalidad<\/div>\n<div id=\"jsc_c_1ca\" class=\"l9j0dhe7\">\n<div class=\"l9j0dhe7\">\n<div>\n<div>\n<div class=\"l9j0dhe7\">\n<div class=\"l9j0dhe7\">\n<div class=\"ni8dbmo4 stjgntxs pmk7jnqg\"><\/div>\n<\/div>\n<\/div>\n<\/div>\n<\/div>\n<\/div>\n<\/div>\n","protected":false},"excerpt":{"rendered":"<p>AL ANUNCIO DE D\u00cdAS ATR\u00c1S.<\/p>\n","protected":false},"author":3,"featured_media":10609,"comment_status":"open","ping_status":"open","sticky":false,"template":"","format":"standard","meta":{"footnotes":"","jetpack_publicize_message":"","jetpack_publicize_feature_enabled":true,"jetpack_social_post_already_shared":false,"jetpack_social_options":{"image_generator_settings":{"template":"highway","default_image_id":0,"font":"","enabled":false},"version":2}},"categories":[4],"tags":[423,717],"class_list":["post-10607","post","type-post","status-publish","format-standard","has-post-thumbnail","hentry","category-aqui-los-cardales","tag-cardales","tag-obra-hospital"],"jetpack_publicize_connections":[],"jetpack_featured_media_url":"https:\/\/revistaepocadigital.com.ar\/wp-content\/uploads\/2021\/05\/hosp-card.jpg","jetpack_likes_enabled":true,"_links":{"self":[{"href":"https:\/\/revistaepocadigital.com.ar\/index.php?rest_route=\/wp\/v2\/posts\/10607","targetHints":{"allow":["GET"]}}],"collection":[{"href":"https:\/\/revistaepocadigital.com.ar\/index.php?rest_route=\/wp\/v2\/posts"}],"about":[{"href":"https:\/\/revistaepocadigital.com.ar\/index.php?rest_route=\/wp\/v2\/types\/post"}],"author":[{"embeddable":true,"href":"https:\/\/revistaepocadigital.com.ar\/index.php?rest_route=\/wp\/v2\/users\/3"}],"replies":[{"embeddable":true,"href":"https:\/\/revistaepocadigital.com.ar\/index.php?rest_route=%2Fwp%2Fv2%2Fcomments&post=10607"}],"version-history":[{"count":0,"href":"https:\/\/revistaepocadigital.com.ar\/index.php?rest_route=\/wp\/v2\/posts\/10607\/revisions"}],"wp:featuredmedia":[{"embeddable":true,"href":"https:\/\/revistaepocadigital.com.ar\/index.php?rest_route=\/wp\/v2\/media\/10609"}],"wp:attachment":[{"href":"https:\/\/revistaepocadigital.com.ar\/index.php?rest_route=%2Fwp%2Fv2%2Fmedia&parent=10607"}],"wp:term":[{"taxonomy":"category","embeddable":true,"href":"https:\/\/revistaepocadigital.com.ar\/index.php?rest_route=%2Fwp%2Fv2%2Fcategories&post=10607"},{"taxonomy":"post_tag","embeddable":true,"href":"https:\/\/revistaepocadigital.com.ar\/index.php?rest_route=%2Fwp%2Fv2%2Ftags&post=10607"}],"curies":[{"name":"wp","href":"https:\/\/api.w.org\/{rel}","templated":true}]}}