{"id":1062,"date":"2018-12-30T11:16:48","date_gmt":"2018-12-30T14:16:48","guid":{"rendered":"https:\/\/revistaepocadigital.com.ar\/?p=1062"},"modified":"2018-12-30T11:18:17","modified_gmt":"2018-12-30T14:18:17","slug":"la-plaza-pascualito","status":"publish","type":"post","link":"https:\/\/revistaepocadigital.com.ar\/?p=1062","title":{"rendered":"La Plaza Pascualito"},"content":{"rendered":"<div id=\"js_5\" class=\"_5pbx userContent _3576\" data-ad-preview=\"message\" data-ft=\"{&quot;tn&quot;:&quot;K&quot;}\">\n<p><strong>EL ACTO DE IMPOSICI\u00d3N DEL NOMBRE.<\/strong><\/p>\n<p>La plaza se encuentra en las calles <strong>Guido Spano y Juan Jos\u00e9 Paso.<\/strong> El secretario de gobierno <strong>Diego Nanni<\/strong> junto al delegado en <strong>Cardales, Carlos Tucci<\/strong> y la delegada de Cultura <strong>Anina Gualchi,<\/strong> acompa\u00f1aron a familiares y vecinos en el evento. El vecino <strong>Javier L\u00f3pez<\/strong> fue el promotor del nombre de este lugar para esparcimiento.<\/p>\n<p>El p\u00e1rroco<strong> Eduardo<\/strong> bendijo la plaza, y se entregaron reconocimientos a vecinos y se present\u00f3 el <strong>Ballet de Folclore del Centro Cultural y el Ballet Municipal El Card\u00f3n de Z\u00e1rate<\/strong>. La plaza ha contado tambi\u00e9n con el aporte de vecinos, como el caso de <strong>Sergio Real Salas<\/strong>, quien don\u00f3 dos bancos y de la empresa Ferrero que aport\u00f3 los pan dulce y budines compartidos en la reuni\u00f3n.<\/p>\n<p>Ac\u00e1 va la <strong>s\u00edntesis<\/strong> acerca de <strong>Hideler Ram\u00f3n Pascual, &#8220;Pascualito&#8221;,<\/strong> elaborada por <strong>Luis Julio Salom.<\/strong><\/p>\n<p>Hideler Ram\u00f3n Pascual nace en Capilla del Se\u00f1or el 10 de junio de 1941. Sus padres fueron Evangelia Monsalvo y Evaristo Ram\u00f3n Pascual. Su hermana menor era la recordaba docente Alicia Luisa Pascual de Salda\u00f1a.<br \/>\nLa familia Pascual vive siempre en la zona cercana a Los Cardales, por lo que Hideler (\u201cPascualito\u201d) realiza sus estudios primarios en la Escuela N\u00ba11.<br \/>\nDesde muy joven empieza a trabajar como chofer de la empresa Citex, para continuar a cargo de uno de los camiones del Sr. Carlos Durruty que transportaba leche a la usina \u201cLa Armon\u00eda\u201d; luego y por muchos a\u00f1os consecutivos se desempe\u00f1a como transportista escolar en la Fundaci\u00f3n Holters-Simon. Aqu\u00ed realiza primero el recorrido Los Cardales- Campana y luego Los Cardales- Pilar. Sigue siendo muy recordado por todos los exalumnos que transportaba debido a su trato siempre amable y bonach\u00f3n.<br \/>\nParticip\u00f3 activamente en muchas de las actividades sociales y solidarias de su pueblo. En primer lugar como integrante del Centro Tradicionalista \u201cEl Estribo\u201d. Somos muchos los que lo recordamos desfilando a caballo en los actos centrales de Capilla del Se\u00f1or y de Los Cardales, tambi\u00e9n conduciendo un pintoresco Charret en el que llevaba a todos sus queridos nietos.<br \/>\nFue un entusiasta colaborador del P\u00e1rroco Luis Mar\u00eda Astigarraga, acompa\u00f1\u00e1ndolo en la instalaci\u00f3n de un merendero en la Capilla del Barrio San Jos\u00e9 de Tala y tambi\u00e9n en la atenci\u00f3n de los m\u00e1s necesitados de ese lugar.<br \/>\nTrabaj\u00f3 con sus hijos y tambi\u00e9n con alguno de sus nietos, en el emprendimiento familiar que desde hace ya varios a\u00f1os es conocido con en el nombre de Autoservicio T. y C., ubicado en la Avenida Belgrano 335.<br \/>\nEn sus \u00faltimos a\u00f1os se plantea como uno de sus objetivos personales cuidar esta plaza que hoy se est\u00e1 inaugurando con su nombre. Para ello gestiona activamente ante el Delegado Municipal Arnaldo Ponce de Le\u00f3n y, de a poco, su proyecto se va convirtiendo en realidad. Contando ya con la infraestructura m\u00ednima convoca a otros vecinos bien dispuestos para festejar en ella el \u201cD\u00eda del Ni\u00f1o\u201d, desarrollando un programa que inclu\u00eda juegos, una rica chocolatada y siempre, aunque costara, hab\u00eda premios sorpresa\u2026<br \/>\nLe interesaba que \u201csu plaza\u201d estuviera bien cuidada y como a veces solo no pod\u00eda, con la ayuda de su familia y de los buenos vecinos cortaban el pasto por sectores, cuidaban las plantas y alegraban ese peque\u00f1o espacio verde con el infaltable color de las flores.<br \/>\nPascualito fue un hombre esencialmente bueno y generoso, que hac\u00eda de la amistad un culto, despertando en todos los que tuvimos la suerte de tratarlo una corriente de empat\u00eda inolvidable.<\/p>\n<\/div>\n<p><!--more--><\/p>\n<div class=\"_3x-2\" data-ft=\"{&quot;tn&quot;:&quot;H&quot;}\">\n<div data-ft=\"{&quot;tn&quot;:&quot;H&quot;}\">\n<div class=\"mtm\">\n<div class=\"_2a2q _65sr\">\n<div class=\"_46-h\"><\/div>\n<div class=\"_46-h\"><img loading=\"lazy\" decoding=\"async\" class=\"_46-i img\" src=\"https:\/\/scontent-eze1-1.xx.fbcdn.net\/v\/t1.0-0\/q87\/p261x260\/49039894_2420475767981356_273037079665967104_n.jpg?_nc_cat=110&amp;_nc_ht=scontent-eze1-1.xx&amp;oh=9187e9bea7724adadd50c7748345e676&amp;oe=5C912B6F\" alt=\"La imagen puede contener: Diego Nanni, de pie, cancha de b\u00e1squet, c\u00e9sped, exterior y naturaleza\" width=\"390\" height=\"260\" \/><\/div>\n<div class=\"_46-h\"><img loading=\"lazy\" decoding=\"async\" class=\"_46-i img\" src=\"https:\/\/scontent-eze1-1.xx.fbcdn.net\/v\/t1.0-0\/q88\/p173x172\/49468792_2420475761314690_1979994010948730880_n.jpg?_nc_cat=107&amp;_nc_ht=scontent-eze1-1.xx&amp;oh=eb59128b3cecdfbe900c93e8b1da0e86&amp;oe=5CCF88F6\" alt=\"La imagen puede contener: 14 personas, personas sonriendo, personas de pie, \u00e1rbol, exterior y naturaleza\" width=\"258\" height=\"172\" \/><\/div>\n<div class=\"_46-h\"><img loading=\"lazy\" decoding=\"async\" class=\"_46-i img\" src=\"https:\/\/scontent-eze1-1.xx.fbcdn.net\/v\/t1.0-0\/q82\/p173x172\/49025926_2420476047981328_317848792747474944_n.jpg?_nc_cat=100&amp;_nc_ht=scontent-eze1-1.xx&amp;oh=478cf3115dbf570fe95278e5e8a5404c&amp;oe=5C944822\" alt=\"La imagen puede contener: 3 personas, incluido Carlos Tucci, personas de pie, multitud y exterior\" width=\"258\" height=\"172\" \/><\/div>\n<div class=\"_46-h\"><img loading=\"lazy\" decoding=\"async\" class=\"_46-i img\" src=\"https:\/\/scontent-eze1-1.xx.fbcdn.net\/v\/t1.0-0\/q88\/p173x172\/49594266_2420476054647994_8454920538408615936_n.jpg?_nc_cat=104&amp;_nc_ht=scontent-eze1-1.xx&amp;oh=2e7d9d884af981353e5da5b05de25585&amp;oe=5CCC24FE\" alt=\"La imagen puede contener: una o varias personas, personas de pie y exterior\" width=\"258\" height=\"172\" \/><\/div>\n<div class=\"_52d9\">\n<div class=\"_52db\">Fotos: prensa municipalidad.<\/div>\n<\/div>\n<\/div>\n<\/div>\n<\/div>\n<\/div>\n","protected":false},"excerpt":{"rendered":"<p>EL ACTO DE IMPOSICI\u00d3N DEL NOMBRE. La plaza se encuentra en las calles Guido Spano y Juan Jos\u00e9 Paso. El secretario de gobierno Diego Nanni junto al delegado en Cardales, Carlos Tucci y la delegada de Cultura Anina Gualchi, acompa\u00f1aron a familiares y vecinos en el evento. El vecino Javier L\u00f3pez fue el promotor del [&hellip;]<\/p>\n","protected":false},"author":3,"featured_media":1065,"comment_status":"open","ping_status":"open","sticky":false,"template":"","format":"standard","meta":{"footnotes":"","jetpack_publicize_message":"","jetpack_publicize_feature_enabled":true,"jetpack_social_post_already_shared":false,"jetpack_social_options":{"image_generator_settings":{"template":"highway","default_image_id":0,"font":"","enabled":false},"version":2}},"categories":[4],"tags":[37,120],"class_list":["post-1062","post","type-post","status-publish","format-standard","has-post-thumbnail","hentry","category-aqui-los-cardales","tag-destacada","tag-plaza-pascualito"],"jetpack_publicize_connections":[],"jetpack_featured_media_url":"https:\/\/revistaepocadigital.com.ar\/wp-content\/uploads\/2018\/12\/nanni-plaza-pascualito18.jpg","jetpack_likes_enabled":true,"_links":{"self":[{"href":"https:\/\/revistaepocadigital.com.ar\/index.php?rest_route=\/wp\/v2\/posts\/1062","targetHints":{"allow":["GET"]}}],"collection":[{"href":"https:\/\/revistaepocadigital.com.ar\/index.php?rest_route=\/wp\/v2\/posts"}],"about":[{"href":"https:\/\/revistaepocadigital.com.ar\/index.php?rest_route=\/wp\/v2\/types\/post"}],"author":[{"embeddable":true,"href":"https:\/\/revistaepocadigital.com.ar\/index.php?rest_route=\/wp\/v2\/users\/3"}],"replies":[{"embeddable":true,"href":"https:\/\/revistaepocadigital.com.ar\/index.php?rest_route=%2Fwp%2Fv2%2Fcomments&post=1062"}],"version-history":[{"count":0,"href":"https:\/\/revistaepocadigital.com.ar\/index.php?rest_route=\/wp\/v2\/posts\/1062\/revisions"}],"wp:featuredmedia":[{"embeddable":true,"href":"https:\/\/revistaepocadigital.com.ar\/index.php?rest_route=\/wp\/v2\/media\/1065"}],"wp:attachment":[{"href":"https:\/\/revistaepocadigital.com.ar\/index.php?rest_route=%2Fwp%2Fv2%2Fmedia&parent=1062"}],"wp:term":[{"taxonomy":"category","embeddable":true,"href":"https:\/\/revistaepocadigital.com.ar\/index.php?rest_route=%2Fwp%2Fv2%2Fcategories&post=1062"},{"taxonomy":"post_tag","embeddable":true,"href":"https:\/\/revistaepocadigital.com.ar\/index.php?rest_route=%2Fwp%2Fv2%2Ftags&post=1062"}],"curies":[{"name":"wp","href":"https:\/\/api.w.org\/{rel}","templated":true}]}}