{"id":10632,"date":"2021-05-29T00:07:40","date_gmt":"2021-05-29T03:07:40","guid":{"rendered":"https:\/\/revistaepocadigital.com.ar\/?p=10632"},"modified":"2021-05-29T00:07:40","modified_gmt":"2021-05-29T03:07:40","slug":"kicillof-anuncia-como-se-sigue","status":"publish","type":"post","link":"https:\/\/revistaepocadigital.com.ar\/?p=10632","title":{"rendered":"Kicillof anuncia como se sigue"},"content":{"rendered":"<div class=\"\" dir=\"auto\">\n<div id=\"jsc_c_1db\" class=\"ecm0bbzt hv4rvrfc ihqw7lf3 dati1w0a\" data-ad-comet-preview=\"message\" data-ad-preview=\"message\">\n<div class=\"j83agx80 cbu4d94t ew0dbk1b irj2b8pg\">\n<div class=\"qzhwtbm6 knvmm38d\">\n<div class=\"kvgmc6g5 cxmmr5t8 oygrvhab hcukyx3x c1et5uql ii04i59q\">\n<div dir=\"auto\">\n<p><strong><span class=\"d2edcug0 hpfvmrgz qv66sw1b c1et5uql lr9zc1uh a8c37x1j keod5gw0 nxhoafnm aigsh9s9 d3f4x2em fe6kdd0r mau55g9w c8b282yb iv3no6db jq4qci2q a3bd9o3v knj5qynh oo9gr5id hzawbc8m\" dir=\"auto\">ACTUALIZACION DE FASES POR DISTRITO, SEG\u00daN EL \u00daLTIMO COMUNICADO DE PROVINCIA. \u00bfY EXALTACI\u00d3N DE LA CRUZ?<!--more--><\/span><\/strong><\/p>\n<div dir=\"auto\"><\/div>\n<\/div>\n<div class=\"o9v6fnle cxmmr5t8 oygrvhab hcukyx3x c1et5uql ii04i59q\">\n<div dir=\"auto\">Se considera \u201cen FASE 2 Situaci\u00f3n de Alarma Epidemol\u00f3gica y Sanitaria\u201d, a todos los municipios cuyos casos confirmados acumulados cada 100 mil habitantes sea igual o superior a 500, o el porcentaje de ocupaci\u00f3n de camas de terapia intensiva hubiera superado el 80 por ciento.<\/div>\n<div dir=\"auto\"><\/div>\n<\/div>\n<div class=\"o9v6fnle cxmmr5t8 oygrvhab hcukyx3x c1et5uql ii04i59q\">\n<div dir=\"auto\">Tambi\u00e9n se considera en FASE 2, a los municipios en los que se haya producido un brote o aumento significativo de casos positivos, o un incremento en la velocidad de transmisi\u00f3n medida en tiempo de duplicaci\u00f3n.<\/div>\n<div dir=\"auto\"><\/div>\n<\/div>\n<div class=\"o9v6fnle cxmmr5t8 oygrvhab hcukyx3x c1et5uql ii04i59q\">\n<div dir=\"auto\">En torno a las restricciones, se aguarda para este s\u00e1bado la comunicaci\u00f3n oficial del gobernador Axel Kicillof, para determinar cu\u00e1les aplican en cada caso y situaci\u00f3n.<\/div>\n<\/div>\n<\/div>\n<\/div>\n<\/div>\n<\/div>\n<p>&nbsp;<\/p>\n<p><img loading=\"lazy\" decoding=\"async\" class=\"aligncenter size-full wp-image-10634\" src=\"https:\/\/revistaepocadigital.com.ar\/wp-content\/uploads\/2021\/05\/192389580_4399838946735697_614041162178964512_n.jpg\" alt=\"\" width=\"640\" height=\"906\" srcset=\"https:\/\/revistaepocadigital.com.ar\/wp-content\/uploads\/2021\/05\/192389580_4399838946735697_614041162178964512_n.jpg 640w, https:\/\/revistaepocadigital.com.ar\/wp-content\/uploads\/2021\/05\/192389580_4399838946735697_614041162178964512_n-212x300.jpg 212w, https:\/\/revistaepocadigital.com.ar\/wp-content\/uploads\/2021\/05\/192389580_4399838946735697_614041162178964512_n-297x420.jpg 297w, https:\/\/revistaepocadigital.com.ar\/wp-content\/uploads\/2021\/05\/192389580_4399838946735697_614041162178964512_n-593x840.jpg 593w\" sizes=\"auto, (max-width: 640px) 100vw, 640px\" \/><\/p>\n<p><img loading=\"lazy\" decoding=\"async\" class=\"aligncenter size-full wp-image-10635\" src=\"https:\/\/revistaepocadigital.com.ar\/wp-content\/uploads\/2021\/05\/192486713_4399839106735681_6035657126778905878_n.jpg\" alt=\"\" width=\"640\" height=\"901\" srcset=\"https:\/\/revistaepocadigital.com.ar\/wp-content\/uploads\/2021\/05\/192486713_4399839106735681_6035657126778905878_n.jpg 640w, https:\/\/revistaepocadigital.com.ar\/wp-content\/uploads\/2021\/05\/192486713_4399839106735681_6035657126778905878_n-213x300.jpg 213w, https:\/\/revistaepocadigital.com.ar\/wp-content\/uploads\/2021\/05\/192486713_4399839106735681_6035657126778905878_n-298x420.jpg 298w, https:\/\/revistaepocadigital.com.ar\/wp-content\/uploads\/2021\/05\/192486713_4399839106735681_6035657126778905878_n-597x840.jpg 597w\" sizes=\"auto, (max-width: 640px) 100vw, 640px\" \/><\/p>\n<p><img loading=\"lazy\" decoding=\"async\" class=\"aligncenter size-full wp-image-10636\" src=\"https:\/\/revistaepocadigital.com.ar\/wp-content\/uploads\/2021\/05\/192170765_4399839253402333_4815445808709610470_n.jpg\" alt=\"\" width=\"640\" height=\"911\" srcset=\"https:\/\/revistaepocadigital.com.ar\/wp-content\/uploads\/2021\/05\/192170765_4399839253402333_4815445808709610470_n.jpg 640w, https:\/\/revistaepocadigital.com.ar\/wp-content\/uploads\/2021\/05\/192170765_4399839253402333_4815445808709610470_n-211x300.jpg 211w, https:\/\/revistaepocadigital.com.ar\/wp-content\/uploads\/2021\/05\/192170765_4399839253402333_4815445808709610470_n-295x420.jpg 295w, https:\/\/revistaepocadigital.com.ar\/wp-content\/uploads\/2021\/05\/192170765_4399839253402333_4815445808709610470_n-590x840.jpg 590w\" sizes=\"auto, (max-width: 640px) 100vw, 640px\" \/>\n<\/div>\n","protected":false},"excerpt":{"rendered":"<p>ACTUALIZACION DE FASES POR DISTRITO, SEG\u00daN EL \u00daLTIMO COMUNICADO DE PROVINCIA. \u00bfY EXALTACI\u00d3N DE LA CRUZ?<\/p>\n","protected":false},"author":3,"featured_media":10637,"comment_status":"open","ping_status":"open","sticky":false,"template":"","format":"standard","meta":{"footnotes":"","jetpack_publicize_message":"","jetpack_publicize_feature_enabled":true,"jetpack_social_post_already_shared":false,"jetpack_social_options":{"image_generator_settings":{"template":"highway","default_image_id":0,"font":"","enabled":false},"version":2}},"categories":[17],"tags":[762,826],"class_list":["post-10632","post","type-post","status-publish","format-standard","has-post-thumbnail","hentry","category-politica","tag-fases","tag-situacion"],"jetpack_publicize_connections":[],"jetpack_featured_media_url":"https:\/\/revistaepocadigital.com.ar\/wp-content\/uploads\/2021\/05\/1610372543_169009_1610373045_noticia_normal.jpg","jetpack_likes_enabled":true,"_links":{"self":[{"href":"https:\/\/revistaepocadigital.com.ar\/index.php?rest_route=\/wp\/v2\/posts\/10632","targetHints":{"allow":["GET"]}}],"collection":[{"href":"https:\/\/revistaepocadigital.com.ar\/index.php?rest_route=\/wp\/v2\/posts"}],"about":[{"href":"https:\/\/revistaepocadigital.com.ar\/index.php?rest_route=\/wp\/v2\/types\/post"}],"author":[{"embeddable":true,"href":"https:\/\/revistaepocadigital.com.ar\/index.php?rest_route=\/wp\/v2\/users\/3"}],"replies":[{"embeddable":true,"href":"https:\/\/revistaepocadigital.com.ar\/index.php?rest_route=%2Fwp%2Fv2%2Fcomments&post=10632"}],"version-history":[{"count":0,"href":"https:\/\/revistaepocadigital.com.ar\/index.php?rest_route=\/wp\/v2\/posts\/10632\/revisions"}],"wp:featuredmedia":[{"embeddable":true,"href":"https:\/\/revistaepocadigital.com.ar\/index.php?rest_route=\/wp\/v2\/media\/10637"}],"wp:attachment":[{"href":"https:\/\/revistaepocadigital.com.ar\/index.php?rest_route=%2Fwp%2Fv2%2Fmedia&parent=10632"}],"wp:term":[{"taxonomy":"category","embeddable":true,"href":"https:\/\/revistaepocadigital.com.ar\/index.php?rest_route=%2Fwp%2Fv2%2Fcategories&post=10632"},{"taxonomy":"post_tag","embeddable":true,"href":"https:\/\/revistaepocadigital.com.ar\/index.php?rest_route=%2Fwp%2Fv2%2Ftags&post=10632"}],"curies":[{"name":"wp","href":"https:\/\/api.w.org\/{rel}","templated":true}]}}