{"id":10644,"date":"2021-05-29T23:41:58","date_gmt":"2021-05-30T02:41:58","guid":{"rendered":"https:\/\/revistaepocadigital.com.ar\/?p=10644"},"modified":"2021-06-01T21:12:24","modified_gmt":"2021-06-02T00:12:24","slug":"lo-que-podes-hacer-desde-este-lunes-fin-del-confinamiento","status":"publish","type":"post","link":"https:\/\/revistaepocadigital.com.ar\/?p=10644","title":{"rendered":"LO QUE POD\u00c9S HACER LUEGO DEL CONFINAMIENTO"},"content":{"rendered":"<p><strong>\u00bfQUE HACEMOS?<\/strong><!--more--><\/p>\n<div class=\"display_flex row align_items_center justify_center color_white\">Luego de nueve d\u00edas de confinamiento, en la Argentina volver\u00e1n a aplicarse las medidas sanitarias seg\u00fan la zona epidemiol\u00f3gica en la que se encuentre cada lugar del pa\u00eds, como ven\u00eda ocurriendo hasta el endurecimiento de las restricciones. El informe publicado en el portal Infobae.com<\/div>\n<div><\/div>\n<article class=\"article | col widescreen-8 desktop-8 tablet-12 width_full\">\n<div class=\"nd-body-article\">\n<p class=\"paragraph\">Lo anunciaron, por ejemplo, <a href=\"https:\/\/www.infobae.com\/politica\/2021\/05\/28\/clases-presenciales-y-comercios-abiertos-larreta-confirmo-que-el-domingo-termina-el-confinamiento-estricto-en-caba\/\" target=\"_blank\" rel=\"noopener\">el jefe de Gobierno porte\u00f1o, Horacio Rodr\u00edguez Larreta<\/a>, y el\u00a0<a href=\"https:\/\/www.infobae.com\/politica\/2021\/05\/28\/el-gobierno-bonaerense-confirmo-que-el-domingo-se-terminara-el-confinamiento-estricto\/\" target=\"_blank\" rel=\"noopener\">gobernador bonaerense, Axel Kicillof,<\/a>\u00a0en l\u00ednea con lo que indicaba el decreto del presidente<b>\u00a0Alberto Fern\u00e1ndez<\/b>, que estableci\u00f3 un aislamiento estricto entre el 22 y el 30 de mayo, as\u00ed como tambi\u00e9n durante el fin de semana del 5 y 6 de junio, cuando volver\u00eda a limitarse la circulaci\u00f3n.<\/p>\n<p class=\"paragraph\">Si bien en ambos distritos se van a respetar las fechas indicadas por las autoridades nacionales para implementar el cierre m\u00e1s duro, en la ciudad y en la provincia de Buenos Aires continuar\u00e1n las diferencias a la hora de volver con las aperturas.<\/p>\n<p class=\"paragraph\">De esta manera, mientras en territorio bonaerense seguir\u00e1n cerradas las aulas, Larreta ratific\u00f3 que en la Capital Federal\u00a0<b>los jardines maternales y la educaci\u00f3n inicial, primaria y especial van a volver a las clases presenciales desde este lunes.<\/b><\/p>\n<p class=\"paragraph\">En conferencia de prensa, el mandatario porte\u00f1o explic\u00f3 adem\u00e1s que<b>\u00a0los estudiantes de primer y segundo a\u00f1o van a retomar la bimodalidad<\/b>, mitad presencial y mitad virtual, mientras que los alumnos del resto de los niveles van a continuar con la ense\u00f1anza a distancia, al igual que aquellos que asisten a las escuelas para adultos, las terciarias y los Centros de Formaci\u00f3n Profesional.<\/p>\n<p class=\"paragraph\"><mark class=\"hl_yellow\">En cuanto a la circulaci\u00f3n, el jefe de Gobierno adelant\u00f3 que estar\u00e1 restringida entre las 8 de la noche y las 6 de la ma\u00f1ana, mientras que los bares y restaurantes podr\u00e1n volver a atender en espacios al aire libre en mesas de hasta 4 personas o grupo familiar hasta las 19. Luego de esa hora, se les permitir\u00e1 seguir trabajando con delivery o retiro en el local.<\/mark><\/p>\n<p class=\"paragraph\">El resto de los comercios tendr\u00e1n autorizaci\u00f3n para funcionar hasta las 19 con todos los protocolos y tambi\u00e9n regresar\u00e1n a sus actividades la industria y la construcci\u00f3n. En este \u00faltimo caso, las empresas con obras de m\u00e1s de 1.500 m2 van a tener que garantizar transporte privado para sus trabajadores.<\/p>\n<p class=\"paragraph\"><b>Los deportes de hasta 10 personas sin contacto vuelven a estar permitidos al aire libre<\/b>, de la misma forma que<b>\u00a0las<\/b>\u00a0<b>ceremonias religiosas.<\/b><\/p>\n<p class=\"paragraph\">\u201cEsto no quiere decir que sea momento de relajarnos, tenemos que cuidarnos m\u00e1s que nunca. Si logramos que los casos bajen vamos a mantener estas aperturas y avanzar con otras.\u00a0<b>Si la situaci\u00f3n empeora, vamos a tener que volver a tomar medidas m\u00e1s restrictivas\u201d<\/b>, asegur\u00f3 Rodr\u00edguez Larreta.<\/p>\n<p class=\"paragraph\"><b>Provincia de Buenos Aires<\/b><\/p>\n<p class=\"paragraph\">Por su parte, jefe de Gabinete de la provincia de Buenos Aires,<b>\u00a0Carlos Bianco<\/b>, tambi\u00e9n confirm\u00f3 que a partir del lunes (31-5), este distrito pasar\u00e1 a una nueva fase con m\u00e1s libertades, especialmente para los locales gastron\u00f3micos y los comercios no esenciales, pero con algunas diferencias respecto a la Ciudad.<\/p>\n<p class=\"paragraph\"><b>\u201cA partir del 31 y el 11 del 6, salvo el 5 y 6 de junio, lo que va estar vigente es una vuelta a la normativa anterior del sistema de fases\u201d,<\/b>\u00a0precis\u00f3 el funcionario.<\/p>\n<p class=\"paragraph\">En t\u00e9rminos pr\u00e1cticos, esto significa que volver\u00e1 al r\u00e9gimen que estuvo vigente hasta el viernes 21 de mayo.\u00a0<b>Los bonaerenses van a tener la libertad de circular en horario diurno. Y los locales gastron\u00f3micos podr\u00e1n atender al p\u00fablico de acuerdo a los protocolos vigentes.<\/b><\/p>\n<p class=\"paragraph\"><mark class=\"hl_yellow\">La provincia de Buenos Aires tiene un sistema de fases<\/mark>. Los municipios son clasificados de acuerdo a sus indicadores sanitarios. Solamente uno de ellos -San Cayetano- quedar\u00e1 en fase 4 y tendr\u00e1 mayores libertades a partir del lunes; 13 se encuentran en fase 3 y 121, en fase 2.<\/p>\n<p class=\"paragraph\">En los partidos bonaerenses que est\u00e9n en Fase 2\u00a0<b>no habr\u00e1 clases presenciales, no estar\u00e1n permitidas las reuniones familiares en domicilios particulares ni el ingreso de clientes a ciertos comercios (que deber\u00e1n atender desde la puerta), y los negocios deber\u00e1n cerrar a las 19, incluidos los gastron\u00f3micos.<\/b><\/p>\n<p class=\"paragraph\">En tanto, los que se encuentren en Fase 3 todav\u00eda tendr\u00e1n permitido el consumo en restaurantes y bares, aunque con un aforo m\u00e1ximo del 30% de su capacidad, los shoppings y los museos bajo la misma condici\u00f3n, y la pr\u00e1ctica deportiva grupal al aire libre.<\/p>\n<p class=\"paragraph\">En San Cayetano es donde menos restricciones habr\u00e1 desde este lunes ya que en este municipio, por permanecer en Fase 4, podr\u00e1n funcionar las discotecas, salones de fiesta, bibliotecas, casinos y gimnasios, adem\u00e1s de que se permiten las reuniones familiares en domicilios particulares, con un m\u00e1ximo de 10 personas.<\/p>\n<\/div>\n<div class=\"text-element\">Foto. gentileza DW<\/div>\n<\/article>\n","protected":false},"excerpt":{"rendered":"<p>\u00bfQUE HACEMOS?<\/p>\n","protected":false},"author":3,"featured_media":10646,"comment_status":"open","ping_status":"open","sticky":false,"template":"","format":"standard","meta":{"footnotes":"","jetpack_publicize_message":"","jetpack_publicize_feature_enabled":true,"jetpack_social_post_already_shared":false,"jetpack_social_options":{"image_generator_settings":{"template":"highway","default_image_id":0,"font":"","enabled":false},"version":2}},"categories":[17],"tags":[],"class_list":["post-10644","post","type-post","status-publish","format-standard","has-post-thumbnail","hentry","category-politica"],"jetpack_publicize_connections":[],"jetpack_featured_media_url":"https:\/\/revistaepocadigital.com.ar\/wp-content\/uploads\/2021\/05\/53565766_101.jpg","jetpack_likes_enabled":true,"_links":{"self":[{"href":"https:\/\/revistaepocadigital.com.ar\/index.php?rest_route=\/wp\/v2\/posts\/10644","targetHints":{"allow":["GET"]}}],"collection":[{"href":"https:\/\/revistaepocadigital.com.ar\/index.php?rest_route=\/wp\/v2\/posts"}],"about":[{"href":"https:\/\/revistaepocadigital.com.ar\/index.php?rest_route=\/wp\/v2\/types\/post"}],"author":[{"embeddable":true,"href":"https:\/\/revistaepocadigital.com.ar\/index.php?rest_route=\/wp\/v2\/users\/3"}],"replies":[{"embeddable":true,"href":"https:\/\/revistaepocadigital.com.ar\/index.php?rest_route=%2Fwp%2Fv2%2Fcomments&post=10644"}],"version-history":[{"count":0,"href":"https:\/\/revistaepocadigital.com.ar\/index.php?rest_route=\/wp\/v2\/posts\/10644\/revisions"}],"wp:featuredmedia":[{"embeddable":true,"href":"https:\/\/revistaepocadigital.com.ar\/index.php?rest_route=\/wp\/v2\/media\/10646"}],"wp:attachment":[{"href":"https:\/\/revistaepocadigital.com.ar\/index.php?rest_route=%2Fwp%2Fv2%2Fmedia&parent=10644"}],"wp:term":[{"taxonomy":"category","embeddable":true,"href":"https:\/\/revistaepocadigital.com.ar\/index.php?rest_route=%2Fwp%2Fv2%2Fcategories&post=10644"},{"taxonomy":"post_tag","embeddable":true,"href":"https:\/\/revistaepocadigital.com.ar\/index.php?rest_route=%2Fwp%2Fv2%2Ftags&post=10644"}],"curies":[{"name":"wp","href":"https:\/\/api.w.org\/{rel}","templated":true}]}}