{"id":10656,"date":"2021-05-29T21:57:09","date_gmt":"2021-05-30T00:57:09","guid":{"rendered":"https:\/\/revistaepocadigital.com.ar\/?p=10656"},"modified":"2021-06-01T21:10:37","modified_gmt":"2021-06-02T00:10:37","slug":"macri-hablo-con-juanita-viale-que-te-parecio","status":"publish","type":"post","link":"https:\/\/revistaepocadigital.com.ar\/?p=10656","title":{"rendered":"Macri habl\u00f3 con Juanita Viale \u00bfque te pareci\u00f3?"},"content":{"rendered":"<p class=\"paragraph\"><strong>EN UNA MESA SOLO PARA DOS.<\/strong><!--more--><\/p>\n<p class=\"paragraph\">El ex presidente <b>Mauricio Macri<\/b> particip\u00f3 este s\u00e1bado del programa La Noche de Mirtha Legrand, donde volvi\u00f3 a hacer un an\u00e1lisis de lo que fue la gesti\u00f3n de Cambiemos y critic\u00f3 fuertemente a la administraci\u00f3n de <b>Alberto Fern\u00e1ndez <\/b>al opinar que \u201choy estamos gobernados por personas que creen que los argentinos son esclavos\u201d.<\/p>\n<p class=\"paragraph\">El portal Infobae.com. public\u00f3 acerca del mano a mano entre Macri la conductora del ciclo, <b>Juana Viale<\/b>, el ex mandatario nacional sostuvo que cuando lleg\u00f3 a la Casa Rosada tuvo que enfrentar \u201cuna <b>triple maldici\u00f3n<\/b>\u201d, porque ten\u00eda \u201cun Estado nacional quebrado, que adem\u00e1s era asintom\u00e1tico, porque la gente no lo sab\u00eda\u201d, sumado a que el oficialismo no ten\u00eda \u201cmayor\u00edas en ning\u00fan lado\u201d.<\/p>\n<p class=\"paragraph\">Fuimos caminando a la vez que ten\u00edamos la suerte de que la gente se iba entusiasmando con este l\u00edder antichavista, democr\u00e1tico, que es quien les habla, y entonces nos prestaban plata. Hoy me doy cuenta de que no hay soluci\u00f3n sin las cosas b\u00e1sicas que hay en el mundo, como impuestos razonables\u201d, se\u00f1al\u00f3.<\/p>\n<p class=\"paragraph\">Sobre su ingreso al mundo de la pol\u00edtica, Macri explic\u00f3 que decidi\u00f3 salir \u201cdel status quo\u201d, a pesar de que \u201cle iba muy bien\u201d, porque se dio \u201ccuenta de que eso era una f\u00e1brica de pobres, era algo en lo que unos pocos mantuvieran los privilegios\u201d.<\/p>\n<p>Mi sensaci\u00f3n es que hoy estamos gobernados por personas que cree que los ciudadanos somos esclavos, a los que les cobran los impuestos que quieren y para gastarlos en lo que quieran. Ese es el concepto que tienen\u201d, cuestion\u00f3, consultado por la entrevistadora acerca de la actual administraci\u00f3n nacional. \u201cLo que se viene es una sana rebeld\u00eda\u201d, asegur\u00f3.<\/p>\n<p class=\"paragraph\">Por otro lado, Macri record\u00f3 su paso por la presidencia, sobre todo durante el 2018: \u201cHubo noches que fueron terribles. Cuando vino la crisis de la sequ\u00eda, iba transmitiendo cada vez menos porque fui perdiendo la capacidad de transmitir a partir de las 14 toneladas de piedras despu\u00e9s de que hab\u00edamos ganado en el 2017 y todo ese desastre. Ah\u00ed se me quebr\u00f3 el Gobierno, y se me quebr\u00f3 la cabeza. Empec\u00e9 a sentir que nada alcanzaba. Intentaba a las 7 u 8 de la noche, cuando entraba a Olivos, olvidarme de todo, cerraba todo, no prend\u00eda la televisi\u00f3n, pon\u00eda Netflix, y hasta el d\u00eda siguiente, a las 7 de la ma\u00f1ana, trataba de reconstituirme desde el afecto, el amor, la familia y los amigos\u201d.<\/p>\n<p class=\"paragraph\">Con relaci\u00f3n a la actualidad, el ex Jefe de Estado tambi\u00e9n se mostr\u00f3 en contra de las actuales pol\u00edticas econ\u00f3micas del Poder Ejecutivo y se\u00f1al\u00f3 que <b>\u201cencima de que no tenemos d\u00f3lares, ahora tambi\u00e9n proh\u00edben la exportaci\u00f3n de carne\u201d.<\/b><\/p>\n<p class=\"paragraph\">\u201cAh\u00ed es cuando uno ve algo complejo porque<b> ya lo hicieron en el pasado, no les funcion\u00f3, destruyeron el empleo, la comida estuvo mucho m\u00e1s cara de lo que estaba antes, y lo vuelven a hacer. <\/b>No hay aprendizaje, eso es la peor parte del populismo, negar la realidad, enamorarse de esl\u00f3ganes creyendo que pueden alterar la ley de la gravedad\u201d, critic\u00f3.<\/p>\n<p class=\"paragraph\">Cuando la conductora le pregunt\u00f3 si le gustar\u00eda volver a presentarse para la presidencia, el ex jefe de Estado respondi\u00f3: <mark class=\"hl_yellow\">\u201cHoy ni lo pienso. Hoy mi preocupaci\u00f3n es ayudar a los l\u00edderes que tenemos<\/mark>, a que se desarrollen, porque para el 2023, \u00bfqu\u00e9 mejor para los argentinos que en Juntos por el Cambio haya varios candidatos a presidente? Con ideas, con fuerza, con ganas\u201d, destac\u00f3.<\/p>\n<p class=\"paragraph\">Al respecto, agreg\u00f3 que, si bien es posible que haya una interna dentro de la coalici\u00f3n para elegir al candidato que finalmente competir\u00e1 en los comicios, luego \u201cganar\u00e1 uno, la gente lo elegir\u00e1, y el resto lo tiene que acompa\u00f1ar\u201d. De todas formas aclar\u00f3 que \u201cestamos lejos del d\u00eda\u201d en el que se definir\u00e1n las listas.<\/p>\n<p class=\"paragraph\"><b>\u201cHoy hay que ocuparse de que no nos metan un procurador militante que ponga en riesgo la libertad de todos<\/b>, que sigan atropellando y persiguiendo a aquel que piensa distinto, me parece que hoy esa es la agenda\u201d, subray\u00f3, haciendo referencia al proyecto del actual oficialismo para modificar el Ministerio P\u00fablico Fiscal y designar a un nuevo funcionario al frente de este organismo.<\/p>\n<div class=\"visual__image \">\n<p class=\"paragraph\">r otra parte, el ex mandatario tambi\u00e9n defendi\u00f3 el rol que tuvo Marcos Pe\u00f1a en su Gobierno y remarc\u00f3 que <b>\u201cno se lo puede ni comparar con Santiago Cafiero\u201d. <\/b> <b>\u201cEl jefe Gabinete se lleva todas las cr\u00edticas, las que cometi\u00f3 y las que no, <\/b>pero el Presidente era yo, fui yo el que eligi\u00f3 el lugar de cada uno y me hago responsable\u201d, coment\u00f3.<\/p>\n<p class=\"paragraph\">Por \u00faltimo, tambi\u00e9n cuestion\u00f3 las medidas sanitarias del Gobierno al considerar que generaron \u201cempleos destruidos y tratamientos (m\u00e9dicos) abandonados\u201d, como consecuencia de que <mark class=\"hl_yellow\">\u201cse cay\u00f3 en una sobreactuaci\u00f3n en el encierro y en el autoritarismo que fue muy malo\u201d<\/mark>. \u201cLa cuarentena m\u00e1s larga del mundo termin\u00f3 con las reservas psicol\u00f3gicas y econ\u00f3micas de la sociedad. Hoy vemos que est\u00e1bamos lejos del pico del problema \u201c, defini\u00f3.<\/p>\n<p class=\"paragraph\"><b>\u201cLa democracia est\u00e1 en riesgo, sin dudas. <\/b>Todos los d\u00edas. Una democracia corre riesgo porque un dirigente que entra en el sistema democr\u00e1tico empieza a minar el sistema. Hoy es un juez, un periodista intimidado, una instituci\u00f3n.<b> De a poquito te van demoliendo el esquema institucional. Entra en peligro todo un sistema que nos garantiza que lo m\u00e1s peligroso, la pandemia m\u00e1s peligrosa es la concentraci\u00f3n de poder\u201d, advirti\u00f3.<\/b><\/p>\n<p class=\"paragraph\">Y m\u00e1s tarde agreg\u00f3: \u201cNo podemos permitir que nos digan qu\u00e9 hacer y qu\u00e9 no. <b>Las violaciones de los derechos humanos que hemos visto en la Argentina desde marzo del a\u00f1o pasado hasta ac\u00e1, es tremendo. Y esto se va a investigar, porque pasaron muchas cosas en las provincias\u201d.<\/b><\/p>\n<\/div>\n<p class=\"paragraph\">Foto: gentileza diario La Naci\u00f3n.<\/p>\n","protected":false},"excerpt":{"rendered":"<p>EN UNA MESA SOLO PARA DOS.<\/p>\n","protected":false},"author":3,"featured_media":10658,"comment_status":"open","ping_status":"open","sticky":false,"template":"","format":"standard","meta":{"footnotes":"","jetpack_publicize_message":"","jetpack_publicize_feature_enabled":true,"jetpack_social_post_already_shared":false,"jetpack_social_options":{"image_generator_settings":{"template":"highway","default_image_id":0,"font":"","enabled":false},"version":2}},"categories":[17],"tags":[1395,389],"class_list":["post-10656","post","type-post","status-publish","format-standard","has-post-thumbnail","hentry","category-politica","tag-juana-viale","tag-macri"],"jetpack_publicize_connections":[],"jetpack_featured_media_url":"https:\/\/revistaepocadigital.com.ar\/wp-content\/uploads\/2021\/05\/juana-viale-y-mauricio-macri-la-noche-mirtha-legrand-foto-la-nacion.jpg","jetpack_likes_enabled":true,"_links":{"self":[{"href":"https:\/\/revistaepocadigital.com.ar\/index.php?rest_route=\/wp\/v2\/posts\/10656","targetHints":{"allow":["GET"]}}],"collection":[{"href":"https:\/\/revistaepocadigital.com.ar\/index.php?rest_route=\/wp\/v2\/posts"}],"about":[{"href":"https:\/\/revistaepocadigital.com.ar\/index.php?rest_route=\/wp\/v2\/types\/post"}],"author":[{"embeddable":true,"href":"https:\/\/revistaepocadigital.com.ar\/index.php?rest_route=\/wp\/v2\/users\/3"}],"replies":[{"embeddable":true,"href":"https:\/\/revistaepocadigital.com.ar\/index.php?rest_route=%2Fwp%2Fv2%2Fcomments&post=10656"}],"version-history":[{"count":0,"href":"https:\/\/revistaepocadigital.com.ar\/index.php?rest_route=\/wp\/v2\/posts\/10656\/revisions"}],"wp:featuredmedia":[{"embeddable":true,"href":"https:\/\/revistaepocadigital.com.ar\/index.php?rest_route=\/wp\/v2\/media\/10658"}],"wp:attachment":[{"href":"https:\/\/revistaepocadigital.com.ar\/index.php?rest_route=%2Fwp%2Fv2%2Fmedia&parent=10656"}],"wp:term":[{"taxonomy":"category","embeddable":true,"href":"https:\/\/revistaepocadigital.com.ar\/index.php?rest_route=%2Fwp%2Fv2%2Fcategories&post=10656"},{"taxonomy":"post_tag","embeddable":true,"href":"https:\/\/revistaepocadigital.com.ar\/index.php?rest_route=%2Fwp%2Fv2%2Ftags&post=10656"}],"curies":[{"name":"wp","href":"https:\/\/api.w.org\/{rel}","templated":true}]}}