{"id":10663,"date":"2021-06-08T16:29:31","date_gmt":"2021-06-08T19:29:31","guid":{"rendered":"https:\/\/revistaepocadigital.com.ar\/?p=10663"},"modified":"2021-06-08T16:30:54","modified_gmt":"2021-06-08T19:30:54","slug":"santiago-gonzalez-de-capilla-a-vivir-en-israel","status":"publish","type":"post","link":"https:\/\/revistaepocadigital.com.ar\/?p=10663","title":{"rendered":"SANTIAGO GONZ\u00c1LEZ, DE CAPILLA A VIVIR EN ISRAEL"},"content":{"rendered":"<p><strong>UNA HISTORIA DE VIDA, EN UNA ZONA MUY CALIENTE.<\/strong><!--more--><\/p>\n<p>Es<strong> Santiago Gonz\u00e1lez<\/strong>, capillense; un d\u00eda a la b\u00fasqueda sue\u00f1os y objetivos, junto a su pareja Galit Celnik, tomaron una decisi\u00f3n que iba cambiar el rumbo de sus vidas. Resolvieron ir a vivir a Israel, convencidos, se instalaron, desarrollan sus actividades y hace 10 meses para consolidarlos a\u00fan m\u00e1s, naci\u00f3 L\u00edo el hijo de ambos. Un revelador relato, a veces crudo, de como viven en Israel.<\/p>\n<p><strong><em>&#8220;Tengo 31 a\u00f1os, estoy en pareja con Galit Celnik que es israel\u00ed, ella vivi\u00f3 12 a\u00f1os en la Argentina, hace 3 nos vinimos a vivir a Israel y el a\u00f1o pasado naci\u00f3 Lio&#8221;<\/em><\/strong>, cuenta Santiago a EPOCA. Vaya detalle, Santiago como otras mujeres y hombres de <strong>Exaltaci\u00f3n de la Cruz,<\/strong> desde hace muchos a\u00f1os, se afincaron en distintos pa\u00edses, y porque no sean representantes de nuestro distrito en el mundo.<\/p>\n<p><img decoding=\"async\" src=\"https:\/\/revistaepocadigital.com.ar\/wp-content\/uploads\/2021\/06\/GONZALE1.jpg\" \/><\/p>\n<h6><em>Santiago con el peque\u00f1o L\u00edo.<\/em><\/h6>\n<p>&nbsp;<\/p>\n<p>Cuenta Santiago<strong><em>, &#8220;vinimos a vivir a Israel junto a mi pareja, ella vivi\u00f3 12 a\u00f1os en la Argentina y bueno, lo pensamos y resolvimos. S\u00ed, su familia vive ac\u00e1 y nosotros nos radicamos en el Kibutz Nir Oz, al sur de Israel; a unos 70 kms de Tel Aviv&#8221;.<\/em><\/strong><\/p>\n<p>A prop\u00f3sito de Tel Aviv, establecida en 1906, est\u00e1 considerada como el centro de la econom\u00eda global de Israel, y como la capital cultural del pa\u00eds\u00a0 debido a su car\u00e1cter cosmopolita y moderno y un importante centro de artes esc\u00e9nicas que junto a sus playas, caf\u00e9s, tiendas de lujo y estilo de vida secular, la han convertido en un popular destino tur\u00edstico. Eso s\u00ed. estudios revelaron que Tel Aviv esla ciudad m\u00e1s cara en el Oriente Medio y la 14\u00aa m\u00e1s cara del mundo.<\/p>\n<p><strong>-\u00bfA que se debi\u00f3 que vivan en el Kibutz Nir Oz?<\/strong><\/p>\n<p><em>-Cuando llegu\u00e9 al pa\u00eds quise vivir en Tel Aviv, pero es una ciudad activa con m\u00e1s movimiento; parecido a Buenos Aires. Por eso busqu\u00e9 un lugar m\u00e1s tranquilo para vivir, m\u00e1s parecido a Capilla del Se\u00f1or mi pueblo. Por eso buscamos un kibutz para vivir. Un kibutz es una comunidad, se asemeja a lo que en la Argentina es un barrio cerrado.<\/em><\/p>\n<p>&#8211;<strong>\u00bfC\u00f3mo es tu vida, en que trabajas?<\/strong><\/p>\n<p>&#8211;<em>Trabajo en la parte de producci\u00f3n y laboratorio de una empresa que hace de algas, un producto comestible sano y con muchas prote\u00ednas, se llama Mankai. Y bueno, estoy con mi familia, nos apoyamos mucho; soy fan\u00e1tico del f\u00fatbol, hincha de Boca!, l\u00e1stima que no puedo seguir mucho los partidos por la diferencia horaria (6 horas m\u00e1s que el horario argentino), de todas maneras sigo todos resultados. \u00bfSi me hice hincha de alg\u00fan club de Israel?, ja!; si, soy hincha del Macabi Tel Aviv, \u00a1tiene los mismos colores de Boca!.<\/em><\/p>\n<p><strong>-Santiago, \u00bfde que forma han vivido el reciente nuevo conflicto armado entre israel\u00edes y sectores m\u00e1s radicalizados palestinos? Tomaban precauciones toman, como fue la reacci\u00f3n de la gente, tienen lugares para refugiarse, sintieron miedo, temor<\/strong>?<\/p>\n<p><em>-Y lo vivimos m\u00e1s cercano, eso ocurre porque estamos al sur de Israel; todas las casas cuentan con una habitaci\u00f3n protegida que es antibombas. En cuanto suena una alarma tenemos 15 segundos para entrar adentro de esa pieza. S\u00ed!, es de pel\u00edcula; por eso para la gente como yo que no estamos acostumbrados a cosas as\u00ed nos da miedo. Por eso, durante los d\u00edas del conflicto, armamos un bolso con ropa y algunas cosas y nos fu\u00edmos a un hotel cerquita del Mar Muerto, lejos del peligro hasta que todo termin\u00f3. La verdad, vivimos esos d\u00edas con mucha tensi\u00f3n por nosotros y adem\u00e1s, por amigos y familiares que quedaron en la zona m\u00e1s peligrosa.<\/em><\/p>\n<p><strong>-\u00bfEst\u00e1s al tanto de la actualidad en la Argentina, en tal caso visi\u00f3n tenes vos en particular?<\/strong><\/p>\n<p><em>-Mir\u00e1, del tema econ\u00f3mico de la Argentina ac\u00e1 no se habla mucho; de lo que s\u00ed se habla es de la situaci\u00f3n que vive la Argentina debido al coronavirus. Al momento los vuelos desde ac\u00e1 a nuestro pa\u00eds est\u00e1n cancelados, salvo emergencias, Israel est\u00e1 pendiente y se habla de una ayuda con vacunas que van a ser enviadas en estos d\u00edas. En cuanto a como puedo ver yo las cosas, por lo que dicen familiares, la situaci\u00f3n no es buena ni econ\u00f3micamente ni por la pandemia, la inflaci\u00f3n en la Argentina no deja de crecer y hay mucha inseguridad<\/em>.<\/p>\n<div><strong>-Justamente, acerca de la pandemia que trastoc\u00f3 al mundo entero, con tan graves consecuencias, \u00bfque pod\u00e9s decir?. En Israel ya no usan m\u00e1s barbijos, como se va<\/strong><\/div>\n<div><strong>reordenando la vida en este sentido, \u00bfustedes como han transitado la pandemia, es de suponer vacunados?<\/strong><\/div>\n<div><\/div>\n<div><em>-La pandemia la vivimos con miedo, siendo que se trata de un virus desconocido por el mundo, y est\u00e1 a la vista las terribles consecuencias. Con mi mujer tomamos todas las precauciones necesarias para cuidarnos y cuidar al nene hasta que nos vacunamos. Ac\u00e1 la cuarentena fue respetada, y se pudo bajar los n\u00fameros de contagios. Gracias a la buena administraci\u00f3n del gobierno, se\u00a0 trajeron vacunas para todos los ciudadanos mayores de 16 a\u00f1os, y hoy en dia ya todo volvi\u00f3 a la normalidad y no es necesario andar con barbijos.<\/em><\/div>\n<div><\/div>\n<div><img loading=\"lazy\" decoding=\"async\" class=\"aligncenter size-full wp-image-10790\" src=\"https:\/\/revistaepocadigital.com.ar\/wp-content\/uploads\/2021\/06\/GONZALE3v.jpg\" alt=\"\" width=\"540\" height=\"405\" srcset=\"https:\/\/revistaepocadigital.com.ar\/wp-content\/uploads\/2021\/06\/GONZALE3v.jpg 540w, https:\/\/revistaepocadigital.com.ar\/wp-content\/uploads\/2021\/06\/GONZALE3v-300x225.jpg 300w, https:\/\/revistaepocadigital.com.ar\/wp-content\/uploads\/2021\/06\/GONZALE3v-80x60.jpg 80w, https:\/\/revistaepocadigital.com.ar\/wp-content\/uploads\/2021\/06\/GONZALE3v-160x120.jpg 160w, https:\/\/revistaepocadigital.com.ar\/wp-content\/uploads\/2021\/06\/GONZALE3v-265x198.jpg 265w\" sizes=\"auto, (max-width: 540px) 100vw, 540px\" \/><\/div>\n<div>\u00a0 \u00a0 \u00a0 \u00a0 \u00a0 \u00a0 \u00a0 <em>\u00a0El capillense junto a su mujer e hijo. Apostaron a un futuro distinto.<\/em><\/div>\n<div><\/div>\n<div><strong>-En tu proyecto al irte a vivir a Israel, figur\u00f3 el momento en que con tu se\u00f1ora e hijo, vuelvan a la Argentina?<\/strong><\/div>\n<div><\/div>\n<div><em>-Cuando decid\u00ed venir a israel, mi idea siempre fue dejar una puerta abierta para volver; hoy en d\u00eda vivo ac\u00e1, tengo una calidad de vida buena, y al tener una familia voy a estar donde crea que sea mejor para ellos. Seguramente van a pensar como qued\u00e9 tras lo sucedido con Palestina, pero eso no es cotidiano. Adem\u00e1s me siento protegido por el ej\u00e9rcito israel\u00ed, como para seguir eligiendo quedarme ac\u00e1 junto a mi mujer y nuestro hijo<\/em>.<\/div>\n<div><\/div>\n<div>\n<div dir=\"ltr\"><strong>-\u00bfSi pens\u00e1s en la Argentina, que es lo que m\u00e1s y menos extra\u00f1\u00e1s?<\/strong><\/div>\n<div dir=\"ltr\">&#8211;<em>La realidad es que todo se extra\u00f1a, pero me acostumbr\u00e9 a extra\u00f1ar, a la familia, hace dos a\u00f1os vino a visitarnos mi mam\u00e1 M\u00f3nica Pianovi <\/em><strong>(foto de portada, en el Muro de los Lamentos);<\/strong><em> tambi\u00e9n a los amigos y la gente. Y bueno, del mismo modo, se extra\u00f1a tomar un mate con mi familia, o jugar un partido de f\u00fatbol con mis amigos.<\/em><\/div>\n<\/div>\n<div dir=\"ltr\">\n<figure id=\"attachment_10793\" aria-describedby=\"caption-attachment-10793\" style=\"width: 480px\" class=\"wp-caption aligncenter\"><img loading=\"lazy\" decoding=\"async\" class=\"size-full wp-image-10793\" src=\"https:\/\/revistaepocadigital.com.ar\/wp-content\/uploads\/2021\/06\/39875988_1882649998488126_6331822967390994432_n.jpg\" alt=\"\" width=\"480\" height=\"360\" srcset=\"https:\/\/revistaepocadigital.com.ar\/wp-content\/uploads\/2021\/06\/39875988_1882649998488126_6331822967390994432_n.jpg 480w, https:\/\/revistaepocadigital.com.ar\/wp-content\/uploads\/2021\/06\/39875988_1882649998488126_6331822967390994432_n-300x225.jpg 300w, https:\/\/revistaepocadigital.com.ar\/wp-content\/uploads\/2021\/06\/39875988_1882649998488126_6331822967390994432_n-80x60.jpg 80w, https:\/\/revistaepocadigital.com.ar\/wp-content\/uploads\/2021\/06\/39875988_1882649998488126_6331822967390994432_n-160x120.jpg 160w, https:\/\/revistaepocadigital.com.ar\/wp-content\/uploads\/2021\/06\/39875988_1882649998488126_6331822967390994432_n-265x198.jpg 265w\" sizes=\"auto, (max-width: 480px) 100vw, 480px\" \/><figcaption id=\"caption-attachment-10793\" class=\"wp-caption-text\">Santiago en Jerusalen, hace un par\u00a0 de a\u00f1os junto a su madre M\u00f3nica Pianovi, vecina de Capilla del Se\u00f1or, cuando estuvo en Israel para visitarlos.<\/figcaption><\/figure>\n<\/div>\n<div dir=\"ltr\"><\/div>\n<div dir=\"ltr\"><\/div>\n<div dir=\"ltr\"><strong>-\u00bfY si hablamos de Israel, que te hace sentir bien y que es lo que menos te gusta?<\/strong><\/div>\n<div dir=\"ltr\"><\/div>\n<div dir=\"ltr\"><em>-Lo que pone bien es la seguridad que hay en las calles, sin delincuencia; poder andar por la calle en cualquier horario y sin estar preocupado. Y si tengo que mencionar que es lo que menos me gusta, dir\u00eda que es cierta forma de ser de la gente de ac\u00e1 porque es m\u00e1s fr\u00eda, eso s\u00ed, hice buenos amigos y al conocerlos y con el paso del tiempo, las relaciones se fueon volviendo m\u00e1s c\u00e1lidas<\/em><strong>.<\/strong><\/div>\n<div dir=\"ltr\"><\/div>\n<div dir=\"ltr\">Es <strong>Santiago Gonz\u00e1lez, <\/strong>otro pibe de Capilla por el mundo.<\/div>\n<div class=\"D_F ek_BB H_6D6F aw_2941hk ba_10I1Qt az_oOItw ay_Z1nkUQx I_kt4zd\">\n<div id=\"app\" class=\"D_F ek_BB H_6D6F cZ1RN91d_n s_1HCsWR aw_Z22yhkg I_kt4zd az_DW ba_Z2gmOa3 ay_Z1cYiMT c2hBT4u_Zm6i39 cZTwBjO_Zdogtk\" tabindex=\"-1\" data-test-id=\"mail-app\">\n<div class=\"I_ZnwrMC D_F em_N o_h W_6D6F H_6D6F\" data-test-id=\"content-area\">\n<div class=\"D_F em_N o_h s_1HCsWR\" data-test-id=\"content-below-tabs\">\n<div id=\"mail-app-component-container\" class=\"D_F em_N ej_eUh o_h\">\n<div id=\"mail-app-component\" class=\"em_N gl_C I_52qC j_ZlOSbd o_h p_R D_F s_e5X x_Z14vXdP\" data-yaft-module=\"norrin_main\" data-test-id=\"mail-app-component\">\n<div class=\"D_F ek_BB p_a Z_0 L_0 R_0 T_0 B_0 cZ1RN91d_GG I_ZnwrMC\" data-test-id=\"message-group-view\">\n<div class=\"iz_A I_52qC em_0 Z_0\" role=\"main\" data-test-id=\"message-group-view-scroller\" aria-label=\"Vista de mensajes\">\n<div data-test-id=\"focus-group\" aria-label=\"Grupo de navegaci\u00f3n del teclado. Usa las flechas para navegar o el tabulador para pasar al siguiente grupo.\">\n<div class=\"p_R b_2w4l8N I_52qC em_N X_fq7 N_6LEV ir3_Z1tiXR3 it3_689y j_ZlOSbd message-view\" tabindex=\"40\" data-test-id=\"message-view\" data-test-expanded=\"true\" data-iskeynav=\"true\">\n<div data-test-id=\"message-body-container\">\n<div class=\"I_52qC D_FY W_6D6F\" data-test-id=\"message-view-body\">\n<div class=\"msg-body P_wpofO mq_AS\" data-test-id=\"message-view-body-content\">\n<div class=\"jb_0 X_6MGW N_6Fd5\">\n<div id=\"yiv9791568332\">\n<div dir=\"ltr\">\n<div dir=\"ltr\">\n<div dir=\"ltr\">\n<div dir=\"ltr\">\n<div dir=\"ltr\">\n<div dir=\"ltr\">\n<div class=\"img-preview-wrapper\"><\/div>\n<\/div>\n<\/div>\n<\/div>\n<\/div>\n<\/div>\n<\/div>\n<\/div>\n<\/div>\n<\/div>\n<\/div>\n<\/div>\n<\/div>\n<\/div>\n<\/div>\n<\/div>\n<\/div>\n<\/div>\n<\/div>\n<\/div>\n<\/div>\n<\/div>\n","protected":false},"excerpt":{"rendered":"<p>UNA HISTORIA DE VIDA, EN UNA ZONA MUY CALIENTE.<\/p>\n","protected":false},"author":4,"featured_media":10773,"comment_status":"open","ping_status":"open","sticky":false,"template":"","format":"standard","meta":{"footnotes":"","jetpack_publicize_message":"","jetpack_publicize_feature_enabled":true,"jetpack_social_post_already_shared":false,"jetpack_social_options":{"image_generator_settings":{"template":"highway","default_image_id":0,"font":"","enabled":false},"version":2}},"categories":[13],"tags":[1399,1398],"class_list":["post-10663","post","type-post","status-publish","format-standard","has-post-thumbnail","hentry","category-interes-general","tag-israel","tag-joven-capillense"],"jetpack_publicize_connections":[],"jetpack_featured_media_url":"https:\/\/revistaepocadigital.com.ar\/wp-content\/uploads\/2021\/06\/GONZALE4.jpg","jetpack_likes_enabled":true,"_links":{"self":[{"href":"https:\/\/revistaepocadigital.com.ar\/index.php?rest_route=\/wp\/v2\/posts\/10663","targetHints":{"allow":["GET"]}}],"collection":[{"href":"https:\/\/revistaepocadigital.com.ar\/index.php?rest_route=\/wp\/v2\/posts"}],"about":[{"href":"https:\/\/revistaepocadigital.com.ar\/index.php?rest_route=\/wp\/v2\/types\/post"}],"author":[{"embeddable":true,"href":"https:\/\/revistaepocadigital.com.ar\/index.php?rest_route=\/wp\/v2\/users\/4"}],"replies":[{"embeddable":true,"href":"https:\/\/revistaepocadigital.com.ar\/index.php?rest_route=%2Fwp%2Fv2%2Fcomments&post=10663"}],"version-history":[{"count":0,"href":"https:\/\/revistaepocadigital.com.ar\/index.php?rest_route=\/wp\/v2\/posts\/10663\/revisions"}],"wp:featuredmedia":[{"embeddable":true,"href":"https:\/\/revistaepocadigital.com.ar\/index.php?rest_route=\/wp\/v2\/media\/10773"}],"wp:attachment":[{"href":"https:\/\/revistaepocadigital.com.ar\/index.php?rest_route=%2Fwp%2Fv2%2Fmedia&parent=10663"}],"wp:term":[{"taxonomy":"category","embeddable":true,"href":"https:\/\/revistaepocadigital.com.ar\/index.php?rest_route=%2Fwp%2Fv2%2Fcategories&post=10663"},{"taxonomy":"post_tag","embeddable":true,"href":"https:\/\/revistaepocadigital.com.ar\/index.php?rest_route=%2Fwp%2Fv2%2Ftags&post=10663"}],"curies":[{"name":"wp","href":"https:\/\/api.w.org\/{rel}","templated":true}]}}