{"id":10668,"date":"2021-06-01T01:27:23","date_gmt":"2021-06-01T04:27:23","guid":{"rendered":"https:\/\/revistaepocadigital.com.ar\/?p=10668"},"modified":"2021-06-01T01:28:21","modified_gmt":"2021-06-01T04:28:21","slug":"santiago-solans-portillo-acuso-amigraciones-y-a-la-aerolinea-por-dejarlo-abordar-el-avion","status":"publish","type":"post","link":"https:\/\/revistaepocadigital.com.ar\/?p=10668","title":{"rendered":"Santiago Solans Portillo acus\u00f3 a Migraciones y a la aerol\u00ednea por dejarlo abordar el avi\u00f3n"},"content":{"rendered":"<nav class=\"nav | grid width_full\">\n<div id=\"mastheadnavbar\" class=\"masthead-navbar\">\n<div id=\"siteheader\" class=\"site-header\">\n<div class=\"sectionnav-container\">\n<div class=\"section-menu section-nav shift-right\"><strong>EL CASO QUE HA DADO QUE HABLAR.<\/strong><\/div>\n<\/div>\n<\/div>\n<\/div>\n<\/nav>\n<p><!--more--><\/p>\n<section class=\"article-section | page-container grid width_full margin_auto margin_vertical_10px\">\n<header>\n<div class=\"article-header \">\n<h6 class=\"article-subheadline\">El joven Santiago Solans Portillo, oriundo de Capilla del se\u00f1or, acusado de haber \u201ctruchado\u201d un PCR para volar a la Argentina desde Miami, ha replicado acusaciones.<\/h6>\n<h6 class=\"article-subheadline\">La nota en el portal Infobae.com:<\/h6>\n<\/div>\n<div class=\"nd_buttons_container width_full display_flex\">\n<div class=\"display_flex row align_items_center justify_center color_white\"><\/div>\n<div class=\"display_flex row align_items_center justify_center color_white\"><\/div>\n<\/div>\n<\/header>\n<article class=\"article | col widescreen-8 desktop-8 tablet-12 width_full\">\n<div class=\"nd-body-article\">\n<div class=\"visual__image \"><img loading=\"lazy\" decoding=\"async\" src=\"https:\/\/www.infobae.com\/new-resizer\/JNsuQu6xFeH2tGFSYVFuJJR4GEw=\/420x236\/filters:format(jpg):quality(85)\/cloudfront-us-east-1.images.arcpublishing.com\/infobae\/XDV7YMEI7BEPVJ5JD6R5AZOZIQ.jpg%20420w\" sizes=\"auto, (min-width: 800px) 50vw, 90vw\" srcset=\"https:\/\/www.infobae.com\/new-resizer\/JNsuQu6xFeH2tGFSYVFuJJR4GEw=\/420x236\/filters:format(jpg):quality(85)\/cloudfront-us-east-1.images.arcpublishing.com\/infobae\/XDV7YMEI7BEPVJ5JD6R5AZOZIQ.jpg 420w,https:\/\/www.infobae.com\/new-resizer\/0aPizaCLes60oXVR-z1x12EbEL0=\/768x432\/filters:format(jpg):quality(85)\/cloudfront-us-east-1.images.arcpublishing.com\/infobae\/XDV7YMEI7BEPVJ5JD6R5AZOZIQ.jpg 768w,https:\/\/www.infobae.com\/new-resizer\/Vrd-5Q9TLcIcpmI_uvPTs0jg9X8=\/992x558\/filters:format(jpg):quality(85)\/cloudfront-us-east-1.images.arcpublishing.com\/infobae\/XDV7YMEI7BEPVJ5JD6R5AZOZIQ.jpg 992w,https:\/\/www.infobae.com\/new-resizer\/_o3cf3fZCC5V9-ahrhdt1JMtFVI=\/1200x675\/filters:format(jpg):quality(85)\/cloudfront-us-east-1.images.arcpublishing.com\/infobae\/XDV7YMEI7BEPVJ5JD6R5AZOZIQ.jpg 1200w\" alt=\"Santiago Solans Portillo, el joven procesado por volver con covid de Miami que responsabiliza a Migraciones y la aerol\u00ednea de haberle permitido subir al avion\" width=\"1920\" height=\"1080\" \/><\/div>\n<div>Foto gentileza Infobae.com<\/div>\n<div><\/div>\n<div class=\"visual__image \">Santiago Solans Portillo, el joven procesado por volver con covid de Miami que responsabiliza a Migraciones y la aerol\u00ednea de haberle permitido subir al avion<\/div>\n<p class=\"paragraph\">A un mes de haber viajado a\u00a0<b>Miami\u00a0<\/b>para aplicarse la\u00a0<b>vacuna<\/b>\u00a0que lo hiciera sentirse a salvo de la pesadilla del coronavirus, Santiago Solans Portillo vive hoy sus d\u00edas envuelto en una batalla legal para revertir la acusaci\u00f3n que pesa en contra y que podr\u00eda llevarlo a una pena de 15 a\u00f1os de prisi\u00f3n. Lo acusan de haber viajado a la Argentina ocultando que era COVID-19 positivo y haber puesto en riesgo a la todos los pasajeros del avi\u00f3n. Pero\u00a0<b>Portillo se defiende y acusa:<\/b>\u00a0sostiene que \u00e9l mismo inform\u00f3 de su situaci\u00f3n en Estados Unidos y que\u00a0<b>fueron la aerol\u00ednea y el personal de Migraciones los que lo dejaron abordar<\/b>\u00a0el vuelo que lo trajo de regreso al pa\u00eds. Adem\u00e1s revel\u00f3 y denunci\u00f3 irregularidades en las muestras de PCR que se le tomaron.\u00a0<mark class=\"hl_yellow\">Hay dos muestras y tres resultados, uno de ellos con datos \u201cfalsos\u201d.<\/mark><\/p>\n<p class=\"paragraph\">Solans Portillo dice que fue v\u00edctima de una acusaci\u00f3n injusta.\u00a0<b>En su entorno dudan incluso de que haya efectivamente tenido COVID-19.\u00a0<\/b>\u201cEl viaj\u00f3 convencido que era un falso positivo, como le dijo el m\u00e9dico que lo contact\u00f3\u201d, afirmaron a<b>\u00a0Infobae<\/b> allegados al impuf imputado.<\/p>\n<div class=\"inline ad-wrapper\">\n<div class=\"dfpAd display_inline_block ad_margin_wrapper text--center\">\n<div id=\"infobae\/sociedad\/policiales\/nota\/inline\" class=\"infobae\/sociedad\/policiales\/nota\/inline arcad\" data-google-query-id=\"CKi008jJ9fACFZ8muQYdbwkI4w\">\n<div id=\"google_ads_iframe_\/1058609\/infobae\/sociedad\/policiales\/nota\/inline_0__container__\">En esa l\u00ednea, <b>creen que las l\u00edneas de fiebre que present\u00f3 en los controles de Ezeiza y que lo puso en el foco de la tormenta fue en realidad una consecuencia de la vacuna Pfizer<\/b>\u00a0que se hab\u00eda aplicado d\u00edas antes en Miami. Una prueba sobre la que se basan: no se comprob\u00f3 que<b>\u00a0ninguna de las 259 personas y 12 tripulantes que estaban junto a \u00e9l en el avi\u00f3n se contagiaron, ni tampoco su novia o sus amigos con los que hab\u00eda estado en Estados Unidos.<\/b><\/div>\n<\/div>\n<\/div>\n<\/div>\n<div class=\"visual__image \">Controles Covid en Ezeiza<\/div>\n<p class=\"paragraph\">Hoy, no obstante, est\u00e1 procesado por propagar una enfermedad \u201cpeligrosa y contagiosa\u201d y embargado por $5 millones. Qued\u00f3 detenido apenas baj\u00f3 del avi\u00f3n y derivado a uno hotel porte\u00f1o. En el entorno de Solans Portillo afirman que\u00a0<b>si efectivamente tuvo covid, como se dijo, fueron las autoridades locales las que pusieron en riesgo a alguien: al conductor del taxi en donde lo metieron para llevarlo al hotel porte\u00f1o en donde estuvo detenido\u00a0<\/b>los primeros d\u00edas.<\/p>\n<p class=\"paragraph\">Con este escenario, la defensa de Solans Portillo apel\u00f3 su procesamiento para que la C\u00e1mara Federal de La Plata revoque la conclusi\u00f3n a la que lleg\u00f3 el juez de Lomas de Zamora Federico Villena. En el escrito al que accedi\u00f3\u00a0<b>Infobae,<\/b>\u00a0la defensa no s\u00f3lo sostuvo la inocencia de su cliente, sino que dispar\u00f3 hacia el personal de<b>\u00a0Migraciones.<\/b><\/p>\n<p class=\"paragraph\">El caso tom\u00f3 estado p\u00fablico desde el primer momento. Todo ocurri\u00f3 el 2 de mayo pasado. Ese d\u00eda la responsable de Migraciones\u00a0<b>Florencia Carignano\u00a0<\/b>report\u00f3 la llegada del pasajero con COVID, a trav\u00e9s de un tuit. \u201cSe fue a vacunar, sab\u00eda que ten\u00eda Covid y ocult\u00f3 informaci\u00f3n para intentar ingresar al pa\u00eds. Ahora est\u00e1 detenido y la pena podr\u00eda ser de hasta 15 a\u00f1os. Seamos responsables!\u201d, escribi\u00f3 la funcionaria.<\/p>\n<div class=\"margin_1 align_items_center width_full\">\n<div><span style=\"color: #000000;\"><a style=\"color: #000000;\" href=\"https:\/\/www.infobae.com\/sociedad\/2021\/05\/05\/el-pasajero-que-vino-de-miami-con-covid-19-dijo-que-el-declaro-su-enfermedad-ante-la-aerolinea-y-pidio-la-excarcelacion\/\">Solans Portillo explic\u00f3 que <b>viaj\u00f3 a Estados Unidos junto a su novia y unos amigos y que se aplic\u00f3 la vacuna de Pfizer<\/b><\/a>.<\/span> Horas antes de su regreso se hab\u00eda hecho un an\u00e1lisis en un centro m\u00e9dico que le dio\u00a0<b>positivo.\u00a0<\/b>Fue as\u00ed que llam\u00f3 a su cobertura m\u00e9dica para informarlo y le dijeron que deb\u00eda quedarse 10 d\u00edas en aislamiento. Le daban 300 d\u00f3lares por d\u00eda para que se consiguiera un hotel. Ese mismo d\u00eda, se comunic\u00f3 con \u00e9l el m\u00e9dico<b>\u00a0George Saliba<\/b>, del consultorio Doctor Now, le asegur\u00f3 que seguramente era \u201c<b>un falso positivo<\/b>\u201d y por eso le hizo<b>\u00a0un certificado de que pod\u00eda viajar<\/b>. As\u00ed abord\u00f3 el vuelo de\u00a0<b>American Airlines AA921<\/b>, desembarc\u00f3 en Ezeiza y qued\u00f3 detenido.<\/div>\n<\/div>\n<p class=\"paragraph\">El juez Villena lo proces\u00f3 al sostener que el joven\u00a0<b>\u201cten\u00eda pleno conocimiento de su resultado positivo para COVID-19 y pese a ello, abord\u00f3 el vuelo de regreso a este pa\u00eds, colocando en una situaci\u00f3n de peligro o riesgo la salud de la tripulaci\u00f3n, pasajeros, empleados de las terminales a\u00e9reas en las que oper\u00f3; ello sin importar el resultado\u201d.\u00a0<\/b>Es decir: no importa si contagi\u00f3 a alguno de los pasajeros. Su solo accionar alcanza para configurar el delito. Seg\u00fan destac\u00f3,\u00a0<b>al momento de realizar la Declaraci\u00f3n Jurada para el Ingreso al Territorio Nacional,\u00a0<\/b><mark class=\"hl_yellow\"><b>adjunt\u00f3 el certificado m\u00e9dico expedido por el doctor Saliba y no el PCR positivo<\/b><\/mark><b>.<\/b><\/p>\n<p class=\"paragraph\">\u201c<b>De manera alguna puede sostenerse que el imputado sab\u00eda que ten\u00eda la enfermedad COVID-19,\u00a0<\/b>por el contrario no padec\u00eda s\u00edntoma alguno y un m\u00e9dico le hab\u00eda permitido viajar asegur\u00e1ndole que no padec\u00eda la enfermedad por tratarse de un falso positivo. Adem\u00e1s, el Sr. Solans Portillo present\u00f3 ante las autoridades de la aerol\u00ednea el PCR POSITIVO y evacu\u00f3 sus dudas para poder volar, nunca oculto dicho documento y se asegur\u00f3 que se le permitiera viajar, sin realizar conducta alguna que pueda tener reproche penal\u201d, afirm\u00f3 el abogado\u00a0<b>Hern\u00e1n Iannello<\/b>\u00a0en su apelaci\u00f3n.<\/p>\n<p class=\"paragraph\">Seg\u00fan plante\u00f3, el joven \u201ccarg\u00f3 en la declaraci\u00f3n jurada el permiso de vuelo otorgado por el medico puesto que ese documento es el que le permite volar. No pudo cargar el PCR positivo porque solo se permite cargar UN SOLO documento es por ello que luego de que le llegara el mail de Migraciones, se asegur\u00f3 de presentar todos los documentos ante la aerol\u00ednea (incluido, se reitera el resultado positivo). Es imperioso destacar que<b>\u00a0la declaraci\u00f3n jurada fue con anterioridad a presentarse en el aeropuerto y ni Migraciones ni la aerol\u00ednea le comunicaron que no pod\u00eda viajar\u201d.<\/b><\/p>\n<p class=\"paragraph\">La defensa asegur\u00f3 que el juez, al procesarlo, \u201cparece ignorar que el hecho de abordar\u00a0<b>un vuelo no depende de la exclusiva voluntad del pasajero,<\/b>\u00a0sino del cumplimiento de diversos requisitos migratorios, aduaneros &#8211; y en este caso \u2013 sanitarios\u201d. \u201cEntre las medidas de prueba ordenadas y todas pendientes de producci\u00f3n, se encuentra el oficio a Migraciones que informen quien controla las declaraciones juradas que se presentan, puesto que<b>\u00a0alguien da el visto bueno cuando env\u00edan el correo electr\u00f3nico con el formulario completo para abordar el avi\u00f3n\u201d.<\/b><\/p>\n<p class=\"paragraph\">El vuelo fue embarcado sin ning\u00fan s\u00edntoma y con una temperatura menor a los 37 grados, como report\u00f3 la aerol\u00ednea. \u201cSolans Porillo present\u00f3 ante las autoridades de la aerol\u00ednea, toda la documentaci\u00f3n, incluido el PCR positivo, para asegurarse que pod\u00eda abordar el avi\u00f3n. Este nunca minti\u00f3, ni ocult\u00f3 documentaci\u00f3n, ni decidi\u00f3 unilateralmente abordar un vuelo internacional en un pa\u00eds con una seguridad extrema. El imputado cumpliment\u00f3 todos los pasos previos de control exigidos sanitariamente y se le permiti\u00f3 viajar, \u00bfqu\u00e9 conducta dolosa se le puede reprochar al imputado? Quien no solamente act\u00faa en virtud del consejo de un m\u00e9dico, sino que\u00a0<b>tampoco la autoridad migratoria argentina y la aerol\u00ednea le hicieron saber que no pod\u00eda viajar<\/b>, ni siquiera puede exig\u00edrsele a Portillo que deb\u00eda albergar la duda a s\u00ed pod\u00eda o no embarcar un vuelo, pues ninguna autoridad de ambos pa\u00edses objet\u00f3 algo al respecto\u201d.<\/p>\n<p class=\"paragraph\">Bajo esa l\u00ednea, la defensa afirm\u00f3 que a su cliente solo le cab\u00eda un sobreseimiento o, cuanto m\u00e1ximo, una falta de m\u00e9rito a la espera de los resultados de las medidas de prueba solicitadas. Entre esos resultados que se aguardaban estaba el PCR, que ahora lleg\u00f3 del Instituto Malbran. Pero el documento gener\u00f3 una nueva presentaci\u00f3n de la defensa en formato de impugnaci\u00f3n y denuncia. Es que los datos consignados en el documento son err\u00f3neos. Desde su nombre y apellido hasta el d\u00eda que, seg\u00fan se dice, se tom\u00f3 la muestra en el aeropuerto: fue hisopado el 2 de mayo, pero el informe habla del 4, cuando ya estaba en el hotel detenido.<\/p>\n<p class=\"paragraph\">\u201cEl informe acompa\u00f1ado vuelca informaci\u00f3n falsa, en primer lugar, se tomaron solo dos muestras al imputado es decir dos hisopados nasofar\u00edngeos, ambas en Ezeiza y el d\u00eda 2 de mayo de 2021. Una de las muestras se utiliz\u00f3 en el laboratorio Labpax para hacer un test r\u00e1pido de ant\u00edgenos (que a\u00fan no fue acompa\u00f1ado a la causa) mientras que la otra muestra fue supuestamente enviada al Instituto Malbr\u00e1n para realizar prueba PCR\u201d, se\u00f1al\u00f3. Hubo adem\u00e1s un tercer resultado que le lleg\u00f3 al imputado por mail en donde supuestamente el lugar de la muestra era en el Hospital Favaloro de Rafael Castillo, a donde el joven nunca estuvo. \u201cNo puede DAR FE DE NADA un informe que consigna datos err\u00f3neos en datos personales y datos absolutamente falsos en relaci\u00f3n a la colecci\u00f3n de muestras y el lugar\u201d, se agreg\u00f3.<\/p>\n<p class=\"paragraph\">El informe del Malbr\u00e1n no form\u00f3 parte del procesamiento que ahora est\u00e1 siendo analizado por la C\u00e1mara Federal de Apelaciones de La Plata, pero se reclam\u00f3 extraer testimonios para investigar la irregularidad como parte de los argumentos para cuestionar el escenario legal en que qued\u00f3 el empresario.<\/p>\n<p>Foto portada: gentileza Telam<\/p>\n<\/div>\n<\/article>\n<\/section>\n","protected":false},"excerpt":{"rendered":"<p>EL CASO QUE HA DADO QUE HABLAR.<\/p>\n","protected":false},"author":3,"featured_media":10670,"comment_status":"open","ping_status":"open","sticky":false,"template":"","format":"standard","meta":{"footnotes":"","jetpack_publicize_message":"","jetpack_publicize_feature_enabled":true,"jetpack_social_post_already_shared":false,"jetpack_social_options":{"image_generator_settings":{"template":"highway","default_image_id":0,"font":"","enabled":false},"version":2}},"categories":[13],"tags":[752,1396],"class_list":["post-10668","post","type-post","status-publish","format-standard","has-post-thumbnail","hentry","category-interes-general","tag-covid","tag-joven-capilla"],"jetpack_publicize_connections":[],"jetpack_featured_media_url":"https:\/\/revistaepocadigital.com.ar\/wp-content\/uploads\/2021\/06\/covi-eze.jpg","jetpack_likes_enabled":true,"_links":{"self":[{"href":"https:\/\/revistaepocadigital.com.ar\/index.php?rest_route=\/wp\/v2\/posts\/10668","targetHints":{"allow":["GET"]}}],"collection":[{"href":"https:\/\/revistaepocadigital.com.ar\/index.php?rest_route=\/wp\/v2\/posts"}],"about":[{"href":"https:\/\/revistaepocadigital.com.ar\/index.php?rest_route=\/wp\/v2\/types\/post"}],"author":[{"embeddable":true,"href":"https:\/\/revistaepocadigital.com.ar\/index.php?rest_route=\/wp\/v2\/users\/3"}],"replies":[{"embeddable":true,"href":"https:\/\/revistaepocadigital.com.ar\/index.php?rest_route=%2Fwp%2Fv2%2Fcomments&post=10668"}],"version-history":[{"count":0,"href":"https:\/\/revistaepocadigital.com.ar\/index.php?rest_route=\/wp\/v2\/posts\/10668\/revisions"}],"wp:featuredmedia":[{"embeddable":true,"href":"https:\/\/revistaepocadigital.com.ar\/index.php?rest_route=\/wp\/v2\/media\/10670"}],"wp:attachment":[{"href":"https:\/\/revistaepocadigital.com.ar\/index.php?rest_route=%2Fwp%2Fv2%2Fmedia&parent=10668"}],"wp:term":[{"taxonomy":"category","embeddable":true,"href":"https:\/\/revistaepocadigital.com.ar\/index.php?rest_route=%2Fwp%2Fv2%2Fcategories&post=10668"},{"taxonomy":"post_tag","embeddable":true,"href":"https:\/\/revistaepocadigital.com.ar\/index.php?rest_route=%2Fwp%2Fv2%2Ftags&post=10668"}],"curies":[{"name":"wp","href":"https:\/\/api.w.org\/{rel}","templated":true}]}}