{"id":1068,"date":"2019-01-04T18:20:38","date_gmt":"2019-01-04T21:20:38","guid":{"rendered":"https:\/\/revistaepocadigital.com.ar\/?p=1068"},"modified":"2019-01-04T18:20:38","modified_gmt":"2019-01-04T21:20:38","slug":"aumentos-aflojen","status":"publish","type":"post","link":"https:\/\/revistaepocadigital.com.ar\/?p=1068","title":{"rendered":"Aumentos, \u00a1aflojen!,"},"content":{"rendered":"<div class=\"itemIntroText\">\n<p><strong>LOS ULTIMOS DIAS DE 2018.<\/strong><\/p>\n<p>Fueron pr\u00f3digos en regalos indeseados, otra <strong>catarata<\/strong> de aumentos en servicios p\u00fablicos y tarifas. Fijate, entre los que golpea es el de los<strong> peajes<\/strong>, en lo que hace a los pobladores de Exaltaci\u00f3n de la Cruz, tantos que por m\u00faltipes razones se trasladan casi a diario por las v\u00edas de accesos troncales a Buenos Aires.<\/p>\n<p>El gobierno ha recurrido a otro paquete de fuertes incrementos de tarifas a fin de a\u00f1o y principios de 2019, y a pocos se le escapa la <strong>lectura<\/strong> de los motivos que llevaron a aplicarlos en estos momentos. Porque m\u00e1s all\u00e1 de la necesidad (cada vez m\u00e1s cuestionada, habida cuenta que no aparece la contraprestaci\u00f3n debida para la poblaci\u00f3n), los <strong>tarifazos cuando el a\u00f1o 2019 despunta, tienen una connotaci\u00f3n pol\u00edtica<\/strong>. Y tiene que ver con <strong>alejar<\/strong> la m\u00e1s posible medidas que generan mal clima en la gente, con respecto a las fechas de las elecciones previstas para el a\u00f1o en curso, primero las <strong>PASO y luego las generales.<\/strong><\/p>\n<p>Observemos los incrementos en los peajes de la Panamericana en hora pico, cuestan $75. La suba ha sido del 35% promedio. Los motociclistas sufren el mayor incremento: 66%.\u00a0 Las tarifas han subido el 35%, as\u00ed por ejemplo, la hora pico pas\u00f1o de $55 a $75 para los autos y camionetas de cuatro ruedas. En la hora denominada \u201cvalle\u201d, que comprende gran parte del d\u00eda, el costo pas\u00f3 de los $45 a $61, y en la hora promoci\u00f3n de 22 a 5, de $33 a $45.<\/p>\n<\/div>\n<div class=\"itemFullText\">\n<p>El <strong>impacto al bolsillo<\/strong> no ser\u00e1 el \u00fanicos, los motociclistas ven como se abulta el costo, tiene una suba m\u00e1s notoria con un 66%, arriba de la tarifa actual de $28, por lo que ascendi\u00f3 a $47.<\/p>\n<p>Claro est\u00e1 que la suba, al igual que ocurre cuando se modifican los precios de los combustibles, afecta al transporte de carga y por ende suele aplicarse sobre los productos de todo tipo que son transportados en camiones que tambi\u00e9n sufren los aumentos.<\/p>\n<p>Seg\u00fan se\u00f1alaron desde la <strong>Direcci\u00f3n de Vialidad Nacional,<\/strong> la medida tiene como fin la inversi\u00f3n en obras y la mejora del funcionamiento de los diferentes accesos, entre ellas el nuevo puente del kil\u00f3metro 50 en Pilar y el asfalto de un tramo de la colectora. Los aumentos, tambi\u00e9n ha sido mencionado, apuntan a compensar a las empresas concesionarias por la devaluaci\u00f3n.<\/p>\n<\/div>\n<p>Todo sea por llegar lo mejor parado a las elecciones.<\/p>\n","protected":false},"excerpt":{"rendered":"<p>LOS ULTIMOS DIAS DE 2018. Fueron pr\u00f3digos en regalos indeseados, otra catarata de aumentos en servicios p\u00fablicos y tarifas. Fijate, entre los que golpea es el de los peajes, en lo que hace a los pobladores de Exaltaci\u00f3n de la Cruz, tantos que por m\u00faltipes razones se trasladan casi a diario por las v\u00edas de [&hellip;]<\/p>\n","protected":false},"author":3,"featured_media":1098,"comment_status":"open","ping_status":"open","sticky":false,"template":"","format":"standard","meta":{"footnotes":"","jetpack_publicize_message":"","jetpack_publicize_feature_enabled":true,"jetpack_social_post_already_shared":false,"jetpack_social_options":{"image_generator_settings":{"template":"highway","default_image_id":0,"font":"","enabled":false},"version":2}},"categories":[17],"tags":[37,126],"class_list":["post-1068","post","type-post","status-publish","format-standard","has-post-thumbnail","hentry","category-politica","tag-destacada","tag-pol"],"jetpack_publicize_connections":[],"jetpack_featured_media_url":"https:\/\/revistaepocadigital.com.ar\/wp-content\/uploads\/2019\/01\/DwBK3iRW0AE9uJc.jpg","jetpack_likes_enabled":true,"_links":{"self":[{"href":"https:\/\/revistaepocadigital.com.ar\/index.php?rest_route=\/wp\/v2\/posts\/1068","targetHints":{"allow":["GET"]}}],"collection":[{"href":"https:\/\/revistaepocadigital.com.ar\/index.php?rest_route=\/wp\/v2\/posts"}],"about":[{"href":"https:\/\/revistaepocadigital.com.ar\/index.php?rest_route=\/wp\/v2\/types\/post"}],"author":[{"embeddable":true,"href":"https:\/\/revistaepocadigital.com.ar\/index.php?rest_route=\/wp\/v2\/users\/3"}],"replies":[{"embeddable":true,"href":"https:\/\/revistaepocadigital.com.ar\/index.php?rest_route=%2Fwp%2Fv2%2Fcomments&post=1068"}],"version-history":[{"count":0,"href":"https:\/\/revistaepocadigital.com.ar\/index.php?rest_route=\/wp\/v2\/posts\/1068\/revisions"}],"wp:featuredmedia":[{"embeddable":true,"href":"https:\/\/revistaepocadigital.com.ar\/index.php?rest_route=\/wp\/v2\/media\/1098"}],"wp:attachment":[{"href":"https:\/\/revistaepocadigital.com.ar\/index.php?rest_route=%2Fwp%2Fv2%2Fmedia&parent=1068"}],"wp:term":[{"taxonomy":"category","embeddable":true,"href":"https:\/\/revistaepocadigital.com.ar\/index.php?rest_route=%2Fwp%2Fv2%2Fcategories&post=1068"},{"taxonomy":"post_tag","embeddable":true,"href":"https:\/\/revistaepocadigital.com.ar\/index.php?rest_route=%2Fwp%2Fv2%2Ftags&post=1068"}],"curies":[{"name":"wp","href":"https:\/\/api.w.org\/{rel}","templated":true}]}}