{"id":1075,"date":"2018-12-31T19:05:30","date_gmt":"2018-12-31T22:05:30","guid":{"rendered":"https:\/\/revistaepocadigital.com.ar\/?p=1075"},"modified":"2018-12-31T19:05:30","modified_gmt":"2018-12-31T22:05:30","slug":"feliz-ano-2019","status":"publish","type":"post","link":"https:\/\/revistaepocadigital.com.ar\/?p=1075","title":{"rendered":"\u00a1FELIZ A\u00d1O 2019!"},"content":{"rendered":"<p><strong>A TODOS.<\/strong><\/p>\n<p>Los que nos siguen en la revista Epoca edici\u00f3n impresa, a los que nos visiten a nuestro nuevo formato digital. A los exaltacruce\u00f1os en especial.<\/p>\n<p>El deseo de <strong>EPOCA<\/strong> para que 2019 sea un a\u00f1o venturoso para todos, como lo merecemos!<\/p>\n<p>LA DIRECCI\u00d3N<\/p>\n<p>&nbsp;<\/p>\n","protected":false},"excerpt":{"rendered":"<p>A TODOS. Los que nos siguen en la revista Epoca edici\u00f3n impresa, a los que nos visiten a nuestro nuevo formato digital. A los exaltacruce\u00f1os en especial. El deseo de EPOCA para que 2019 sea un a\u00f1o venturoso para todos, como lo merecemos! LA DIRECCI\u00d3N &nbsp;<\/p>\n","protected":false},"author":3,"featured_media":1076,"comment_status":"open","ping_status":"open","sticky":false,"template":"","format":"standard","meta":{"footnotes":"","jetpack_publicize_message":"","jetpack_publicize_feature_enabled":true,"jetpack_social_post_already_shared":false,"jetpack_social_options":{"image_generator_settings":{"template":"highway","default_image_id":0,"font":"","enabled":false},"version":2}},"categories":[10,13],"tags":[37,122],"class_list":["post-1075","post","type-post","status-publish","format-standard","has-post-thumbnail","hentry","category-editorial","category-interes-general","tag-destacada","tag-saludo-fin-de-ano"],"jetpack_publicize_connections":[],"jetpack_featured_media_url":"https:\/\/revistaepocadigital.com.ar\/wp-content\/uploads\/2018\/12\/2019..jpg","jetpack_likes_enabled":true,"_links":{"self":[{"href":"https:\/\/revistaepocadigital.com.ar\/index.php?rest_route=\/wp\/v2\/posts\/1075","targetHints":{"allow":["GET"]}}],"collection":[{"href":"https:\/\/revistaepocadigital.com.ar\/index.php?rest_route=\/wp\/v2\/posts"}],"about":[{"href":"https:\/\/revistaepocadigital.com.ar\/index.php?rest_route=\/wp\/v2\/types\/post"}],"author":[{"embeddable":true,"href":"https:\/\/revistaepocadigital.com.ar\/index.php?rest_route=\/wp\/v2\/users\/3"}],"replies":[{"embeddable":true,"href":"https:\/\/revistaepocadigital.com.ar\/index.php?rest_route=%2Fwp%2Fv2%2Fcomments&post=1075"}],"version-history":[{"count":0,"href":"https:\/\/revistaepocadigital.com.ar\/index.php?rest_route=\/wp\/v2\/posts\/1075\/revisions"}],"wp:featuredmedia":[{"embeddable":true,"href":"https:\/\/revistaepocadigital.com.ar\/index.php?rest_route=\/wp\/v2\/media\/1076"}],"wp:attachment":[{"href":"https:\/\/revistaepocadigital.com.ar\/index.php?rest_route=%2Fwp%2Fv2%2Fmedia&parent=1075"}],"wp:term":[{"taxonomy":"category","embeddable":true,"href":"https:\/\/revistaepocadigital.com.ar\/index.php?rest_route=%2Fwp%2Fv2%2Fcategories&post=1075"},{"taxonomy":"post_tag","embeddable":true,"href":"https:\/\/revistaepocadigital.com.ar\/index.php?rest_route=%2Fwp%2Fv2%2Ftags&post=1075"}],"curies":[{"name":"wp","href":"https:\/\/api.w.org\/{rel}","templated":true}]}}