{"id":10822,"date":"2021-06-10T23:24:06","date_gmt":"2021-06-11T02:24:06","guid":{"rendered":"https:\/\/revistaepocadigital.com.ar\/?p=10822"},"modified":"2021-06-10T23:24:06","modified_gmt":"2021-06-11T02:24:06","slug":"detectan-8686-personas-que-no-cumplian-con-los-requisitos-para-vacunarse","status":"publish","type":"post","link":"https:\/\/revistaepocadigital.com.ar\/?p=10822","title":{"rendered":"DETECTAN 8686 PERSONAS QUE NO CUMPL\u00cdAN CON LOS REQUISITOS PARA VACUNARSE"},"content":{"rendered":"<div class=\"msg-body P_wpofO mq_AS\" data-test-id=\"message-view-body-content\">\n<div class=\"jb_0 X_6MGW N_6Fd5\">\n<div>\n<div id=\"yiv8823604623\">\n<div dir=\"ltr\">\n<p><span style=\"font-family: Arial, sans-serif;\"><b>DESPU\u00c9S DE CONTROLES NO PUDIERON ACREDITAR SU CONDICI\u00d3N DE RIESGO.<!--more--><\/b><\/span><\/p>\n<p><span style=\"font-family: Arial, sans-serif;\">Los datos del Ministerio de Salud de la Provincia actualizados (9-6) indican que ya <\/span><span style=\"font-family: Arial, sans-serif;\">se aplicaron\u00a0<\/span><span style=\"font-family: Arial, sans-serif;\">4.682.846<\/span><span style=\"font-family: Arial, sans-serif;\">\u00a0<\/span><span style=\"font-family: Arial, sans-serif;\">primeras dosis\u00a0<\/span><span style=\"font-family: Arial, sans-serif;\">contra el Coronavirus.\u00a0<\/span><span style=\"font-family: Arial, sans-serif;\">De las cuales,\u00a0<\/span><span style=\"font-family: Arial, sans-serif;\">2.171.590 personas que las recibieron tuvieron que acreditar la existencia de una condici\u00f3n de riesgo para tener prioridad.<\/span><span style=\"font-family: Arial, sans-serif;\">\u00a0<\/span><span style=\"font-family: Arial, sans-serif;\">De ese total, 8.686 personas no pudieron validar su registro. Tambi\u00e9n se negaron a firmar la declaraci\u00f3n jurada de salud.<\/span><\/p>\n<p><span style=\"color: #000000;\">\u201c<span style=\"font-family: Arial, sans-serif;\">Hasta ahora llevamos vacunados en la provincia casi 2 millones 200 mil personas de los Grupos de Riesgo y detectamos 8.686 casos en los que las personas no llevaron esa documentaci\u00f3n o no la ten\u00edan en el momento de ir a vacunarse, y cu\u00e1ndo se les ofreci\u00f3 firmar la declaraci\u00f3n, no lo aceptaron tampoco\u201d, explic\u00f3\u00a0la subsecretaria de Gesti\u00f3n de la Informaci\u00f3n, Leticia Ceriani.<\/span><\/span><\/p>\n<p><span style=\"font-family: Arial, sans-serif;\">La subsecretaria destac\u00f3 que \u201centendemos que son personas que se equivocaron o falsearon los datos del registro para acceder a la vacunaci\u00f3n antes de lo que les correspond\u00eda\u201d. \u201cEn esos casos, las personas no fueron vacunadas y rechazadas en esa instancia de la admisi\u00f3n de las postas de vacunaci\u00f3n\u201d, finaliz\u00f3.<\/span><\/p>\n<p><span style=\"color: #000000;\"><span style=\"font-family: Arial, sans-serif;\">La informaci\u00f3n surge a partir del cruce de datos entre el sistema informatizado\u00a0de\u00a0la carga de informaci\u00f3n de las personas que se inscriben para recibir la vacuna y el control que realizan trabajadores\/as durante el triage, en la zona previa a la vacunaci\u00f3n en cada posta, en donde se consulta sobre la enfermedad preexistente que declar\u00f3 y se le pide la constancia.<\/span><\/span><\/p>\n<p><span style=\"color: #000000;\"><span style=\"font-family: Arial, sans-serif;\">Para acceder a la vacunaci\u00f3n, todas las personas mayores de 18 a\u00f1os que residan en la Provincia de Buenos Aires deben inscribirse a trav\u00e9s de la web\u00a0<a href=\"http:\/\/vacunatepba.gba.gob.ar\/\" target=\"_blank\" rel=\"nofollow noopener noreferrer\">vacunatepba.gba.gob.ar<\/a>\u00a0o de la aplicaci\u00f3n VacunatePBA, completar el registro, se\u00f1alar a que grupo poblacional pertenecen y declarar si poseen alguna de las patolog\u00edas de riesgo que est\u00e1n indicadas para ser priorizadas en la vacunaci\u00f3n.<\/span><\/span><\/p>\n<p><span style=\"color: #000000;\"><span style=\"font-family: Arial, sans-serif;\"><br \/>\nCuando las personas acceden al turno por medio del sistema inform\u00e1tico, es en el vacunatorio donde se constata y certifica los datos personales y su lugar de trabajo o riesgos declarados al momento de su inscripci\u00f3n, seg\u00fan el caso. Es ah\u00ed donde se valida la informaci\u00f3n o se propone la declaraci\u00f3n jurada como v\u00eda alternativa para acreditar el riesgo inscripto.<\/span><\/span><\/p>\n<\/div>\n<\/div>\n<\/div>\n<\/div>\n<\/div>\n<div class=\"jb_0 X_6MGW N_6Fd5\">\n<div class=\"P_0 je_fq7\">\n<div class=\"W_3n93F p_R\" data-test-id=\"attachment-item\">\n<div class=\"I_2iedTo k_w H_7yHc p_R o_h\" data-test-id=\"attachment-container\">\n<div class=\"D_F ab_C gl_C H_6D6F\"><\/div>\n<\/div>\n<\/div>\n<\/div>\n<\/div>\n","protected":false},"excerpt":{"rendered":"<p>DESPU\u00c9S DE CONTROLES NO PUDIERON ACREDITAR SU CONDICI\u00d3N DE RIESGO.<\/p>\n","protected":false},"author":3,"featured_media":10833,"comment_status":"open","ping_status":"open","sticky":false,"template":"","format":"standard","meta":{"footnotes":"","jetpack_publicize_message":"","jetpack_publicize_feature_enabled":true,"jetpack_social_post_already_shared":false,"jetpack_social_options":{"image_generator_settings":{"template":"highway","default_image_id":0,"font":"","enabled":false},"version":2}},"categories":[17],"tags":[1411,894],"class_list":["post-10822","post","type-post","status-publish","format-standard","has-post-thumbnail","hentry","category-politica","tag-riesgo","tag-vacunacion"],"jetpack_publicize_connections":[],"jetpack_featured_media_url":"https:\/\/revistaepocadigital.com.ar\/wp-content\/uploads\/2021\/06\/descarga.jpg","jetpack_likes_enabled":true,"_links":{"self":[{"href":"https:\/\/revistaepocadigital.com.ar\/index.php?rest_route=\/wp\/v2\/posts\/10822","targetHints":{"allow":["GET"]}}],"collection":[{"href":"https:\/\/revistaepocadigital.com.ar\/index.php?rest_route=\/wp\/v2\/posts"}],"about":[{"href":"https:\/\/revistaepocadigital.com.ar\/index.php?rest_route=\/wp\/v2\/types\/post"}],"author":[{"embeddable":true,"href":"https:\/\/revistaepocadigital.com.ar\/index.php?rest_route=\/wp\/v2\/users\/3"}],"replies":[{"embeddable":true,"href":"https:\/\/revistaepocadigital.com.ar\/index.php?rest_route=%2Fwp%2Fv2%2Fcomments&post=10822"}],"version-history":[{"count":0,"href":"https:\/\/revistaepocadigital.com.ar\/index.php?rest_route=\/wp\/v2\/posts\/10822\/revisions"}],"wp:featuredmedia":[{"embeddable":true,"href":"https:\/\/revistaepocadigital.com.ar\/index.php?rest_route=\/wp\/v2\/media\/10833"}],"wp:attachment":[{"href":"https:\/\/revistaepocadigital.com.ar\/index.php?rest_route=%2Fwp%2Fv2%2Fmedia&parent=10822"}],"wp:term":[{"taxonomy":"category","embeddable":true,"href":"https:\/\/revistaepocadigital.com.ar\/index.php?rest_route=%2Fwp%2Fv2%2Fcategories&post=10822"},{"taxonomy":"post_tag","embeddable":true,"href":"https:\/\/revistaepocadigital.com.ar\/index.php?rest_route=%2Fwp%2Fv2%2Ftags&post=10822"}],"curies":[{"name":"wp","href":"https:\/\/api.w.org\/{rel}","templated":true}]}}