{"id":10827,"date":"2021-06-10T23:09:31","date_gmt":"2021-06-11T02:09:31","guid":{"rendered":"https:\/\/revistaepocadigital.com.ar\/?p=10827"},"modified":"2021-06-10T23:10:52","modified_gmt":"2021-06-11T02:10:52","slug":"angel-sanchez-nuevo-presidente-de-los-bomberos","status":"publish","type":"post","link":"https:\/\/revistaepocadigital.com.ar\/?p=10827","title":{"rendered":"ANGEL S\u00c1NCHEZ, NUEVO PRESIDENTE DE LOS BOMBEROS"},"content":{"rendered":"<p><strong>LA NUEVA COMISI\u00d3N DIRECTIVA DE LA ASOCIACI\u00d3N DE BOMBEROS.<\/strong><!--more--><\/p>\n<p>Como informara EPOCA, tuvo lugar la Asamblea General en la entidad que nuclea a los Bomberos Voluntarios de Exaltaci\u00f3n de la Cruz.<\/p>\n<p>As\u00ed qued\u00f3 conformada la nueva conducci\u00f3n.<\/p>\n<p>&nbsp;<\/p>\n<p>&nbsp;<\/p>\n<p><img loading=\"lazy\" decoding=\"async\" class=\"aligncenter size-full wp-image-10828\" src=\"https:\/\/revistaepocadigital.com.ar\/wp-content\/uploads\/2021\/06\/bomberos-cd21.jpg\" alt=\"\" width=\"740\" height=\"907\" srcset=\"https:\/\/revistaepocadigital.com.ar\/wp-content\/uploads\/2021\/06\/bomberos-cd21.jpg 740w, https:\/\/revistaepocadigital.com.ar\/wp-content\/uploads\/2021\/06\/bomberos-cd21-245x300.jpg 245w, https:\/\/revistaepocadigital.com.ar\/wp-content\/uploads\/2021\/06\/bomberos-cd21-696x853.jpg 696w, https:\/\/revistaepocadigital.com.ar\/wp-content\/uploads\/2021\/06\/bomberos-cd21-343x420.jpg 343w, https:\/\/revistaepocadigital.com.ar\/wp-content\/uploads\/2021\/06\/bomberos-cd21-685x840.jpg 685w\" sizes=\"auto, (max-width: 740px) 100vw, 740px\" \/><\/p>\n<p>&nbsp;<\/p>\n<p><img loading=\"lazy\" decoding=\"async\" class=\"aligncenter size-full wp-image-10831\" src=\"https:\/\/revistaepocadigital.com.ar\/wp-content\/uploads\/2021\/06\/bomberos-cd21.jpg11.jpg\" alt=\"\" width=\"300\" height=\"168\" \/><\/p>\n","protected":false},"excerpt":{"rendered":"<p>LA NUEVA COMISI\u00d3N DIRECTIVA DE LA ASOCIACI\u00d3N DE BOMBEROS.<\/p>\n","protected":false},"author":3,"featured_media":10830,"comment_status":"open","ping_status":"open","sticky":false,"template":"","format":"standard","meta":{"footnotes":"","jetpack_publicize_message":"","jetpack_publicize_feature_enabled":true,"jetpack_social_post_already_shared":false,"jetpack_social_options":{"image_generator_settings":{"template":"highway","default_image_id":0,"font":"","enabled":false},"version":2}},"categories":[10],"tags":[365,37,165],"class_list":["post-10827","post","type-post","status-publish","format-standard","has-post-thumbnail","hentry","category-editorial","tag-bomberos","tag-destacada","tag-sanchez"],"jetpack_publicize_connections":[],"jetpack_featured_media_url":"https:\/\/revistaepocadigital.com.ar\/wp-content\/uploads\/2021\/06\/178857031_449970266292944_6547006281051233560_n-1.jpg","jetpack_likes_enabled":true,"_links":{"self":[{"href":"https:\/\/revistaepocadigital.com.ar\/index.php?rest_route=\/wp\/v2\/posts\/10827","targetHints":{"allow":["GET"]}}],"collection":[{"href":"https:\/\/revistaepocadigital.com.ar\/index.php?rest_route=\/wp\/v2\/posts"}],"about":[{"href":"https:\/\/revistaepocadigital.com.ar\/index.php?rest_route=\/wp\/v2\/types\/post"}],"author":[{"embeddable":true,"href":"https:\/\/revistaepocadigital.com.ar\/index.php?rest_route=\/wp\/v2\/users\/3"}],"replies":[{"embeddable":true,"href":"https:\/\/revistaepocadigital.com.ar\/index.php?rest_route=%2Fwp%2Fv2%2Fcomments&post=10827"}],"version-history":[{"count":0,"href":"https:\/\/revistaepocadigital.com.ar\/index.php?rest_route=\/wp\/v2\/posts\/10827\/revisions"}],"wp:featuredmedia":[{"embeddable":true,"href":"https:\/\/revistaepocadigital.com.ar\/index.php?rest_route=\/wp\/v2\/media\/10830"}],"wp:attachment":[{"href":"https:\/\/revistaepocadigital.com.ar\/index.php?rest_route=%2Fwp%2Fv2%2Fmedia&parent=10827"}],"wp:term":[{"taxonomy":"category","embeddable":true,"href":"https:\/\/revistaepocadigital.com.ar\/index.php?rest_route=%2Fwp%2Fv2%2Fcategories&post=10827"},{"taxonomy":"post_tag","embeddable":true,"href":"https:\/\/revistaepocadigital.com.ar\/index.php?rest_route=%2Fwp%2Fv2%2Ftags&post=10827"}],"curies":[{"name":"wp","href":"https:\/\/api.w.org\/{rel}","templated":true}]}}