{"id":10837,"date":"2021-06-10T23:39:53","date_gmt":"2021-06-11T02:39:53","guid":{"rendered":"https:\/\/revistaepocadigital.com.ar\/?p=10837"},"modified":"2021-06-10T23:44:23","modified_gmt":"2021-06-11T02:44:23","slug":"distincion-internacional-para-rotary-club-capilla-del-senor","status":"publish","type":"post","link":"https:\/\/revistaepocadigital.com.ar\/?p=10837","title":{"rendered":"DISTINCI\u00d3N INTERNACIONAL PARA EL ROTARY CLUB DE CAPILLA"},"content":{"rendered":"<div class=\"\" dir=\"auto\">\n<div id=\"jsc_c_1fy\" class=\"ecm0bbzt hv4rvrfc ihqw7lf3 dati1w0a\" data-ad-comet-preview=\"message\" data-ad-preview=\"message\">\n<div class=\"j83agx80 cbu4d94t ew0dbk1b irj2b8pg\">\n<div class=\"qzhwtbm6 knvmm38d\">\n<div class=\"kvgmc6g5 cxmmr5t8 oygrvhab hcukyx3x c1et5uql ii04i59q\">\n<div dir=\"auto\">\n<p><strong>LA ENTIDAD DE LA CIUDAD<\/strong>.<!--more--><\/p>\n<\/div>\n<div dir=\"auto\"><\/div>\n<div dir=\"auto\">Recib\u00f3 una Menci\u00f3n Internacional por haber logrado las metas propuestas y por el compromiso para con la comunidad.<\/div>\n<div dir=\"auto\"><\/div>\n<div dir=\"auto\">&#8220;Llega el final de este per\u00edodo 2020-2021 como presidente del Rotary Club Capilla del Se\u00f1or y que mejor que, terminando mi tercera presidencia, nuestro club reciba esta hermosa distinci\u00f3n, me llena el coraz\u00f3n de emoci\u00f3n ya que es el esfuerzo de cada uno de nosotros en pos de mejorar nuestra Exaltaci\u00f3n de la Cruz&#8221;, coment\u00f3 Luis Maidana, el presidente saliente.<\/div>\n<div dir=\"auto\"><\/div>\n<div dir=\"auto\">Y agreg\u00f3 Maidna, &#8220;nuestro club a aportado su granito de arena para poder llegar a esto por lo que solo me queda dar gracias y seguir apostando al trabajo social con esta instituci\u00f3n llamada Rotary Club Capilla del Se\u00f1or&#8221;.<\/div>\n<\/div>\n<\/div>\n<\/div>\n<\/div>\n<\/div>\n<p>&nbsp;<\/p>\n<p><img loading=\"lazy\" decoding=\"async\" class=\"aligncenter size-full wp-image-10841\" src=\"https:\/\/revistaepocadigital.com.ar\/wp-content\/uploads\/2021\/06\/197531374_829073331372346_7566102890038499322_n.jpg\" alt=\"\" width=\"715\" height=\"715\" srcset=\"https:\/\/revistaepocadigital.com.ar\/wp-content\/uploads\/2021\/06\/197531374_829073331372346_7566102890038499322_n.jpg 715w, https:\/\/revistaepocadigital.com.ar\/wp-content\/uploads\/2021\/06\/197531374_829073331372346_7566102890038499322_n-300x300.jpg 300w, https:\/\/revistaepocadigital.com.ar\/wp-content\/uploads\/2021\/06\/197531374_829073331372346_7566102890038499322_n-150x150.jpg 150w, https:\/\/revistaepocadigital.com.ar\/wp-content\/uploads\/2021\/06\/197531374_829073331372346_7566102890038499322_n-696x696.jpg 696w, https:\/\/revistaepocadigital.com.ar\/wp-content\/uploads\/2021\/06\/197531374_829073331372346_7566102890038499322_n-420x420.jpg 420w\" sizes=\"auto, (max-width: 715px) 100vw, 715px\" \/><\/p>\n","protected":false},"excerpt":{"rendered":"<p>LA ENTIDAD DE LA CIUDAD.<\/p>\n","protected":false},"author":3,"featured_media":10840,"comment_status":"open","ping_status":"open","sticky":false,"template":"","format":"standard","meta":{"footnotes":"","jetpack_publicize_message":"","jetpack_publicize_feature_enabled":true,"jetpack_social_post_already_shared":false,"jetpack_social_options":{"image_generator_settings":{"template":"highway","default_image_id":0,"font":"","enabled":false},"version":2}},"categories":[11],"tags":[1412],"class_list":["post-10837","post","type-post","status-publish","format-standard","has-post-thumbnail","hentry","category-entidades","tag-rotary-capilla"],"jetpack_publicize_connections":[],"jetpack_featured_media_url":"https:\/\/revistaepocadigital.com.ar\/wp-content\/uploads\/2021\/06\/197818470_829073248039021_1844683060118943371_n.jpg","jetpack_likes_enabled":true,"_links":{"self":[{"href":"https:\/\/revistaepocadigital.com.ar\/index.php?rest_route=\/wp\/v2\/posts\/10837","targetHints":{"allow":["GET"]}}],"collection":[{"href":"https:\/\/revistaepocadigital.com.ar\/index.php?rest_route=\/wp\/v2\/posts"}],"about":[{"href":"https:\/\/revistaepocadigital.com.ar\/index.php?rest_route=\/wp\/v2\/types\/post"}],"author":[{"embeddable":true,"href":"https:\/\/revistaepocadigital.com.ar\/index.php?rest_route=\/wp\/v2\/users\/3"}],"replies":[{"embeddable":true,"href":"https:\/\/revistaepocadigital.com.ar\/index.php?rest_route=%2Fwp%2Fv2%2Fcomments&post=10837"}],"version-history":[{"count":0,"href":"https:\/\/revistaepocadigital.com.ar\/index.php?rest_route=\/wp\/v2\/posts\/10837\/revisions"}],"wp:featuredmedia":[{"embeddable":true,"href":"https:\/\/revistaepocadigital.com.ar\/index.php?rest_route=\/wp\/v2\/media\/10840"}],"wp:attachment":[{"href":"https:\/\/revistaepocadigital.com.ar\/index.php?rest_route=%2Fwp%2Fv2%2Fmedia&parent=10837"}],"wp:term":[{"taxonomy":"category","embeddable":true,"href":"https:\/\/revistaepocadigital.com.ar\/index.php?rest_route=%2Fwp%2Fv2%2Fcategories&post=10837"},{"taxonomy":"post_tag","embeddable":true,"href":"https:\/\/revistaepocadigital.com.ar\/index.php?rest_route=%2Fwp%2Fv2%2Ftags&post=10837"}],"curies":[{"name":"wp","href":"https:\/\/api.w.org\/{rel}","templated":true}]}}