{"id":1087,"date":"2019-01-04T01:12:32","date_gmt":"2019-01-04T04:12:32","guid":{"rendered":"https:\/\/revistaepocadigital.com.ar\/?p=1087"},"modified":"2019-01-04T01:12:32","modified_gmt":"2019-01-04T04:12:32","slug":"los-cortes-de-luz","status":"publish","type":"post","link":"https:\/\/revistaepocadigital.com.ar\/?p=1087","title":{"rendered":"Los cortes de luz"},"content":{"rendered":"<div data-test-id=\"message-view-body\">\n<div class=\"msg-body P_wpofO iy_A\" data-test-id=\"message-view-body-content\">\n<div class=\"jb_0 X_6MGW N_6Fd5\">\n<div>\n<div id=\"yiv0812388747\">\n<div dir=\"ltr\">\n<div dir=\"ltr\">\n<div dir=\"ltr\">\n<div>\n<p dir=\"ltr\"><span style=\"font-size: large;\">EDEN HA INFORMADO.<\/span><\/p>\n<p dir=\"ltr\">La empresa distribuidora inform\u00f3 que se encontraba trabajando ininterrumpidamente, en la normalizaci\u00f3n total del servicio en diferentes zonas de Exaltaci\u00f3n de la Cruz y Los Cardales, afectado por las tormentas ocurridas desde el 29 de diciembre \u00faltimo.<\/p>\n<p dir=\"ltr\">V\u00edctor \u00a0Ciaponi, Gerente de \u00c1rea de EDEN, hizo saber: \u201c<em>Las tormentas vinieron acompa\u00f1adas de fuertes r\u00e1fagas de viento que provocaron la ca\u00edda de \u00e1rboles y postes. En estos casos lo primero que hacemos es garantizar la seguridad en la v\u00eda p\u00fablica, y en cuanto las condiciones lo permitieron, comenzamos con las tareas para la normalizaci\u00f3n total del servicio\u201d.<\/em><\/p>\n<p dir=\"ltr\"><em>\u201cYa se encuentra normalizado el servicio en el 80% de los usuarios de las localidades y las cuadrillas contin\u00faan trabajando para lograr la reposici\u00f3n total del suministro el\u00e9ctrico\u201d,<\/em> agreg\u00f3.<\/p>\n<p dir=\"ltr\"><strong>EDEN record\u00f3<\/strong> a sus usuarios:<\/p>\n<ul>\n<li dir=\"ltr\">\n<p dir=\"ltr\">En caso de divisar un cable ca\u00eddo en la v\u00eda p\u00fablica, dar aviso inmediatamente al Centro de Atenci\u00f3n Telef\u00f3nico: 0800-999-3336, a los Bomberos o acercarse a la Sucursal.<\/p>\n<\/li>\n<li dir=\"ltr\">\n<p dir=\"ltr\">Evitar el contacto con cables cortados e instalaciones el\u00e9ctricas externas en general.<\/p>\n<\/li>\n<li dir=\"ltr\">\n<p dir=\"ltr\">No retirar por cuenta propia objetos o ramas ca\u00eddos sobre las l\u00edneas a\u00e9reas de energ\u00eda el\u00e9ctrica.<\/p>\n<\/li>\n<\/ul>\n<p><span id=\"yiv0812388747gmail-docs-internal-guid-a43e1f20-7fff-5b43-2dd3-11846f5ad6a9\">Los usuarios pueden realizar reclamos a trav\u00e9s de la <span style=\"color: #000000;\"><a style=\"color: #000000;\" href=\"http:\/\/sucursalvirtual.edensa.com.ar\/\" target=\"_blank\" rel=\"nofollow noopener\">Sucursal Virtual<\/a>,<\/span> la App EDEN M\u00f3vil, o comunic\u00e1ndose al 0800-999-3336, disponibles las 24 horas del d\u00eda.<\/span><\/p>\n<\/div>\n<\/div>\n<\/div>\n<\/div>\n<\/div>\n<\/div>\n<\/div>\n<\/div>\n<\/div>\n<p>&nbsp;<\/p>\n","protected":false},"excerpt":{"rendered":"<p>EDEN HA INFORMADO. La empresa distribuidora inform\u00f3 que se encontraba trabajando ininterrumpidamente, en la normalizaci\u00f3n total del servicio en diferentes zonas de Exaltaci\u00f3n de la Cruz y Los Cardales, afectado por las tormentas ocurridas desde el 29 de diciembre \u00faltimo. V\u00edctor \u00a0Ciaponi, Gerente de \u00c1rea de EDEN, hizo saber: \u201cLas tormentas vinieron acompa\u00f1adas de fuertes [&hellip;]<\/p>\n","protected":false},"author":3,"featured_media":1089,"comment_status":"open","ping_status":"open","sticky":false,"template":"","format":"standard","meta":{"footnotes":"","jetpack_publicize_message":"","jetpack_publicize_feature_enabled":true,"jetpack_social_post_already_shared":false,"jetpack_social_options":{"image_generator_settings":{"template":"highway","default_image_id":0,"font":"","enabled":false},"version":2}},"categories":[13],"tags":[125,39],"class_list":["post-1087","post","type-post","status-publish","format-standard","has-post-thumbnail","hentry","category-interes-general","tag-cortes-de-luz","tag-eden"],"jetpack_publicize_connections":[],"jetpack_featured_media_url":"https:\/\/revistaepocadigital.com.ar\/wp-content\/uploads\/2019\/01\/corte-de-luz1.jpg","jetpack_likes_enabled":true,"_links":{"self":[{"href":"https:\/\/revistaepocadigital.com.ar\/index.php?rest_route=\/wp\/v2\/posts\/1087","targetHints":{"allow":["GET"]}}],"collection":[{"href":"https:\/\/revistaepocadigital.com.ar\/index.php?rest_route=\/wp\/v2\/posts"}],"about":[{"href":"https:\/\/revistaepocadigital.com.ar\/index.php?rest_route=\/wp\/v2\/types\/post"}],"author":[{"embeddable":true,"href":"https:\/\/revistaepocadigital.com.ar\/index.php?rest_route=\/wp\/v2\/users\/3"}],"replies":[{"embeddable":true,"href":"https:\/\/revistaepocadigital.com.ar\/index.php?rest_route=%2Fwp%2Fv2%2Fcomments&post=1087"}],"version-history":[{"count":0,"href":"https:\/\/revistaepocadigital.com.ar\/index.php?rest_route=\/wp\/v2\/posts\/1087\/revisions"}],"wp:featuredmedia":[{"embeddable":true,"href":"https:\/\/revistaepocadigital.com.ar\/index.php?rest_route=\/wp\/v2\/media\/1089"}],"wp:attachment":[{"href":"https:\/\/revistaepocadigital.com.ar\/index.php?rest_route=%2Fwp%2Fv2%2Fmedia&parent=1087"}],"wp:term":[{"taxonomy":"category","embeddable":true,"href":"https:\/\/revistaepocadigital.com.ar\/index.php?rest_route=%2Fwp%2Fv2%2Fcategories&post=1087"},{"taxonomy":"post_tag","embeddable":true,"href":"https:\/\/revistaepocadigital.com.ar\/index.php?rest_route=%2Fwp%2Fv2%2Ftags&post=1087"}],"curies":[{"name":"wp","href":"https:\/\/api.w.org\/{rel}","templated":true}]}}