{"id":11010,"date":"2021-06-21T22:17:22","date_gmt":"2021-06-22T01:17:22","guid":{"rendered":"https:\/\/revistaepocadigital.com.ar\/?p=11010"},"modified":"2021-06-21T22:17:22","modified_gmt":"2021-06-22T01:17:22","slug":"donde-ensenar-y-estudiar-encierra-un-valor-extra","status":"publish","type":"post","link":"https:\/\/revistaepocadigital.com.ar\/?p=11010","title":{"rendered":"Donde ense\u00f1ar y estudiar encierra un valor extra"},"content":{"rendered":"<p><strong>S\u00cdMBOLOS.<\/strong><!--more--><\/p>\n<p>La escuela primaria n\u00ba 5 Manuel Belgrano de la Lata, y el CEF N\u00ba159 Cabo Principal Luis Alberto Niz. Dos establecimientos educativos en la zona rural de Exaltaci\u00f3n de la Cruz, en lugares donde a los esfuerzos hay que reforzarlos a diario; donde la vocaci\u00f3n por ense\u00f1ar y por aprender est\u00e1n m\u00e1s a prueba. Se han festejado los aniversarios de ambos establecimientos.<\/p>\n<p>La primera, una instituci\u00f3n creada en 1878, cumpliendo 143 de historia en Exaltaci\u00f3n de la Cruz. El segundo, un Centro de Educaci\u00f3n F\u00edsica que es uno de los proyectos educativos m\u00e1s importantes de nuestro pueblo, creado un 20 de junio de 2009.<\/p>\n<div class=\"\" dir=\"auto\">\n<div id=\"jsc_c_13p\" class=\"ecm0bbzt hv4rvrfc ihqw7lf3 dati1w0a\" data-ad-comet-preview=\"message\" data-ad-preview=\"message\">\n<div class=\"j83agx80 cbu4d94t ew0dbk1b irj2b8pg\">\n<div class=\"qzhwtbm6 knvmm38d\">\n<div class=\"o9v6fnle cxmmr5t8 oygrvhab hcukyx3x c1et5uql ii04i59q\">\n<div dir=\"auto\">&#8220;Deseando encontrarnos pronto otra vez as\u00ed, ya volvimos a la presencialidad en todos los colegios, y ese es un gran paso que nos pone muy contentos, \u00a1Feliz cumplea\u00f1os!&#8221;, se\u00f1al\u00f3 el intendente Nanni.<\/div>\n<\/div>\n<div dir=\"auto\"><\/div>\n<\/div>\n<\/div>\n<\/div>\n<\/div>\n","protected":false},"excerpt":{"rendered":"<p>S\u00cdMBOLOS.<\/p>\n","protected":false},"author":3,"featured_media":11012,"comment_status":"open","ping_status":"open","sticky":false,"template":"","format":"standard","meta":{"footnotes":"","jetpack_publicize_message":"","jetpack_publicize_feature_enabled":true,"jetpack_social_post_already_shared":false,"jetpack_social_options":{"image_generator_settings":{"template":"highway","default_image_id":0,"font":"","enabled":false},"version":2}},"categories":[6],"tags":[1435,1434],"class_list":["post-11010","post","type-post","status-publish","format-standard","has-post-thumbnail","hentry","category-barrios","tag-escuela","tag-la-lata"],"jetpack_publicize_connections":[],"jetpack_featured_media_url":"https:\/\/revistaepocadigital.com.ar\/wp-content\/uploads\/2021\/06\/ESCUELA-MBELGRA-LATA.jpg","jetpack_likes_enabled":true,"_links":{"self":[{"href":"https:\/\/revistaepocadigital.com.ar\/index.php?rest_route=\/wp\/v2\/posts\/11010","targetHints":{"allow":["GET"]}}],"collection":[{"href":"https:\/\/revistaepocadigital.com.ar\/index.php?rest_route=\/wp\/v2\/posts"}],"about":[{"href":"https:\/\/revistaepocadigital.com.ar\/index.php?rest_route=\/wp\/v2\/types\/post"}],"author":[{"embeddable":true,"href":"https:\/\/revistaepocadigital.com.ar\/index.php?rest_route=\/wp\/v2\/users\/3"}],"replies":[{"embeddable":true,"href":"https:\/\/revistaepocadigital.com.ar\/index.php?rest_route=%2Fwp%2Fv2%2Fcomments&post=11010"}],"version-history":[{"count":0,"href":"https:\/\/revistaepocadigital.com.ar\/index.php?rest_route=\/wp\/v2\/posts\/11010\/revisions"}],"wp:featuredmedia":[{"embeddable":true,"href":"https:\/\/revistaepocadigital.com.ar\/index.php?rest_route=\/wp\/v2\/media\/11012"}],"wp:attachment":[{"href":"https:\/\/revistaepocadigital.com.ar\/index.php?rest_route=%2Fwp%2Fv2%2Fmedia&parent=11010"}],"wp:term":[{"taxonomy":"category","embeddable":true,"href":"https:\/\/revistaepocadigital.com.ar\/index.php?rest_route=%2Fwp%2Fv2%2Fcategories&post=11010"},{"taxonomy":"post_tag","embeddable":true,"href":"https:\/\/revistaepocadigital.com.ar\/index.php?rest_route=%2Fwp%2Fv2%2Ftags&post=11010"}],"curies":[{"name":"wp","href":"https:\/\/api.w.org\/{rel}","templated":true}]}}