{"id":11014,"date":"2021-06-22T19:46:36","date_gmt":"2021-06-22T22:46:36","guid":{"rendered":"https:\/\/revistaepocadigital.com.ar\/?p=11014"},"modified":"2021-06-22T19:47:19","modified_gmt":"2021-06-22T22:47:19","slug":"los-80-anos-del-instituto-estrada-gran-referente-de-la-educacion","status":"publish","type":"post","link":"https:\/\/revistaepocadigital.com.ar\/?p=11014","title":{"rendered":"LOS 80 A\u00d1OS DEL INSTITUTO ESTRADA, GRAN REFERENTE DE LA EDUCACI\u00d3N"},"content":{"rendered":"<p><strong>EN EL DISTRITO Y EN LA ZONA.<\/strong><!--more--><\/p>\n<p>El 20 de junio el Instituto Jos\u00e9 Manuel Estrada de Capilla del Se\u00f1or cumpli\u00f3 nada menos que 80 a\u00f1os. Desde sus lejanos inicios, fue creciendo, desarroll\u00e1ndose, hasta alcanzar un lugar de preeminencia en la educaci\u00f3n.<\/p>\n<p>Generaciones de alumnos y alumnas pasaron y transitan por sus aulas, de Capilla del Se\u00f1or, Los Cardales y otras localidades vecinas. El Estrada es un faro para la educaci\u00f3n, que ha marcado sin dudas, en distintos aspectos, la vida de tantos alumnos.<\/p>\n<p>Cuenta la historia que el proyecto de creaci\u00f3n del Instituto Estrada de Capilla del Se\u00f1or emergi\u00f3 de la Comisi\u00f3n Directiva de la Universidad Popular de Exaltaci\u00f3n de la Cruz. Esta Universidad Popular surgi\u00f3 como una propuesta de la Comisi\u00f3n de ex-alumnos de la Escuela N\u00ba1 \u201cBernardino Rivadavia\u201d. En sus instalaciones, desarroll\u00f3 las actividades hasta el a\u00f1o 1969. El Instituto Estrada es una de las organizaciones encargadas de la divulgaci\u00f3n y recreaci\u00f3n del saber y la cultura, y forma parte del proyecto ilustrado y progresista que en materia de educaci\u00f3n ha caracterizado a Capilla del Se\u00f1or y a Exaltaci\u00f3n de la Cruz.<\/p>\n<p>La propuesta de educar ha estado siempre presente, con la l\u00f3gica evoluci\u00f3n en el proyecto colectivo buscado y promovido por la comunidad a pesar de las m\u00faltiples dificultades que presentadas a lo largo de su rica historia.<\/p>\n<p>En junio de 1941, por Resoluci\u00f3n del Consejo Directivo de las Universidades Populares Argentinas se aprob\u00f3 denominar \u201cJos\u00e9 Manuel Estrada\u201d a la Universidad de Capilla del Se\u00f1or.\u00a0En marzo de 1944, tres a\u00f1os despu\u00e9s, se cre\u00f3 por una resoluci\u00f3n del Consejo Directivo de la Universidad Popular, el Instituto \u201cJos\u00e9 Manuel Estrada\u201d, Anexo a dicha Universidad Popular de Exaltaci\u00f3n de la Cruz.<\/p>\n<p>&nbsp;<\/p>\n<figure id=\"attachment_11028\" aria-describedby=\"caption-attachment-11028\" style=\"width: 750px\" class=\"wp-caption aligncenter\"><img loading=\"lazy\" decoding=\"async\" class=\"size-full wp-image-11028\" src=\"https:\/\/revistaepocadigital.com.ar\/wp-content\/uploads\/2021\/06\/ins-estra.jpg\" alt=\"\" width=\"750\" height=\"392\" srcset=\"https:\/\/revistaepocadigital.com.ar\/wp-content\/uploads\/2021\/06\/ins-estra.jpg 750w, https:\/\/revistaepocadigital.com.ar\/wp-content\/uploads\/2021\/06\/ins-estra-300x157.jpg 300w, https:\/\/revistaepocadigital.com.ar\/wp-content\/uploads\/2021\/06\/ins-estra-696x364.jpg 696w\" sizes=\"auto, (max-width: 750px) 100vw, 750px\" \/><figcaption id=\"caption-attachment-11028\" class=\"wp-caption-text\">Una muy buena obra vinculada al Estrada, reflejada en este trabajo.<\/figcaption><\/figure>\n<p>La primera promoci\u00f3n de Bachilleres surgi\u00f3 en 1949; en 1958, catorce a\u00f1os despu\u00e9s, se crea el Ciclo de Magisterio que pasa a depender de la Escuela Normal Mixta \u201cGustavo Artigas\u201d de San Fernando.\u00a0En 1962 comenz\u00f3 a funcionar la rama de Perito Mercantil que contin\u00faa en la actualidad. En tanto en el a\u00f1o 1970 comenz\u00f3 a funcionar la rama del Bachillerato con Orientaci\u00f3n Pedag\u00f3gica, extendida hasta 1979.\u00a0En 1977 comenz\u00f3 el Bachiller especializado en Letras.<\/p>\n<p>A su vez en 1997, se agregaron cuatro octavos a\u00f1os de la Escuela N\u00ba 12 y la N\u00ba 5, y en 1998 tres novenos de las mismas escuelas. Resul\u00f3 una experiencia in\u00e9dita de articulaci\u00f3n entre una instituci\u00f3n educativa de gesti\u00f3n privada, y otra de gesti\u00f3n p\u00fablica.<\/p>\n<p>Tambi\u00e9n, la Asociaci\u00f3n Civil Estrada, efectu\u00f3 la adquisici\u00f3n del Jard\u00edn de Infantes \u201cSemillitas\u201d y el \u201cColegio del Sol\u201d, con el prop\u00f3sito de brindar una oferta educativa integral y con criterios unificados, dando lugar al Complejo Educativo Estrada en constante evoluci\u00f3n, crecimiento y optimizaci\u00f3n, m\u00e1s all\u00e1 de los a\u00f1os tan complejos que se atraviesan en el pa\u00eds.<\/p>\n<p>Las modalidades que pueden elegir los alumnos que cursan estudios en el Instituto Estrada son, Bachiller en Ciencias naturales, Bachiller en Ciencias Sociales y Bachiller en Econom\u00eda y Gesti\u00f3n.<\/p>\n<p>&#8220;El Instituto Jos\u00e9 Manuel Estrada es un colegio de educaci\u00f3n secundaria con tres orientaciones: naturales, sociales y econom\u00eda, caracteriz\u00e1ndose en brindar un servicio educativo de calidad, orgullo para Capilla del Se\u00f1or y Exaltaci\u00f3n de la Cruz&#8221;, expresaron desde el colegio.<\/p>\n<p><img loading=\"lazy\" decoding=\"async\" class=\"aligncenter size-full wp-image-11015\" src=\"https:\/\/revistaepocadigital.com.ar\/wp-content\/uploads\/2021\/06\/inst-estrada-80.jpg\" alt=\"\" width=\"472\" height=\"395\" srcset=\"https:\/\/revistaepocadigital.com.ar\/wp-content\/uploads\/2021\/06\/inst-estrada-80.jpg 472w, https:\/\/revistaepocadigital.com.ar\/wp-content\/uploads\/2021\/06\/inst-estrada-80-300x251.jpg 300w\" sizes=\"auto, (max-width: 472px) 100vw, 472px\" \/><\/p>\n<p><em>&#8220;En el marco de ofrecer la mejor educaci\u00f3n posible, en el Instituto Jos\u00e9 Manuel Estrada trabajamos respetando valores como\u00a0Responsabilidad, Honestidad, Respeto, Calidad&#8221;<\/em>, la ajustada s\u00edntesis manifestada desde el Instituto.<\/p>\n","protected":false},"excerpt":{"rendered":"<p>EN EL DISTRITO Y EN LA ZONA.<\/p>\n","protected":false},"author":4,"featured_media":11041,"comment_status":"open","ping_status":"open","sticky":false,"template":"","format":"standard","meta":{"footnotes":"","jetpack_publicize_message":"","jetpack_publicize_feature_enabled":true,"jetpack_social_post_already_shared":false,"jetpack_social_options":{"image_generator_settings":{"template":"highway","default_image_id":0,"font":"","enabled":false},"version":2}},"categories":[13],"tags":[],"class_list":["post-11014","post","type-post","status-publish","format-standard","has-post-thumbnail","hentry","category-interes-general"],"jetpack_publicize_connections":[],"jetpack_featured_media_url":"https:\/\/revistaepocadigital.com.ar\/wp-content\/uploads\/2021\/06\/instituto-jose-manuel-estrada.jpg","jetpack_likes_enabled":true,"_links":{"self":[{"href":"https:\/\/revistaepocadigital.com.ar\/index.php?rest_route=\/wp\/v2\/posts\/11014","targetHints":{"allow":["GET"]}}],"collection":[{"href":"https:\/\/revistaepocadigital.com.ar\/index.php?rest_route=\/wp\/v2\/posts"}],"about":[{"href":"https:\/\/revistaepocadigital.com.ar\/index.php?rest_route=\/wp\/v2\/types\/post"}],"author":[{"embeddable":true,"href":"https:\/\/revistaepocadigital.com.ar\/index.php?rest_route=\/wp\/v2\/users\/4"}],"replies":[{"embeddable":true,"href":"https:\/\/revistaepocadigital.com.ar\/index.php?rest_route=%2Fwp%2Fv2%2Fcomments&post=11014"}],"version-history":[{"count":0,"href":"https:\/\/revistaepocadigital.com.ar\/index.php?rest_route=\/wp\/v2\/posts\/11014\/revisions"}],"wp:featuredmedia":[{"embeddable":true,"href":"https:\/\/revistaepocadigital.com.ar\/index.php?rest_route=\/wp\/v2\/media\/11041"}],"wp:attachment":[{"href":"https:\/\/revistaepocadigital.com.ar\/index.php?rest_route=%2Fwp%2Fv2%2Fmedia&parent=11014"}],"wp:term":[{"taxonomy":"category","embeddable":true,"href":"https:\/\/revistaepocadigital.com.ar\/index.php?rest_route=%2Fwp%2Fv2%2Fcategories&post=11014"},{"taxonomy":"post_tag","embeddable":true,"href":"https:\/\/revistaepocadigital.com.ar\/index.php?rest_route=%2Fwp%2Fv2%2Ftags&post=11014"}],"curies":[{"name":"wp","href":"https:\/\/api.w.org\/{rel}","templated":true}]}}