{"id":11017,"date":"2021-06-21T22:45:54","date_gmt":"2021-06-22T01:45:54","guid":{"rendered":"https:\/\/revistaepocadigital.com.ar\/?p=11017"},"modified":"2021-06-21T22:45:54","modified_gmt":"2021-06-22T01:45:54","slug":"capacitan-a-vecinos-sobre-seguridad-vial","status":"publish","type":"post","link":"https:\/\/revistaepocadigital.com.ar\/?p=11017","title":{"rendered":"Capacitan a vecinos sobre Seguridad Vial"},"content":{"rendered":"<p><strong>UN TEMA FUNDAMENTAL.<\/strong><\/p>\n<p><!--more--><\/p>\n<p><img loading=\"lazy\" decoding=\"async\" class=\"aligncenter size-full wp-image-11019\" src=\"https:\/\/revistaepocadigital.com.ar\/wp-content\/uploads\/2021\/06\/202875198_911157539430162_8273849242329732815_n.jpg\" alt=\"\" width=\"960\" height=\"540\" srcset=\"https:\/\/revistaepocadigital.com.ar\/wp-content\/uploads\/2021\/06\/202875198_911157539430162_8273849242329732815_n.jpg 960w, https:\/\/revistaepocadigital.com.ar\/wp-content\/uploads\/2021\/06\/202875198_911157539430162_8273849242329732815_n-300x169.jpg 300w, https:\/\/revistaepocadigital.com.ar\/wp-content\/uploads\/2021\/06\/202875198_911157539430162_8273849242329732815_n-768x432.jpg 768w, https:\/\/revistaepocadigital.com.ar\/wp-content\/uploads\/2021\/06\/202875198_911157539430162_8273849242329732815_n-696x392.jpg 696w, https:\/\/revistaepocadigital.com.ar\/wp-content\/uploads\/2021\/06\/202875198_911157539430162_8273849242329732815_n-747x420.jpg 747w\" sizes=\"auto, (max-width: 960px) 100vw, 960px\" \/>En Parada Robles, el intendente Nanni encabez\u00f3 una charla organizada por la Jefatura de Licencias de Conducir, donde se capacita a la comunidad en torno a Seguridad Vial.<\/p>\n<p>En el transcurso de las charlas, &#8220;se visibiliza la situaci\u00f3n de alta siniestralidad vehicular, junto a los motivos que los generan. Tambi\u00e9n se habla acerca de los requisitos y tr\u00e1mites para obtener la licencia de conducir, y el correcto uso de la herramienta digital de Gobierno Digital Abierto (GDA), desde la que se genera el tr\u00e1mite de forma virtual y autom\u00e1tica&#8221;, sostuvo Nanni.<\/p>\n<p>Esto proyecto se puso en marca est\u00e1 en sinton\u00eda con el 10 de Junio, D\u00eda Mundial de la Seguridad Vial, y ya recorri\u00f3 Capilla y Los Cardales. El viernes 25 de junio, a las 10 de la ma\u00f1ana, se realizar\u00e1 tambi\u00e9n en la biblioteca de Diego Gaynor con todos los protocolos que corresponden.<\/p>\n<p>&#8220;Gracias a la tecnolog\u00eda incorporada al comienzo de nuestra gesti\u00f3n, una impresora de registros exclusiva para nuestro distrito, es que podemos entregar en el mes aproximadamente 900 licencias. Adem\u00e1s, con la incorporaci\u00f3n de la web de GDA, los turnos se otorgan de manera virtual, sin moverte de tu casa, y con cualquier compu o tel\u00e9fono&#8221;, ampli\u00f3 el intendente.<\/p>\n<p>Ahora el tr\u00e1mite es m\u00e1s sencillo, f\u00e1cil, c\u00f3modo, organizado y mucho m\u00e1s r\u00e1pido.<br \/>\nMiriam Chelini, Marcelo Antonini, Amadeo Tucci y Carlos Tucci son quienes administran el GDA, y los que llevan a cabo la actividad.<\/p>\n","protected":false},"excerpt":{"rendered":"<p>UN TEMA FUNDAMENTAL.<\/p>\n","protected":false},"author":4,"featured_media":11020,"comment_status":"open","ping_status":"open","sticky":false,"template":"","format":"standard","meta":{"footnotes":"","jetpack_publicize_message":"","jetpack_publicize_feature_enabled":true,"jetpack_social_post_already_shared":false,"jetpack_social_options":{"image_generator_settings":{"template":"highway","default_image_id":0,"font":"","enabled":false},"version":2}},"categories":[5],"tags":[489,977],"class_list":["post-11017","post","type-post","status-publish","format-standard","has-post-thumbnail","hentry","category-aqui-parada-robles","tag-acciones","tag-seguridad-vial"],"jetpack_publicize_connections":[],"jetpack_featured_media_url":"https:\/\/revistaepocadigital.com.ar\/wp-content\/uploads\/2021\/06\/203145946_911157629430153_6411703232056691617_n.jpg","jetpack_likes_enabled":true,"_links":{"self":[{"href":"https:\/\/revistaepocadigital.com.ar\/index.php?rest_route=\/wp\/v2\/posts\/11017","targetHints":{"allow":["GET"]}}],"collection":[{"href":"https:\/\/revistaepocadigital.com.ar\/index.php?rest_route=\/wp\/v2\/posts"}],"about":[{"href":"https:\/\/revistaepocadigital.com.ar\/index.php?rest_route=\/wp\/v2\/types\/post"}],"author":[{"embeddable":true,"href":"https:\/\/revistaepocadigital.com.ar\/index.php?rest_route=\/wp\/v2\/users\/4"}],"replies":[{"embeddable":true,"href":"https:\/\/revistaepocadigital.com.ar\/index.php?rest_route=%2Fwp%2Fv2%2Fcomments&post=11017"}],"version-history":[{"count":0,"href":"https:\/\/revistaepocadigital.com.ar\/index.php?rest_route=\/wp\/v2\/posts\/11017\/revisions"}],"wp:featuredmedia":[{"embeddable":true,"href":"https:\/\/revistaepocadigital.com.ar\/index.php?rest_route=\/wp\/v2\/media\/11020"}],"wp:attachment":[{"href":"https:\/\/revistaepocadigital.com.ar\/index.php?rest_route=%2Fwp%2Fv2%2Fmedia&parent=11017"}],"wp:term":[{"taxonomy":"category","embeddable":true,"href":"https:\/\/revistaepocadigital.com.ar\/index.php?rest_route=%2Fwp%2Fv2%2Fcategories&post=11017"},{"taxonomy":"post_tag","embeddable":true,"href":"https:\/\/revistaepocadigital.com.ar\/index.php?rest_route=%2Fwp%2Fv2%2Ftags&post=11017"}],"curies":[{"name":"wp","href":"https:\/\/api.w.org\/{rel}","templated":true}]}}