{"id":1102,"date":"2019-01-05T17:09:40","date_gmt":"2019-01-05T20:09:40","guid":{"rendered":"https:\/\/revistaepocadigital.com.ar\/?p=1102"},"modified":"2019-01-05T17:13:29","modified_gmt":"2019-01-05T20:13:29","slug":"a-que-apunta-la-designacion-de-maria-luz-bozzani","status":"publish","type":"post","link":"https:\/\/revistaepocadigital.com.ar\/?p=1102","title":{"rendered":"\u00bfA que apunta la designaci\u00f3n de Mar\u00eda Luz Bozzani?"},"content":{"rendered":"<div id=\"js_4k\" class=\"_5pbx userContent _3ds9 _3576\" data-ad-preview=\"message\" data-ft=\"{&quot;tn&quot;:&quot;K&quot;}\">\n<p><strong>PONGAN UNA NUEVA SILLA A LA MESA DE LAS DELIBERACIONES.<\/strong><\/p>\n<p>Finalmente el intendente <strong>Adri\u00e1n S\u00e1nchez,<\/strong> design\u00f3 a la concejal <strong>Mar\u00eda Luz Bozzani<\/strong> para un nuevo cargo creado al efecto dentro del organigrama municipal.<\/p>\n<p>Bozzani pasa a ocupa la <strong>Unidad de Coordinaci\u00f3n de Procedimientos Administrativos y Gesti\u00f3n Operativa<\/strong>, y ha de reportar en <strong>forma directa<\/strong> al intendente S\u00e1nchez, a quien supo reemplazar en forma interina en varias ocasiones en el per\u00edodo actual. El jefe comunal hab\u00eda negado a EPOCA que <strong>Bozzani<\/strong> en su integraci\u00f3n al staff municipal, fuera a ocupar una nueva secretar\u00eda. No fue as\u00ed, sin embargo, va a tener bajo su responsabilidad una Unidad que no estaba contemplada en el esquema de la comuna.<\/p>\n<p><strong>Bozzani<\/strong> solicit\u00f3 al <strong>Concejo Deliberante<\/strong> y obtuvo, la licencia como concejal del bloque oficialista. <em>&#8220;Estoy convencido que Mar\u00eda Luz es la persona indicada para el cargo, tiene mucho para aportar a esta gesti\u00f3n municipal, ya que demuestra cotidianamente gran capacidad de trabajo y alto compromiso pol\u00edtico, no solo desde su banca como concejal sino tambi\u00e9n en cada uno de los per\u00edodos en que ejerci\u00f3 el mandato de intendente interina\u201d,<\/em> argument\u00f3 <strong>S\u00e1nchez.<\/strong><\/p>\n<\/div>\n<figure id=\"attachment_1107\" aria-describedby=\"caption-attachment-1107\" style=\"width: 300px\" class=\"wp-caption alignleft\"><img loading=\"lazy\" decoding=\"async\" class=\"size-full wp-image-1107\" src=\"https:\/\/revistaepocadigital.com.ar\/wp-content\/uploads\/2019\/01\/bozz-ml-boreal.jpg\" alt=\"\" width=\"300\" height=\"350\" srcset=\"https:\/\/revistaepocadigital.com.ar\/wp-content\/uploads\/2019\/01\/bozz-ml-boreal.jpg 300w, https:\/\/revistaepocadigital.com.ar\/wp-content\/uploads\/2019\/01\/bozz-ml-boreal-257x300.jpg 257w\" sizes=\"auto, (max-width: 300px) 100vw, 300px\" \/><figcaption id=\"caption-attachment-1107\" class=\"wp-caption-text\">La nueva funcionaria, se supone en un rol relevante. (Foto gentileza Boreal)<\/figcaption><\/figure>\n<p>La incorporaci\u00f3n de <strong>Mar\u00eda Luz Bozzani<\/strong> como funcionaria, seg\u00fan especulaciones en el ambiente pol\u00edtico exaltacruce\u00f1o, tiene que ver con la idea de reforzar la presencia de la comuna ante los vecinos y por ende, formar parte de la estrategia del oficialismo de cara a la que se estima, ser\u00e1n unas muy re\u00f1idas elecciones para elegir<strong> al intendente que administrar\u00e1<\/strong> Exaltaci\u00f3n de la Cruz desde 2020 en adelante.<\/p>\n<figure id=\"attachment_1108\" aria-describedby=\"caption-attachment-1108\" style=\"width: 345px\" class=\"wp-caption alignright\"><img loading=\"lazy\" decoding=\"async\" class=\"size-full wp-image-1108\" src=\"https:\/\/revistaepocadigital.com.ar\/wp-content\/uploads\/2019\/01\/bozz-ml-sanc-nanni.jpg\" alt=\"\" width=\"345\" height=\"230\" srcset=\"https:\/\/revistaepocadigital.com.ar\/wp-content\/uploads\/2019\/01\/bozz-ml-sanc-nanni.jpg 345w, https:\/\/revistaepocadigital.com.ar\/wp-content\/uploads\/2019\/01\/bozz-ml-sanc-nanni-300x200.jpg 300w\" sizes=\"auto, (max-width: 345px) 100vw, 345px\" \/><figcaption id=\"caption-attachment-1108\" class=\"wp-caption-text\">Vertice de poder?, Bozzani, S\u00e1nchez, Nanni.<\/figcaption><\/figure>\n<p><strong>Bozzani<\/strong> ha mostrado una impronta propia a medida que ha ejercido como intendente interina, de ah\u00ed que entienden <strong>los que deciden en el arco municipal,<\/strong> que es una figura que ha ganado espacio, incluso hasta se rumore\u00f3 tiempo atr\u00e1s que pod\u00eda ser tambi\u00e9n que se sumara a la lista de candidatos a intendente.<\/p>\n<p>Aunque suena a una obviedad, el 2019 est\u00e1 en marcha; las elecciones, el <strong>objetivo crucial, vital<\/strong>, de la actual administraci\u00f3n para retener la municipalidad, tambi\u00e9n, <strong>en marcha.<\/strong><\/p>\n","protected":false},"excerpt":{"rendered":"<p>PONGAN UNA NUEVA SILLA A LA MESA DE LAS DELIBERACIONES. Finalmente el intendente Adri\u00e1n S\u00e1nchez, design\u00f3 a la concejal Mar\u00eda Luz Bozzani para un nuevo cargo creado al efecto dentro del organigrama municipal. Bozzani pasa a ocupa la Unidad de Coordinaci\u00f3n de Procedimientos Administrativos y Gesti\u00f3n Operativa, y ha de reportar en forma directa al [&hellip;]<\/p>\n","protected":false},"author":3,"featured_media":1106,"comment_status":"open","ping_status":"open","sticky":false,"template":"","format":"standard","meta":{"footnotes":"","jetpack_publicize_message":"","jetpack_publicize_feature_enabled":true,"jetpack_social_post_already_shared":false,"jetpack_social_options":{"image_generator_settings":{"template":"highway","default_image_id":0,"font":"","enabled":false},"version":2}},"categories":[16,17],"tags":[37,44,59,65],"class_list":["post-1102","post","type-post","status-publish","format-standard","has-post-thumbnail","hentry","category-municipales","category-politica","tag-destacada","tag-elecciones-2019","tag-intendente-sanchez","tag-maria-luz-bozzani"],"jetpack_publicize_connections":[],"jetpack_featured_media_url":"https:\/\/revistaepocadigital.com.ar\/wp-content\/uploads\/2019\/01\/bozz-ml-sanc.jpg","jetpack_likes_enabled":true,"_links":{"self":[{"href":"https:\/\/revistaepocadigital.com.ar\/index.php?rest_route=\/wp\/v2\/posts\/1102","targetHints":{"allow":["GET"]}}],"collection":[{"href":"https:\/\/revistaepocadigital.com.ar\/index.php?rest_route=\/wp\/v2\/posts"}],"about":[{"href":"https:\/\/revistaepocadigital.com.ar\/index.php?rest_route=\/wp\/v2\/types\/post"}],"author":[{"embeddable":true,"href":"https:\/\/revistaepocadigital.com.ar\/index.php?rest_route=\/wp\/v2\/users\/3"}],"replies":[{"embeddable":true,"href":"https:\/\/revistaepocadigital.com.ar\/index.php?rest_route=%2Fwp%2Fv2%2Fcomments&post=1102"}],"version-history":[{"count":0,"href":"https:\/\/revistaepocadigital.com.ar\/index.php?rest_route=\/wp\/v2\/posts\/1102\/revisions"}],"wp:featuredmedia":[{"embeddable":true,"href":"https:\/\/revistaepocadigital.com.ar\/index.php?rest_route=\/wp\/v2\/media\/1106"}],"wp:attachment":[{"href":"https:\/\/revistaepocadigital.com.ar\/index.php?rest_route=%2Fwp%2Fv2%2Fmedia&parent=1102"}],"wp:term":[{"taxonomy":"category","embeddable":true,"href":"https:\/\/revistaepocadigital.com.ar\/index.php?rest_route=%2Fwp%2Fv2%2Fcategories&post=1102"},{"taxonomy":"post_tag","embeddable":true,"href":"https:\/\/revistaepocadigital.com.ar\/index.php?rest_route=%2Fwp%2Fv2%2Ftags&post=1102"}],"curies":[{"name":"wp","href":"https:\/\/api.w.org\/{rel}","templated":true}]}}