{"id":11022,"date":"2021-06-21T23:02:02","date_gmt":"2021-06-22T02:02:02","guid":{"rendered":"https:\/\/revistaepocadigital.com.ar\/?p=11022"},"modified":"2021-06-21T23:02:02","modified_gmt":"2021-06-22T02:02:02","slug":"duro-comunicado-del-movimiento-barrios-de-pie-libres-del-sur","status":"publish","type":"post","link":"https:\/\/revistaepocadigital.com.ar\/?p=11022","title":{"rendered":"Duro comunicado del Movimiento Barrios de Pie-Libres del Sur"},"content":{"rendered":"<div>\n<div class=\"q9uorilb bvz0fpym c1et5uql sf5mxxl7\">\n<div class=\"b3i9ofy5 e72ty7fz qlfml3jp inkptoze qmr60zad rq0escxv oo9gr5id q9uorilb kvgmc6g5 cxmmr5t8 oygrvhab hcukyx3x d2edcug0 jm1wdb64 l9j0dhe7 l3itjdph qv66sw1b\">\n<div class=\"tw6a2znq sj5x9vvc d1544ag0 cxgpxx05\">\n<div class=\"ecm0bbzt e5nlhep0 a8c37x1j\">\n<div class=\"kvgmc6g5 cxmmr5t8 oygrvhab hcukyx3x c1et5uql\">\n<div dir=\"auto\"><strong>&#8220;BASTA DE MENTIRAS&#8221;.COMUNICADO.<!--more--><\/strong><\/div>\n<div dir=\"auto\"><em>&#8220;Desde nuestro Movimiento Barrios de Pie Exaltacion de la Cruz, Libres del sur, Desmentimos lo publicado en este art\u00edculo<\/em> (referido a una publicaci\u00f3n del intendente Nanni en su cuenta de Facebook. donde mencion\u00f3 que el citado movimiento particip\u00f3 en las tareas de sanitizaci\u00f3n en Capilla del Se\u00f1or).<em> NO TUVIMOS PARTICIPACI\u00d3N ninguna en estas y cualquier otras tareas que lleva a cabo el Municipio de Exaltacion de la Cruz&#8221;.<\/em><\/div>\n<div dir=\"auto\"><\/div>\n<div dir=\"auto\">Luego se agreg\u00f3 en el comunicado del movimiento social: &#8220;Desde principios del 2020 venimos trabajando junto a vecinos de diferentes barrios de manera constante, humilde y con acciones claras y a pulm\u00f3n. Colaborando con entrega mercader\u00eda, ayudando a nuestros vecinos necesitados, inscripciones en planes sociales, gestiones de amparos para compa\u00f1eros que provienen de otros movimientos que los han dejado a la deriva&#8230;&#8221;.<img loading=\"lazy\" decoding=\"async\" class=\"qmr60zad e72ty7fz j1lvzwm4\" src=\"https:\/\/external-eze1-1.xx.fbcdn.net\/safe_image.php?d=AQFBDod_iYqI0sYD&amp;w=98&amp;h=98&amp;url=https%3A%2F%2Flh5.googleusercontent.com%2FonUF4UMw-4031an89CHXClXnZqpB7XeBfFjKmg8uLS2N9AlSBlfS5RqRI7c68eQY1JApx3L3vYzAwNri&amp;cfs=1&amp;tp=1&amp;ccb=3-5&amp;_nc_hash=AQG-gU2gWiUVzMPn\" alt=\"libres del sur exaltacion de la cruz\" width=\"98\" height=\"98\" \/><\/div>\n<div dir=\"auto\">&#8220;Entre otras l\u00edneas, queremos aclarar que ni el Dr Nanni y ning\u00fan representante del Municipio NUNCA se han reunido con nosotros.\u00a0Pedimos que nuestro NOMBRE BARRIOS DE PIE sea borrado de este posteo, No vamos a permitir que utilicen nuestro nombre para con fines internos lucrativos e intereses que no son mancomunados. Saludos Cordiales&#8221;.<\/div>\n<div dir=\"auto\"><\/div>\n<\/div>\n<div class=\"o9v6fnle cxmmr5t8 oygrvhab hcukyx3x c1et5uql\">\n<div dir=\"auto\">CLAUDIO ADRI\u00c1N MENDOZA<\/div>\n<div dir=\"auto\">REFERENTE GRAL LIBRES DEL SUR EXALTACION DE LA CRUZ.<\/div>\n<div dir=\"auto\"><\/div>\n<\/div>\n<\/div>\n<\/div>\n<\/div>\n<\/div>\n<\/div>\n","protected":false},"excerpt":{"rendered":"<p>&#8220;BASTA DE MENTIRAS&#8221;.COMUNICADO.<\/p>\n","protected":false},"author":4,"featured_media":11023,"comment_status":"open","ping_status":"open","sticky":false,"template":"","format":"standard","meta":{"footnotes":"","jetpack_publicize_message":"","jetpack_publicize_feature_enabled":true,"jetpack_social_post_already_shared":false,"jetpack_social_options":{"image_generator_settings":{"template":"highway","default_image_id":0,"font":"","enabled":false},"version":2}},"categories":[14],"tags":[37,1436],"class_list":["post-11022","post","type-post","status-publish","format-standard","has-post-thumbnail","hentry","category-la-gente","tag-destacada","tag-movimientos-socialees"],"jetpack_publicize_connections":[],"jetpack_featured_media_url":"https:\/\/revistaepocadigital.com.ar\/wp-content\/uploads\/2021\/06\/201360753_910599042819345_4068019652705903407_n.jpg","jetpack_likes_enabled":true,"_links":{"self":[{"href":"https:\/\/revistaepocadigital.com.ar\/index.php?rest_route=\/wp\/v2\/posts\/11022","targetHints":{"allow":["GET"]}}],"collection":[{"href":"https:\/\/revistaepocadigital.com.ar\/index.php?rest_route=\/wp\/v2\/posts"}],"about":[{"href":"https:\/\/revistaepocadigital.com.ar\/index.php?rest_route=\/wp\/v2\/types\/post"}],"author":[{"embeddable":true,"href":"https:\/\/revistaepocadigital.com.ar\/index.php?rest_route=\/wp\/v2\/users\/4"}],"replies":[{"embeddable":true,"href":"https:\/\/revistaepocadigital.com.ar\/index.php?rest_route=%2Fwp%2Fv2%2Fcomments&post=11022"}],"version-history":[{"count":0,"href":"https:\/\/revistaepocadigital.com.ar\/index.php?rest_route=\/wp\/v2\/posts\/11022\/revisions"}],"wp:featuredmedia":[{"embeddable":true,"href":"https:\/\/revistaepocadigital.com.ar\/index.php?rest_route=\/wp\/v2\/media\/11023"}],"wp:attachment":[{"href":"https:\/\/revistaepocadigital.com.ar\/index.php?rest_route=%2Fwp%2Fv2%2Fmedia&parent=11022"}],"wp:term":[{"taxonomy":"category","embeddable":true,"href":"https:\/\/revistaepocadigital.com.ar\/index.php?rest_route=%2Fwp%2Fv2%2Fcategories&post=11022"},{"taxonomy":"post_tag","embeddable":true,"href":"https:\/\/revistaepocadigital.com.ar\/index.php?rest_route=%2Fwp%2Fv2%2Ftags&post=11022"}],"curies":[{"name":"wp","href":"https:\/\/api.w.org\/{rel}","templated":true}]}}