{"id":11031,"date":"2021-06-22T14:28:45","date_gmt":"2021-06-22T17:28:45","guid":{"rendered":"https:\/\/revistaepocadigital.com.ar\/?p=11031"},"modified":"2021-06-22T14:29:10","modified_gmt":"2021-06-22T17:29:10","slug":"diplomatura-universitaria-en-gestion-y-direccion-de-organizaciones-sindicales-y-sociales","status":"publish","type":"post","link":"https:\/\/revistaepocadigital.com.ar\/?p=11031","title":{"rendered":"Diplomatura Universitaria en gesti\u00f3n y direcci\u00f3n de organizaciones sindicales y sociales"},"content":{"rendered":"<p><strong>EST\u00c1 DIRIGIDA A AQUELLOS VINCULADOS AL SINDICATO DE EMPLEADOS COMERCIO.<\/strong><!--more--><\/p>\n<p>Ac\u00e1 te ampliamos la informaci\u00f3n brindada por el Sindicato Empleados de Comercio Z\u00e1rate, acerca del dictado de la Carrera:<\/p>\n<p>&nbsp;<\/p>\n<p><img loading=\"lazy\" decoding=\"async\" class=\"aligncenter size-full wp-image-11032\" src=\"https:\/\/revistaepocadigital.com.ar\/wp-content\/uploads\/2021\/06\/si.jpg\" alt=\"\" width=\"948\" height=\"1280\" srcset=\"https:\/\/revistaepocadigital.com.ar\/wp-content\/uploads\/2021\/06\/si.jpg 948w, https:\/\/revistaepocadigital.com.ar\/wp-content\/uploads\/2021\/06\/si-222x300.jpg 222w, https:\/\/revistaepocadigital.com.ar\/wp-content\/uploads\/2021\/06\/si-889x1200.jpg 889w, https:\/\/revistaepocadigital.com.ar\/wp-content\/uploads\/2021\/06\/si-768x1037.jpg 768w, https:\/\/revistaepocadigital.com.ar\/wp-content\/uploads\/2021\/06\/si-696x940.jpg 696w, https:\/\/revistaepocadigital.com.ar\/wp-content\/uploads\/2021\/06\/si-311x420.jpg 311w, https:\/\/revistaepocadigital.com.ar\/wp-content\/uploads\/2021\/06\/si-622x840.jpg 622w\" sizes=\"auto, (max-width: 948px) 100vw, 948px\" \/><\/p>\n<p><strong>LOS REQUISITOS PARA INSCRIBIRTE SON:<\/strong><\/p>\n<p>\u2022 Nombre y apellido completo<\/p>\n<p>\u2022 DNI<\/p>\n<p>\u2022E-Mail<\/p>\n<p>\u2022Tel\u00e9fono m\u00f3vil<\/p>\n<p>Nota: Deben ser enviados por WhatsApp +54 9 3487 50 9189<\/p>\n<p>&nbsp;<\/p>\n","protected":false},"excerpt":{"rendered":"<p>EST\u00c1 DIRIGIDA A AQUELLOS VINCULADOS AL SINDICATO DE EMPLEADOS COMERCIO.<\/p>\n","protected":false},"author":3,"featured_media":11033,"comment_status":"open","ping_status":"open","sticky":false,"template":"","format":"standard","meta":{"footnotes":"","jetpack_publicize_message":"","jetpack_publicize_feature_enabled":true,"jetpack_social_post_already_shared":false,"jetpack_social_options":{"image_generator_settings":{"template":"highway","default_image_id":0,"font":"","enabled":false},"version":2}},"categories":[151],"tags":[37,1437,204],"class_list":["post-11031","post","type-post","status-publish","format-standard","has-post-thumbnail","hentry","category-empleados-de-comercio","tag-destacada","tag-diplomatura","tag-empleados-de-comercio"],"jetpack_publicize_connections":[],"jetpack_featured_media_url":"https:\/\/revistaepocadigital.com.ar\/wp-content\/uploads\/2021\/06\/osescac3.jpg","jetpack_likes_enabled":true,"_links":{"self":[{"href":"https:\/\/revistaepocadigital.com.ar\/index.php?rest_route=\/wp\/v2\/posts\/11031","targetHints":{"allow":["GET"]}}],"collection":[{"href":"https:\/\/revistaepocadigital.com.ar\/index.php?rest_route=\/wp\/v2\/posts"}],"about":[{"href":"https:\/\/revistaepocadigital.com.ar\/index.php?rest_route=\/wp\/v2\/types\/post"}],"author":[{"embeddable":true,"href":"https:\/\/revistaepocadigital.com.ar\/index.php?rest_route=\/wp\/v2\/users\/3"}],"replies":[{"embeddable":true,"href":"https:\/\/revistaepocadigital.com.ar\/index.php?rest_route=%2Fwp%2Fv2%2Fcomments&post=11031"}],"version-history":[{"count":0,"href":"https:\/\/revistaepocadigital.com.ar\/index.php?rest_route=\/wp\/v2\/posts\/11031\/revisions"}],"wp:featuredmedia":[{"embeddable":true,"href":"https:\/\/revistaepocadigital.com.ar\/index.php?rest_route=\/wp\/v2\/media\/11033"}],"wp:attachment":[{"href":"https:\/\/revistaepocadigital.com.ar\/index.php?rest_route=%2Fwp%2Fv2%2Fmedia&parent=11031"}],"wp:term":[{"taxonomy":"category","embeddable":true,"href":"https:\/\/revistaepocadigital.com.ar\/index.php?rest_route=%2Fwp%2Fv2%2Fcategories&post=11031"},{"taxonomy":"post_tag","embeddable":true,"href":"https:\/\/revistaepocadigital.com.ar\/index.php?rest_route=%2Fwp%2Fv2%2Ftags&post=11031"}],"curies":[{"name":"wp","href":"https:\/\/api.w.org\/{rel}","templated":true}]}}