{"id":11037,"date":"2021-06-22T17:24:10","date_gmt":"2021-06-22T20:24:10","guid":{"rendered":"https:\/\/revistaepocadigital.com.ar\/?p=11037"},"modified":"2021-06-22T17:26:31","modified_gmt":"2021-06-22T20:26:31","slug":"nuevo-gerente-general-en-eden","status":"publish","type":"post","link":"https:\/\/revistaepocadigital.com.ar\/?p=11037","title":{"rendered":"Nuevo gerente general en EDEN"},"content":{"rendered":"<p dir=\"ltr\"><strong>EL 15 DE JUNIO ASUMI\u00d3.<\/strong><!--more--><\/p>\n<p dir=\"ltr\">El contador Federico M\u00e1rquez asumi\u00f3 como Gerente General de EDEN; reemplaz\u00f3 en el cargo a Dami\u00e1n Sanfilippo, quien por su parte pas\u00f3 a desempe\u00f1arse como Director de Supply Chain en Desarrolladora Energ\u00e9tica S.A., Grupo al que la distribuidora pertenece.<\/p>\n<p dir=\"ltr\">Federico M\u00e1rquez, de 45 a\u00f1os de edad, cuenta con una larga experiencia de gesti\u00f3n en la compa\u00f1\u00eda. Se desempe\u00f1\u00f3 como Gerente de Administraci\u00f3n, Finanzas y Control de Gesti\u00f3n en EDEN desde 2013 hasta la fecha.<\/p>\n<p dir=\"ltr\">Graduado en la UBA como Contador P\u00fablico Nacional y con un MBA de la misma casa de altos estudios, cuenta con m\u00e1s de 15 a\u00f1os de trayectoria en el sector el\u00e9ctrico. Ocup\u00f3 la posici\u00f3n de Gerente de Administraci\u00f3n y Finanzas en Empresa Distribuidora de Energ\u00eda Sur S.A. (EDES), y la de Gerente de Auditor\u00eda Interna y Procesos en EDEN y EDES.<\/p>\n<p dir=\"ltr\"><em>\u201cLa posici\u00f3n de Gerente General queda en las mejores manos, de eso estoy seguro. Federico liderar\u00e1 la compa\u00f1\u00eda con toda su experiencia en la gesti\u00f3n y, sobre todo, con la calidez humana que lo caracteriza y que define a EDEN como equipo<\/em>\u201d, y agreg\u00f3<em> \u201cdesde mi nuevo rol, seguir\u00e9 aportando a la gesti\u00f3n tanto de EDEN como de todas las empresas del Grupo, con foco en seguir creciendo y consolid\u00e1ndonos\u201d,<\/em> sostuvo Sanfilippo.<\/p>\n<p dir=\"ltr\">Federico M\u00e1rquez, por su parte, dijo: \u201c<em>Agradezco a Dami\u00e1n por esta oportunidad. Es un gran desaf\u00edo para m\u00ed desde lo profesional y lo personal. Vamos a seguir trabajando con toda la energ\u00eda y el esfuerzo, como siempre, dando todo para que esta compa\u00f1\u00eda que tanto queremos siga creciendo. Somos un gran equipo y vamos a seguir demostr\u00e1ndolo\u201d.<\/em><\/p>\n<p dir=\"ltr\">\n","protected":false},"excerpt":{"rendered":"<p>EL 15 DE JUNIO ASUMI\u00d3.<\/p>\n","protected":false},"author":3,"featured_media":11038,"comment_status":"open","ping_status":"open","sticky":false,"template":"","format":"standard","meta":{"footnotes":"","jetpack_publicize_message":"","jetpack_publicize_feature_enabled":true,"jetpack_social_post_already_shared":false,"jetpack_social_options":{"image_generator_settings":{"template":"highway","default_image_id":0,"font":"","enabled":false},"version":2}},"categories":[11],"tags":[39,1438],"class_list":["post-11037","post","type-post","status-publish","format-standard","has-post-thumbnail","hentry","category-entidades","tag-eden","tag-nuevo-gerente"],"jetpack_publicize_connections":[],"jetpack_featured_media_url":"https:\/\/revistaepocadigital.com.ar\/wp-content\/uploads\/2021\/06\/Federico-Marquez-EDEN-foto-1.jpg","jetpack_likes_enabled":true,"_links":{"self":[{"href":"https:\/\/revistaepocadigital.com.ar\/index.php?rest_route=\/wp\/v2\/posts\/11037","targetHints":{"allow":["GET"]}}],"collection":[{"href":"https:\/\/revistaepocadigital.com.ar\/index.php?rest_route=\/wp\/v2\/posts"}],"about":[{"href":"https:\/\/revistaepocadigital.com.ar\/index.php?rest_route=\/wp\/v2\/types\/post"}],"author":[{"embeddable":true,"href":"https:\/\/revistaepocadigital.com.ar\/index.php?rest_route=\/wp\/v2\/users\/3"}],"replies":[{"embeddable":true,"href":"https:\/\/revistaepocadigital.com.ar\/index.php?rest_route=%2Fwp%2Fv2%2Fcomments&post=11037"}],"version-history":[{"count":0,"href":"https:\/\/revistaepocadigital.com.ar\/index.php?rest_route=\/wp\/v2\/posts\/11037\/revisions"}],"wp:featuredmedia":[{"embeddable":true,"href":"https:\/\/revistaepocadigital.com.ar\/index.php?rest_route=\/wp\/v2\/media\/11038"}],"wp:attachment":[{"href":"https:\/\/revistaepocadigital.com.ar\/index.php?rest_route=%2Fwp%2Fv2%2Fmedia&parent=11037"}],"wp:term":[{"taxonomy":"category","embeddable":true,"href":"https:\/\/revistaepocadigital.com.ar\/index.php?rest_route=%2Fwp%2Fv2%2Fcategories&post=11037"},{"taxonomy":"post_tag","embeddable":true,"href":"https:\/\/revistaepocadigital.com.ar\/index.php?rest_route=%2Fwp%2Fv2%2Ftags&post=11037"}],"curies":[{"name":"wp","href":"https:\/\/api.w.org\/{rel}","templated":true}]}}